{"id":30805,"date":"2024-05-28T09:27:01","date_gmt":"2024-05-28T07:27:01","guid":{"rendered":"https:\/\/turysta2.pttk.pl\/?p=30805"},"modified":"2024-09-20T13:18:28","modified_gmt":"2024-09-20T11:18:28","slug":"xxxv-seminarium-krajoznawcze-wojska-polskiego","status":"publish","type":"post","link":"https:\/\/turysta2.pttk.pl\/?p=30805","title":{"rendered":"XXXV Seminarium Krajoznawcze Wojska Polskiego"},"content":{"rendered":"<p><strong>Szlakiem Walk Samodzielnej Grupy Operacyjnej \u201ePolesie\u201d.<\/strong><\/p>\n<p>18\u201321 kwietnia 2024 roku 19. Lubelska Brygada Zmechanizowana go\u015bci\u0142a turyst\u00f3w wojskowych, uczestnicz\u0105cych w XXXV Seminarium Krajoznawczym Wojska Polskiego. Seminarium jest cyklicznym przedsi\u0119wzi\u0119ciem turystyczno-krajoznawczym adresowanym szczeg\u00f3lnie do turyst\u00f3w ze \u015brodowiska wojskowego. Tym razem jego celem by\u0142o kszta\u0142towanie warto\u015bci patriotycznych i popularyzowanie historii, tradycji i dziej\u00f3w or\u0119\u017ca polskiego w \u015brodowisku wojskowym, ze szczeg\u00f3lnym uwzgl\u0119dnieniem tradycji jednostek wojskowych Garnizonu Lublin, wzbogacenie wiedzy w zakresie historii walk w wojnie obronnej 1939 roku w okolicach Lublina oraz dzia\u0142a\u0144 Samodzielnej Grupy Operacyjnej \u201ePolesie\u201d gen. dyw. Franciszka Kleeberga, upami\u0119tnienie ofiar Niemieckiego Nazistowskiego Obozu Koncentracyjnego i Zag\u0142ady w Majdanku, ukazanie walor\u00f3w krajoznawczo-turystycznych Lublina i Lubelszczyzny oraz doskonalenie wiedzy w zakresie metodyki organizacji podr\u00f3\u017cy historyczno-wojskowych.<\/p>\n<p>Zacz\u0119li\u015bmy od zwiedzania Sali Tradycji 19. Lubelskiej Brygady Zmechanizowanej im. gen. dyw. Franciszka Kleeberga. Z postaci\u0105 patrona zapozna\u0142 Zast\u0119pca Dow\u00f3dcy Brygady \u2013 p\u0142k Marcin Dusza. Szczeg\u00f3lnie wskaza\u0142 na jego ostatni rozkaz z 5 pa\u017adziernika 1939 roku:<\/p>\n<p><em>\u017bo\u0142nierze z dalekiego Polesia, znad Narwi, z jednostek, kt\u00f3re si\u0119 opar\u0142y w Kowlu demoralizacji \u2013 zebra\u0142em Was pod swoj\u0105 komend\u0119, by walczy\u0107 do ko\u0144ca. <\/em><em>Chcia\u0142em i\u015b\u0107 najpierw na po\u0142udnie \u2013 gdy to si\u0119 sta\u0142o niemo\u017cliwe \u2013 nie\u015b\u0107 pomoc Warszawie. Warszawa pad\u0142a, nim doszli\u015bmy. Mimo to nie stracili\u015bmy nadziei i walczyli\u015bmy dalej, najpierw z bolszewikami, a nast\u0119pnie w 5-dniowej bitwie pod Serokoml\u0105 z Niemcami. <\/em><em>Wykazali\u015bcie hart i odwag\u0119 w czasie zw\u0105tpie\u0144 i dochowali\u015bcie wierno\u015bci Ojczy\u017anie do ko\u0144ca. <\/em><em>Dzi\u015b jeste\u015bmy otoczeni, a amunicja i \u017cywno\u015b\u0107 na wyczerpaniu. Dalsza walka nie rokuje nadziei, a tylko rozleje krew \u017co\u0142niersk\u0105, kt\u00f3ra jeszcze przyda\u0107 si\u0119 mo\u017ce. <\/em><em>Przywilejem dow\u00f3dcy jest bra\u0107 odpowiedzialno\u015b\u0107 na siebie. Dzi\u015b bior\u0119 j\u0105 w tej najci\u0119\u017cszej chwili \u2013 ka\u017c\u0105c zaprzesta\u0107 dalszej bezcelowej walki, by nie przelewa\u0107 krwi \u017co\u0142nierskiej nadaremnie. Dzi\u0119kuj\u0119 Wam za Wasze m\u0119stwo i Wasz\u0105 karno\u015b\u0107, wiem, \u017ce staniecie, gdy b\u0119dziecie potrzebni. <\/em><em>Jeszcze Polska nie zgin\u0119\u0142a.<br \/>\n<\/em><em>Dow\u00f3dca S.G.O. Polesie<br \/>\n<\/em><em>KLEEBERG<br \/>\n<\/em><em>Gen. bryg.<\/em><\/p>\n<p>Uczestnikami spotkania byli tury\u015bci i krajoznawcy z wojskowych oddzia\u0142\u00f3w, k\u00f3\u0142 i klub\u00f3w PTTK. Mieli oni okazj\u0119 pozna\u0107 Lublin i jego histori\u0119. Zwiedzali m.in. Stare Miasto, Pa\u0144stwowe Muzeum na Majdanku \u2013 Niemiecki Nazistowski Ob\u00f3z Koncentracyjny i Zag\u0142ady, Archikatedr\u0119 Lubelsk\u0105, Zamek Lubelski oraz Dom \u017bo\u0142nierza im. Marsza\u0142ka J\u00f3zefa Pi\u0142sudskiego. Z du\u017cym zainteresowaniem wys\u0142uchali r\u00f3wnie\u017c dw\u00f3ch prelekcji. Pierwsza dotyczy\u0142a historii Garnizonu Lublin w 550. rocznic\u0119 utworzenia wojew\u00f3dztwa lubelskiego, a prelegentem by\u0142 kol. Tadeusz Sobieszek. Kolejna to \u201eHistoria Lotniczego Lublina\u201d zaprezentowana przez gen. bryg. w st. spocz. pil. dr. in\u017c. Ryszarda Hacia.<\/p>\n<p>Wyjazd wojskowych turyst\u00f3w do Kocka i Woli Gu\u0142owskiej pozwoli\u0142 zapozna\u0107 ich z histori\u0105 walk wojny obronnej 1939 roku w okolicach Lublina oraz dzia\u0142a\u0144 Samodzielnej Grupy Operacyjnej \u201ePolesie\u201d. Z przebiegiem bitwy pod Kockiem zapoznawa\u0142a pani Monika Zaremba. Uczestnicy wydarzenia mieli okazj\u0119 sp\u0119dzi\u0107 czas w mi\u0142ej, artystycznej atmosferze w trakcie biesiady turystycznej podczas kt\u00f3rej zaprezentowa\u0142a si\u0119 kapela \u201eDREWUTNIA\u201d oraz dwaj arty\u015bci z Akademii Sztukmistrz\u00f3w \u2013 wszyscy dzia\u0142aj\u0105cy w Klubie 19. Lubelskiej Brygady Zmechanizowanej.<\/p>\n<p><em>Tekst<\/em> <strong>Andrzej Ptasi\u0144ski<\/strong><\/p>\n<div id=\"attachment_30809\" style=\"width: 393px\" class=\"wp-caption alignnone\"><a href=\"https:\/\/turysta2.pttk.pl\/wp-content\/uploads\/2024\/05\/W-Kocku-fot.-Elzbieta-Kaznowska-Maciazek-scaled.jpg\"><img loading=\"lazy\" decoding=\"async\" aria-describedby=\"caption-attachment-30809\" class=\" wp-image-30809\" src=\"https:\/\/turysta2.pttk.pl\/wp-content\/uploads\/2024\/05\/W-Kocku-fot.-Elzbieta-Kaznowska-Maciazek-300x137.jpg\" alt=\"\" width=\"383\" height=\"175\" srcset=\"https:\/\/turysta2.pttk.pl\/wp-content\/uploads\/2024\/05\/W-Kocku-fot.-Elzbieta-Kaznowska-Maciazek-300x137.jpg 300w, https:\/\/turysta2.pttk.pl\/wp-content\/uploads\/2024\/05\/W-Kocku-fot.-Elzbieta-Kaznowska-Maciazek-1024x466.jpg 1024w, https:\/\/turysta2.pttk.pl\/wp-content\/uploads\/2024\/05\/W-Kocku-fot.-Elzbieta-Kaznowska-Maciazek-768x350.jpg 768w, https:\/\/turysta2.pttk.pl\/wp-content\/uploads\/2024\/05\/W-Kocku-fot.-Elzbieta-Kaznowska-Maciazek-1536x699.jpg 1536w, https:\/\/turysta2.pttk.pl\/wp-content\/uploads\/2024\/05\/W-Kocku-fot.-Elzbieta-Kaznowska-Maciazek-2048x933.jpg 2048w\" sizes=\"auto, (max-width: 383px) 100vw, 383px\" \/><\/a><p id=\"caption-attachment-30809\" class=\"wp-caption-text\">Grupa na Cmentarzu Wojennym w Kocku<\/p><\/div>\n","protected":false},"excerpt":{"rendered":"Szlakiem Walk Samodzielnej Grupy Operacyjnej \u201ePolesie\u201d. 18\u201321 kwietnia 2024 roku 19. Lubelska Brygada Zmechanizowana go\u015bci\u0142a turyst\u00f3w wojskowych, uczestnicz\u0105cych w XXXV Seminarium Krajoznawczym Wojska Polskiego. Seminarium jest cyklicznym przedsi\u0119wzi\u0119ciem turystyczno-krajoznawczym adresowanym szczeg\u00f3lnie do turyst\u00f3w ze \u015brodowiska wojskowego. Tym razem jego celem by\u0142o kszta\u0142towanie warto\u015bci patriotycznych i popularyzowanie historii, tradycji i dziej\u00f3w or\u0119\u017ca polskiego w \u015brodowisku wojskowym, ze szczeg\u00f3lnym uwzgl\u0119dnieniem tradycji jednostek&nbsp;<a href=\"https:\/\/turysta2.pttk.pl\/?p=30805\" class=\"read-more\">Continue Reading<\/a>","protected":false},"author":13,"featured_media":30811,"comment_status":"closed","ping_status":"closed","sticky":false,"template":"","format":"standard","meta":{"footnotes":""},"categories":[93,9],"tags":[],"class_list":["post-30805","post","type-post","status-publish","format-standard","has-post-thumbnail","hentry","category-aktualnosci","category-warto-wiedziec","cat-93-id","cat-9-id"],"aioseo_notices":[],"_links":{"self":[{"href":"https:\/\/turysta2.pttk.pl\/index.php?rest_route=\/wp\/v2\/posts\/30805","targetHints":{"allow":["GET"]}}],"collection":[{"href":"https:\/\/turysta2.pttk.pl\/index.php?rest_route=\/wp\/v2\/posts"}],"about":[{"href":"https:\/\/turysta2.pttk.pl\/index.php?rest_route=\/wp\/v2\/types\/post"}],"author":[{"embeddable":true,"href":"https:\/\/turysta2.pttk.pl\/index.php?rest_route=\/wp\/v2\/users\/13"}],"replies":[{"embeddable":true,"href":"https:\/\/turysta2.pttk.pl\/index.php?rest_route=%2Fwp%2Fv2%2Fcomments&post=30805"}],"version-history":[{"count":5,"href":"https:\/\/turysta2.pttk.pl\/index.php?rest_route=\/wp\/v2\/posts\/30805\/revisions"}],"predecessor-version":[{"id":30871,"href":"https:\/\/turysta2.pttk.pl\/index.php?rest_route=\/wp\/v2\/posts\/30805\/revisions\/30871"}],"wp:featuredmedia":[{"embeddable":true,"href":"https:\/\/turysta2.pttk.pl\/index.php?rest_route=\/wp\/v2\/media\/30811"}],"wp:attachment":[{"href":"https:\/\/turysta2.pttk.pl\/index.php?rest_route=%2Fwp%2Fv2%2Fmedia&parent=30805"}],"wp:term":[{"taxonomy":"category","embeddable":true,"href":"https:\/\/turysta2.pttk.pl\/index.php?rest_route=%2Fwp%2Fv2%2Fcategories&post=30805"},{"taxonomy":"post_tag","embeddable":true,"href":"https:\/\/turysta2.pttk.pl\/index.php?rest_route=%2Fwp%2Fv2%2Ftags&post=30805"}],"curies":[{"name":"wp","href":"https:\/\/api.w.org\/{rel}","templated":true}]}}