{"id":30789,"date":"2024-05-28T09:19:37","date_gmt":"2024-05-28T07:19:37","guid":{"rendered":"https:\/\/turysta2.pttk.pl\/?p=30789"},"modified":"2024-05-28T09:19:37","modified_gmt":"2024-05-28T07:19:37","slug":"96-lat-oddzialu-morskiego-ptk-pttk-gdyni-minelo","status":"publish","type":"post","link":"https:\/\/turysta2.pttk.pl\/?p=30789","title":{"rendered":"96 lat Oddzia\u0142u Morskiego PTK \u2013 PTTK Gdyni min\u0119\u0142o"},"content":{"rendered":"<p>3 maja 1928 roku powo\u0142ano w Gdyni Oddzia\u0142 Morski Polskiego Towarzystwa Krajoznawczego. Od 96 lat Oddzia\u0142 nosi nazw\u0119 MORSKI, cho\u0107 dzi\u015b nie dzia\u0142aj\u0105 ju\u017c kluby \u015bci\u015ble zwi\u0105zane z morzem, m.in. Klub \u017beglarski \u201eFregata\u201d, Klub P\u0142etwonurk\u00f3w \u201eKoral\u201d, Klub Podwodny \u201eMEDUZA\u201d, Klub Wodny \u201eWikingi\u201d czy Speleoklub Morski. Obecnie tematyk\u0105 morsk\u0105 zajmuj\u0105 si\u0119 g\u0142\u00f3wnie kluby krajoznawcze \u201eBLIZA\u201d i \u201eWRZOS\u201d oraz Pomorski Klub Podr\u00f3\u017cnika. 3 maja 1988 roku z okazji jubileuszu 60-lecia, Oddzia\u0142 otrzyma\u0142 sw\u00f3j sztandar PTTK i wybity na t\u0119 okazj\u0119 medal. Pierwszym prezesem Oddzia\u0142u w 1928 roku zosta\u0142 Wac\u0142aw G\u0142ogowski, a od 2022 roku funkcj\u0119 t\u0119 pe\u0142ni Pawe\u0142 Wysocki. Do chwili obecnej prezesami Oddzia\u0142u by\u0142o 19 pan\u00f3w i dwie panie.<\/p>\n<p>Rokrocznie w dniach 1\u20133 maja Oddzia\u0142 organizuje jubileuszowe trzydni\u00f3wki krajoznawcze. W pierwsze dwa dni przygotowujemy wycieczki krajoznawcze na Pobrze\u017ce Kaszubskie od Gda\u0144ska przez Sopot i Gdyni\u0119 do Rewy, a cz\u0119sto do Pucka. Zaliczamy nasze pi\u0119kne mola w Gda\u0144sku Brze\u017anie, Sopocie, Gdyni Or\u0142owie, Mechelinkach i Pucku. Trasy wiod\u0105 g\u0142\u00f3wnie brzegiem morza i parkami nadmorskimi. Molo gda\u0144skie zosta\u0142o zbudowane w latach 1993\u20131996 i otwarte 19 lipca 1996 roku. Ma 136 metr\u00f3w d\u0142ugo\u015bci i 7,2 metra szeroko\u015bci, cho\u0107 s\u0105 plany przed\u0142u\u017cenia go o kolejne 126 metr\u00f3w. Molo sopockie im. Jana Paw\u0142a II to najd\u0142u\u017csze molo nad Morzem Ba\u0142tyckim. Cz\u0119\u015b\u0107 spacerowa ma 511,5 m, z czego 458 m wchodzi w g\u0142\u0105b Zatoki Gda\u0144skiej<strong>.\u00a0<\/strong>Jest jedn\u0105 z najwi\u0119kszych atrakcji miasta. Pierwsze molo gdy\u0144skie w Gdyni Or\u0142owie powsta\u0142o w latach 20. XX wieku i mia\u0142o d\u0142ugo\u015b\u0107 115 m. Rozbudowane w 1934 roku zwi\u0119kszy\u0142o swoj\u0105 d\u0142ugo\u015b\u0107 do 430 m. W 1949 roku pot\u0119\u017cny sztorm zdewastowa\u0142 ponad po\u0142ow\u0119 mola, kt\u00f3re w 1953 roku odremontowano na d\u0142ugo\u015bci 180. Molo w Mechelinkach zosta\u0142o wybudowane w 2014 roku. Drewniany pomost spacerowy ma d\u0142ugo\u015b\u0107 180 metr\u00f3w, mo\u017cna si\u0119 na niego dosta\u0107 bezpo\u015brednio z pla\u017cy w Mechelinkach.<\/p>\n<p>W tym roku przeszli\u015bmy w dniach 1 i 2 maja ponad 35 km. W dniu urodzin, 3 maja, Oddzia\u0142 wzi\u0105\u0142 udzia\u0142 w obchodach \u015bwi\u0119ta Konstytucji 3 Maja. Najpierw ze sztandarem Oddzia\u0142u uczestniczyli\u015bmy na mszy \u015bwi\u0119tej, a potem byli\u015bmy przy pomniku Konstytucji 3 Maja na obchodach patriotycznych. Po z\u0142o\u017ceniu kwiat\u00f3w pod pomnikiem odby\u0142o si\u0119 spotkanie kole\u017ce\u0144skie w Gdy\u0144skim Centrum Organizacji Pozarz\u0105dowych, dawnej siedzibie Oddzia\u0142u. Po powitaniu uczestnik\u00f3w jubileuszowego spotkania przez Paw\u0142a Wysockiego, prezesa Oddzia\u0142u, g\u0142os zabra\u0142 Ryszard J\u00f3zef Wrzosek, Honorowy Prezes Oddzia\u0142u Morskiego i Cz\u0142onek Honorowy PTTK, kt\u00f3ry przybli\u017cy\u0142 histori\u0119 96 lat gdy\u0144skiego Oddzia\u0142u, obecnie najstarszej jednostki PTTK na Pomorzu. Wspomnieniom z dzia\u0142alno\u015bci Oddzia\u0142u nie by\u0142o ko\u0144ca, bowiem najstarsi cz\u0142onkowie przypominali swoje przygody nie tylko na ziemi pomorskiej, ale w ca\u0142ej Polsce i Europie. Przy kawie i s\u0142odyczach rozmawiali\u015bmy nie tylko o sukcesach naszego Oddzia\u0142u, ale tak\u017ce i o trudnych chwilach w dzia\u0142alno\u015bci Oddzia\u0142u, kiedy stracili\u015bmy swoj\u0105 siedzib\u0119, kt\u00f3r\u0105 pozyskali\u015bmy od miasta w 1959 roku. Dzi\u0119ki skutecznej dzia\u0142alno\u015bci obecnego Zarz\u0105du Oddzia\u0142u Morskiego PTTK w tym roku wychodzimy z kryzysu finansowego. Nakre\u015blony program realizuje z powodzeniem 10 klub\u00f3w turystycznych i krajoznawczych, licz\u0105cych blisko dwustu cz\u0142onk\u00f3w PTTK.<\/p>\n<p><strong><em>Alicja Teresa Wrzosek<br \/>\n<\/em><\/strong>Prezes Klubu Krajoznawczego \u201eBLIZA\u201d OM PTTK w Gdyni, Cz\u0142onek Honorowy PTTK<\/p>\n<p>&nbsp;<\/p>\n<div id=\"attachment_30791\" style=\"width: 310px\" class=\"wp-caption alignnone\"><a href=\"https:\/\/turysta2.pttk.pl\/wp-content\/uploads\/2024\/05\/1.-Molo-w-Gdansku-Brzeznie-scaled.jpg\"><img loading=\"lazy\" decoding=\"async\" aria-describedby=\"caption-attachment-30791\" class=\"size-medium wp-image-30791\" src=\"https:\/\/turysta2.pttk.pl\/wp-content\/uploads\/2024\/05\/1.-Molo-w-Gdansku-Brzeznie-300x225.jpg\" alt=\"\" width=\"300\" height=\"225\" srcset=\"https:\/\/turysta2.pttk.pl\/wp-content\/uploads\/2024\/05\/1.-Molo-w-Gdansku-Brzeznie-300x225.jpg 300w, https:\/\/turysta2.pttk.pl\/wp-content\/uploads\/2024\/05\/1.-Molo-w-Gdansku-Brzeznie-1024x768.jpg 1024w, https:\/\/turysta2.pttk.pl\/wp-content\/uploads\/2024\/05\/1.-Molo-w-Gdansku-Brzeznie-768x576.jpg 768w, https:\/\/turysta2.pttk.pl\/wp-content\/uploads\/2024\/05\/1.-Molo-w-Gdansku-Brzeznie-1536x1152.jpg 1536w, https:\/\/turysta2.pttk.pl\/wp-content\/uploads\/2024\/05\/1.-Molo-w-Gdansku-Brzeznie-2048x1536.jpg 2048w, https:\/\/turysta2.pttk.pl\/wp-content\/uploads\/2024\/05\/1.-Molo-w-Gdansku-Brzeznie-200x150.jpg 200w\" sizes=\"auto, (max-width: 300px) 100vw, 300px\" \/><\/a><p id=\"caption-attachment-30791\" class=\"wp-caption-text\">Uczestnicy na molo w Gda\u0144sku Brze\u017anie<\/p><\/div>\n<div id=\"attachment_30793\" style=\"width: 310px\" class=\"wp-caption alignnone\"><a href=\"https:\/\/turysta2.pttk.pl\/wp-content\/uploads\/2024\/05\/8.-W-Klubie-GCOP-w-Gdyni-scaled.jpg\"><img loading=\"lazy\" decoding=\"async\" aria-describedby=\"caption-attachment-30793\" class=\"size-medium wp-image-30793\" src=\"https:\/\/turysta2.pttk.pl\/wp-content\/uploads\/2024\/05\/8.-W-Klubie-GCOP-w-Gdyni-300x225.jpg\" alt=\"\" width=\"300\" height=\"225\" srcset=\"https:\/\/turysta2.pttk.pl\/wp-content\/uploads\/2024\/05\/8.-W-Klubie-GCOP-w-Gdyni-300x225.jpg 300w, https:\/\/turysta2.pttk.pl\/wp-content\/uploads\/2024\/05\/8.-W-Klubie-GCOP-w-Gdyni-1024x768.jpg 1024w, https:\/\/turysta2.pttk.pl\/wp-content\/uploads\/2024\/05\/8.-W-Klubie-GCOP-w-Gdyni-768x576.jpg 768w, https:\/\/turysta2.pttk.pl\/wp-content\/uploads\/2024\/05\/8.-W-Klubie-GCOP-w-Gdyni-1536x1152.jpg 1536w, https:\/\/turysta2.pttk.pl\/wp-content\/uploads\/2024\/05\/8.-W-Klubie-GCOP-w-Gdyni-2048x1536.jpg 2048w, https:\/\/turysta2.pttk.pl\/wp-content\/uploads\/2024\/05\/8.-W-Klubie-GCOP-w-Gdyni-200x150.jpg 200w\" sizes=\"auto, (max-width: 300px) 100vw, 300px\" \/><\/a><p id=\"caption-attachment-30793\" class=\"wp-caption-text\">Spotkanie w Klubie GCOP w Gdyni<\/p><\/div>\n<p>&nbsp;<\/p>\n","protected":false},"excerpt":{"rendered":"3 maja 1928 roku powo\u0142ano w Gdyni Oddzia\u0142 Morski Polskiego Towarzystwa Krajoznawczego. Od 96 lat Oddzia\u0142 nosi nazw\u0119 MORSKI, cho\u0107 dzi\u015b nie dzia\u0142aj\u0105 ju\u017c kluby \u015bci\u015ble zwi\u0105zane z morzem, m.in. Klub \u017beglarski \u201eFregata\u201d, Klub P\u0142etwonurk\u00f3w \u201eKoral\u201d, Klub Podwodny \u201eMEDUZA\u201d, Klub Wodny \u201eWikingi\u201d czy Speleoklub Morski. Obecnie tematyk\u0105 morsk\u0105 zajmuj\u0105 si\u0119 g\u0142\u00f3wnie kluby krajoznawcze \u201eBLIZA\u201d i \u201eWRZOS\u201d oraz Pomorski Klub Podr\u00f3\u017cnika.&nbsp;<a href=\"https:\/\/turysta2.pttk.pl\/?p=30789\" class=\"read-more\">Continue Reading<\/a>","protected":false},"author":13,"featured_media":30795,"comment_status":"closed","ping_status":"closed","sticky":false,"template":"","format":"standard","meta":{"footnotes":""},"categories":[93,9],"tags":[],"class_list":["post-30789","post","type-post","status-publish","format-standard","has-post-thumbnail","hentry","category-aktualnosci","category-warto-wiedziec","cat-93-id","cat-9-id"],"aioseo_notices":[],"_links":{"self":[{"href":"https:\/\/turysta2.pttk.pl\/index.php?rest_route=\/wp\/v2\/posts\/30789","targetHints":{"allow":["GET"]}}],"collection":[{"href":"https:\/\/turysta2.pttk.pl\/index.php?rest_route=\/wp\/v2\/posts"}],"about":[{"href":"https:\/\/turysta2.pttk.pl\/index.php?rest_route=\/wp\/v2\/types\/post"}],"author":[{"embeddable":true,"href":"https:\/\/turysta2.pttk.pl\/index.php?rest_route=\/wp\/v2\/users\/13"}],"replies":[{"embeddable":true,"href":"https:\/\/turysta2.pttk.pl\/index.php?rest_route=%2Fwp%2Fv2%2Fcomments&post=30789"}],"version-history":[{"count":2,"href":"https:\/\/turysta2.pttk.pl\/index.php?rest_route=\/wp\/v2\/posts\/30789\/revisions"}],"predecessor-version":[{"id":30799,"href":"https:\/\/turysta2.pttk.pl\/index.php?rest_route=\/wp\/v2\/posts\/30789\/revisions\/30799"}],"wp:featuredmedia":[{"embeddable":true,"href":"https:\/\/turysta2.pttk.pl\/index.php?rest_route=\/wp\/v2\/media\/30795"}],"wp:attachment":[{"href":"https:\/\/turysta2.pttk.pl\/index.php?rest_route=%2Fwp%2Fv2%2Fmedia&parent=30789"}],"wp:term":[{"taxonomy":"category","embeddable":true,"href":"https:\/\/turysta2.pttk.pl\/index.php?rest_route=%2Fwp%2Fv2%2Fcategories&post=30789"},{"taxonomy":"post_tag","embeddable":true,"href":"https:\/\/turysta2.pttk.pl\/index.php?rest_route=%2Fwp%2Fv2%2Ftags&post=30789"}],"curies":[{"name":"wp","href":"https:\/\/api.w.org\/{rel}","templated":true}]}}