{"id":30755,"date":"2024-03-22T09:56:46","date_gmt":"2024-03-22T07:56:46","guid":{"rendered":"https:\/\/turysta2.pttk.pl\/?p=30755"},"modified":"2024-03-22T09:56:46","modified_gmt":"2024-03-22T07:56:46","slug":"mlochow-palac-z-ziemniakiem-w-tle","status":"publish","type":"post","link":"https:\/\/turysta2.pttk.pl\/?p=30755","title":{"rendered":"M\u0142och\u00f3w \u2013 pa\u0142ac z ziemniakiem w tle"},"content":{"rendered":"<p><strong>Po\u0142o\u017cony na skraju Las\u00f3w M\u0142ochowskich M\u0142o\u00adch\u00f3w zach\u0119ca do wizyty urokliwym klasycy\u00adstycznym pa\u0142acem wzniesionym dla nie\u015blubnej c\u00f3rki ostatniego polskiego kr\u00f3la oraz atrakcyjnym parkiem ze stawami. Od lat prowadzi si\u0119 tu bada\u00adnia nad jednym z naszych ulubionych warzyw \u2013 ziemniakiem. <\/strong><\/p>\n<p>M\u0142och\u00f3w le\u017cy w gminie Nadarzyn, oko\u0142o 18 km na po\u0142udnie od powiatowego Pruszkowa. W \u017ar\u00f3\u00add\u0142ach pisanych wymieniany jest rok 1406, kiedy to nale\u017ca\u0142 do M\u0142ochowskich herbu Belina. Dobra M\u0142ochowskie pozostawa\u0142y w r\u0119kach jednej ary\u00adstokratycznej rodziny przez 176 lat. Wprawdzie nazwiska w\u0142a\u015bcicieli s\u0105 r\u00f3\u017cne, ale powodem takiego stanu by\u0142o to, \u017ce w kolejnych pokoleniach rodzi\u0142y si\u0119 same c\u00f3rki, kt\u00f3re przyjmowa\u0142y nazwi\u00adska swoich m\u0119\u017c\u00f3w: Kwilecki, Zawisza, Krasi\u0144ski i Radziwi\u0142\u0142. Maj\u0105tek M\u0142och\u00f3w w 1761 roku zosta\u0142 kupiony przez Macieja Leona Sobolewskiego. W latach 1807\u20131825, dla jego syna Walentego i jego \u017cony Izabeli (nie\u015blubnej c\u00f3rki kr\u00f3la Stanis\u0142awa Augusta Poniatowskiego), wzniesiono w stylu kla\u00adsycystycznym, wed\u0142ug projektu Jakuba Kubic\u00adkiego, pa\u0142ac z dwiema oficynami i oran\u017ceri\u0105.<br \/>\nGdy w\u0142a\u015bcicielami M\u0142ochowa by\u0142a Maria i Jan Zawiszowie, pa\u0142ac, park i ogrody prze\u017cywa\u0142y okres najwi\u0119kszej \u015bwietno\u015bci. Parkiem i ogrodami zajmo\u00adwa\u0142 si\u0119 w\u00f3wczas starszy ogrodnik Antoni Marks, kt\u00f3remu zdarza\u0142o si\u0119 przez ca\u0142y dzie\u0144 oprowadza\u0107 wycieczk\u0119 Warszawskiego Towarzystwa Kwia\u00adtowego<strong>. <\/strong>W parku by\u0142o wiele gatunk\u00f3w drzew i krzew\u00f3w oraz klomby z kwiatami kobiercowymi i r\u00f3\u017cami. W oran\u017cerii znajdowa\u0142y si\u0119 egzotyczne drzewa i inne okazy ro\u015blin, a w sadach \u2013 liczne ga\u00adtunki drzew owocowych i winoro\u015bli. W 1890 roku w parku wykopano trzy stawy. Dwa pierwsze po\u00ad\u0142\u0105czono szeregowo upustem murowanym, przez kt\u00f3ry przelewa\u0142a si\u0119 woda, a kolejny \u2013 du\u017cym mo\u00adstem. Na jednym stawie usypano wysp\u0119, na kt\u00f3rej usytuowano figurk\u0119 Matki Boskiej, po\u015bwi\u0119con\u0105 przez Mari\u0119 Zawiszyn\u0119 pami\u0119ci swojej matki, Alek\u00adsandry z Sobolewskich hr. Kwileckiej. W 1915 roku pa\u0142ac zosta\u0142 spalony przez kozak\u00f3w. W 1935 roku ostatnia w\u0142a\u015bcicielka z tej rodziny, Magdalena Ra\u00addziwi\u0142\u0142owa, sprzeda\u0142a maj\u0105tek hrabiemu Erykowi Kurnatowskiemu.<br \/>\nW czasie II wojny \u015bwiatowej w M\u0142ochowie schronili si\u0119 ksi\u0119\u017ca ze Zgromadzenia \u015bw. Micha\u0142a Archanio\u0142a z wychowankami prowadzonego przez siebie domu dziecka. Po wojnie maj\u0105tek przej\u0119\u0142o pa\u0144stwo. Pust\u0105 oran\u017ceri\u0119 zaj\u0119li ksi\u0119\u017ca i przekszta\u0142cili j\u0105 w ko\u015bci\u00f3\u0142, kt\u00f3ry po wielu latach sta\u0142 si\u0119 \u015bwi\u0105tyni\u0105 parafialn\u0105. Sam pa\u0142ac zosta\u0142 odbudowany w latach 1948\u20131957. Kolejnymi w\u0142a\u00ad\u015bcicielami maj\u0105tku sta\u0142y si\u0119 instytucje rolnicze, od 1967 roku Instytut Ziemniaka.<br \/>\nW 1994 roku Instytut Ziemniaka przekaza\u0142 zesp\u00f3\u0142 pa\u0142acowo-parkowy gminie Nadarzyn. Gmina z pomoc\u0105 funduszy Unii Europejskiej przeprowadzi\u0142a gruntown\u0105 rewitalizacj\u0119 parku. W 2022 roku wyremontowano zachodni\u0105 oficyn\u0119, nazwan\u0105 \u201eOficyn\u0105 Kultury\u201d, poniewa\u017c zosta\u0142a siedzib\u0105 oddzia\u0142u Nadarzy\u0144skiego O\u015brodka Kul\u00adtury i Gminnego O\u015brodka Pomocy Spo\u0142ecznej. Niszczej\u0105cy od 30 lat pa\u0142ac czeka na renowacj\u0119 i zagospodarowanie.<br \/>\nW parku mo\u017cna usi\u0105\u015b\u0107 ko\u0142o fontanny z wido\u00adkiem na pa\u0142ac, zje\u015b\u0107 gofra, lody i napi\u0107 si\u0119 kawy. Jest plac zabaw dla dzieci i si\u0142ownia na wolnym powietrzu. Organizowane s\u0105 tam imprezy spor\u00adtowo-kulturalne, a od paru lat w miesi\u0105cach let\u00adnich odbywaj\u0105 si\u0119 niedzielne koncerty plenerowe \u201eZaparkuj w M\u0142ochowie\u201d, przygotowywane przez Nadarzy\u0144ski O\u015brodek Kultury.<br \/>\nW parku zaczyna si\u0119 zielony szlak turystyczny, kt\u00f3ry prowadzi do lasu zabytkow\u0105 alej\u0105 lipow\u0105. Przecina si\u0119 on ze szlakiem \u017c\u00f3\u0142tym, prowadz\u0105cym z Rozalina do stawu w Krakowaniach, kt\u00f3rego au\u00adtorem by\u0142 hodowca ziemniaka, dr Zbigniew Czy\u00ad\u017cewicz (1913\u20131986), stra\u017cnik i mi\u0142o\u015bnik przyrody. W lesie znajduj\u0105 si\u0119 dwa rezerwaty: Rezerwat \u201eM\u0142ochowski \u0141\u0119g\u201d i \u201eM\u0142ochowski gr\u0105d\u201d. Druga za\u00adbytkowa aleja lipowa prowadzi z M\u0142ochowa w kie\u00adrunku wsi Parole. Do M\u0142ochowa mo\u017cna dojecha\u0107 tak\u017ce \u015bcie\u017ckami rowerowymi z Nadarzyna, Tar\u00adczyna i Rozalina.<\/p>\n<p><em>Tekst i zdj\u0119cia <\/em><strong>prof. dr hab. Renata Lebecka<br \/>\n<\/strong><em>Pracownik Instytutu Hodowli i Aklimatyzacji Ro\u015blin \u2013 PIB, Oddzia\u0142 w M\u0142ochowie, interesuje si\u0119 podr\u00f3\u017cami i muzyk\u0105 powa\u017cn\u0105.<\/em><\/p>\n<div id=\"attachment_30763\" style=\"width: 382px\" class=\"wp-caption alignnone\"><a href=\"https:\/\/turysta2.pttk.pl\/wp-content\/uploads\/2024\/03\/2.-most-IMG_20170427_160610-fot.-R.-Lebecka-1-scaled.jpg\"><img loading=\"lazy\" decoding=\"async\" aria-describedby=\"caption-attachment-30763\" class=\" wp-image-30763\" src=\"https:\/\/turysta2.pttk.pl\/wp-content\/uploads\/2024\/03\/2.-most-IMG_20170427_160610-fot.-R.-Lebecka-1-237x300.jpg\" alt=\"\" width=\"372\" height=\"471\" srcset=\"https:\/\/turysta2.pttk.pl\/wp-content\/uploads\/2024\/03\/2.-most-IMG_20170427_160610-fot.-R.-Lebecka-1-237x300.jpg 237w, https:\/\/turysta2.pttk.pl\/wp-content\/uploads\/2024\/03\/2.-most-IMG_20170427_160610-fot.-R.-Lebecka-1-808x1024.jpg 808w, https:\/\/turysta2.pttk.pl\/wp-content\/uploads\/2024\/03\/2.-most-IMG_20170427_160610-fot.-R.-Lebecka-1-768x974.jpg 768w, https:\/\/turysta2.pttk.pl\/wp-content\/uploads\/2024\/03\/2.-most-IMG_20170427_160610-fot.-R.-Lebecka-1-1212x1536.jpg 1212w, https:\/\/turysta2.pttk.pl\/wp-content\/uploads\/2024\/03\/2.-most-IMG_20170427_160610-fot.-R.-Lebecka-1-1616x2048.jpg 1616w, https:\/\/turysta2.pttk.pl\/wp-content\/uploads\/2024\/03\/2.-most-IMG_20170427_160610-fot.-R.-Lebecka-1-scaled.jpg 2020w\" sizes=\"auto, (max-width: 372px) 100vw, 372px\" \/><\/a><p id=\"caption-attachment-30763\" class=\"wp-caption-text\">Zabytkowy, ceglany, tr\u00f3jarkadowy most wybudowany nad po\u0142\u0105czeniem dw\u00f3ch staw\u00f3w opartych na systemie rzeki Utraty<\/p><\/div>\n","protected":false},"excerpt":{"rendered":"Po\u0142o\u017cony na skraju Las\u00f3w M\u0142ochowskich M\u0142o\u00adch\u00f3w zach\u0119ca do wizyty urokliwym klasycy\u00adstycznym pa\u0142acem wzniesionym dla nie\u015blubnej c\u00f3rki ostatniego polskiego kr\u00f3la oraz atrakcyjnym parkiem ze stawami. Od lat prowadzi si\u0119 tu bada\u00adnia nad jednym z naszych ulubionych warzyw \u2013 ziemniakiem. M\u0142och\u00f3w le\u017cy w gminie Nadarzyn, oko\u0142o 18 km na po\u0142udnie od powiatowego Pruszkowa. W \u017ar\u00f3\u00add\u0142ach pisanych wymieniany jest rok 1406, kiedy to&nbsp;<a href=\"https:\/\/turysta2.pttk.pl\/?p=30755\" class=\"read-more\">Continue Reading<\/a>","protected":false},"author":13,"featured_media":30761,"comment_status":"closed","ping_status":"closed","sticky":false,"template":"","format":"standard","meta":{"footnotes":""},"categories":[68,41],"tags":[],"class_list":["post-30755","post","type-post","status-publish","format-standard","has-post-thumbnail","hentry","category-turystyka-piesza","category-turystyka-pttk","cat-68-id","cat-41-id"],"aioseo_notices":[],"_links":{"self":[{"href":"https:\/\/turysta2.pttk.pl\/index.php?rest_route=\/wp\/v2\/posts\/30755","targetHints":{"allow":["GET"]}}],"collection":[{"href":"https:\/\/turysta2.pttk.pl\/index.php?rest_route=\/wp\/v2\/posts"}],"about":[{"href":"https:\/\/turysta2.pttk.pl\/index.php?rest_route=\/wp\/v2\/types\/post"}],"author":[{"embeddable":true,"href":"https:\/\/turysta2.pttk.pl\/index.php?rest_route=\/wp\/v2\/users\/13"}],"replies":[{"embeddable":true,"href":"https:\/\/turysta2.pttk.pl\/index.php?rest_route=%2Fwp%2Fv2%2Fcomments&post=30755"}],"version-history":[{"count":2,"href":"https:\/\/turysta2.pttk.pl\/index.php?rest_route=\/wp\/v2\/posts\/30755\/revisions"}],"predecessor-version":[{"id":30767,"href":"https:\/\/turysta2.pttk.pl\/index.php?rest_route=\/wp\/v2\/posts\/30755\/revisions\/30767"}],"wp:featuredmedia":[{"embeddable":true,"href":"https:\/\/turysta2.pttk.pl\/index.php?rest_route=\/wp\/v2\/media\/30761"}],"wp:attachment":[{"href":"https:\/\/turysta2.pttk.pl\/index.php?rest_route=%2Fwp%2Fv2%2Fmedia&parent=30755"}],"wp:term":[{"taxonomy":"category","embeddable":true,"href":"https:\/\/turysta2.pttk.pl\/index.php?rest_route=%2Fwp%2Fv2%2Fcategories&post=30755"},{"taxonomy":"post_tag","embeddable":true,"href":"https:\/\/turysta2.pttk.pl\/index.php?rest_route=%2Fwp%2Fv2%2Ftags&post=30755"}],"curies":[{"name":"wp","href":"https:\/\/api.w.org\/{rel}","templated":true}]}}