{"id":30495,"date":"2024-02-26T15:43:03","date_gmt":"2024-02-26T13:43:03","guid":{"rendered":"https:\/\/turysta2.pttk.pl\/?p=30495"},"modified":"2024-02-26T15:43:03","modified_gmt":"2024-02-26T13:43:03","slug":"200-lat-huty-baildon","status":"publish","type":"post","link":"https:\/\/turysta2.pttk.pl\/?p=30495","title":{"rendered":"200 lat Huty Baildon"},"content":{"rendered":"<p><strong>10 grudnia 2023 roku w Muzeum \u015al\u0105skim oby\u0142o si\u0119 Wielkie Spotkanie Baildonowc\u00f3w \u201eHUTA BAILDON 1823 \u2013 200 lat od powstania per\u0142y \u015bl\u0105skich hut\u201d. Wiele wspomnie\u0144, wzrusze\u0144, spotka\u0144 po latach, cho\u0107 bywa\u0142y k\u0142opoty z rozpoznaniem koleg\u00f3w ;). Wydarzenie by\u0142o okazj\u0105 do obejrzenia si\u0119 za siebie i powspominania czas\u00f3w \u015bwietno\u015bci Huty Baildon. Wielu z nas mia\u0142o mo\u017cliwo\u015b\u0107 godnej pracy w tym zak\u0142adzie przez dziesi\u0119ciolecia!!! W spotkaniu uczestniczy\u0142o oko\u0142o 300 os\u00f3b.<\/strong><\/p>\n<p><span style=\"font-weight: 400;\">Oddzia\u0142 Zak\u0142adowy PTTK \u201eBaildon\u201d by\u0142 wa\u017cn\u0105 cz\u0119\u015bci\u0105 Huty Baildon. Od 1953 roku zorganizowa\u0142 tysi\u0105ce wycieczek, rajd\u00f3w, z\u0142az\u00f3w czy wczas\u00f3w, bo zarz\u0105dza\u0142 O\u015brodkiem Wczasowym w Ujso\u0142ach. By\u0142 najwi\u0119kszym Oddzia\u0142em Zak\u0142adowym PTTK w Polsce i jednym z najwi\u0119kszych w ca\u0142ym kraju. W 1988 roku mia\u0142 ponad 3000 cz\u0142onk\u00f3w !!!<\/span><\/p>\n<p><span style=\"font-weight: 400;\">Mimo upad\u0142o\u015bci Huty Baildon og\u0142oszonej w 2001 roku, Oddzia\u0142 dzia\u0142a nadal, co jest ewenementem w skali ca\u0142ej Polski. Przeprowadzenie Oddzia\u0142u przez trudne czasy na prze\u0142omie lat dziewi\u0119\u0107dziesi\u0105tych i dwutysi\u0119cznych zawdzi\u0119czamy prezesowi Zbigniewowi Malinowskiemu, Cz\u0142onkowi Honorowemu PTTK. Obecnie Oddzia\u0142 PTTK \u201eBaildon\u201d dzia\u0142a na zasadach wolnorynkowych, organizuj\u0105c g\u0142\u00f3wnie wycieczki szkolne dla dzieci i m\u0142odzie\u017cy, ze szczeg\u00f3lnym uwzgl\u0119dnieniem wypraw do Anglii i Szkocji \u2013 ojczyzny naszego patrona, Johna Baildona.\u00a0<\/span><\/p>\n<p><span style=\"font-weight: 400;\">W imieniu Muzeum \u015al\u0105skiego przywita\u0142 zebranych dr Karol Makles \u2013 zast\u0119pca dyrektora. Wyk\u0142ad inauguracyjny wyg\u0142osi\u0142 historyk z Uniwersytetu \u015al\u0105skiego profesor Antoni Barciak. Wspomnienia o swoich baildonowskich rodzinach przywo\u0142ali: Grzegorz Christoph, Adam Bryjak i Dariusz Kik. Wszyscy uczestnicy spotkania otrzymali pami\u0105tkow\u0105 pin\u0119, a wybitne osoby z naszego grona medal \u201eJOHN BAILDON \u2013 HUTA BAILDON 1823\u201d, wybity staraniem Oddzia\u0142u Zak\u0142adowego PTTK \u201eBaildon\u201d. Mi\u0142e s\u0142owa do zebranych skierowali uczestnicy naszej wycieczki \u015bladami Johna Baildona do Szkocji: profesorowie Krzysztof Krasuski z Uniwersytetu \u015al\u0105skiego i Wojciech Lig\u0119za z Uniwersytetu Jagiello\u0144skiego. Cz\u0119\u015b\u0107 oficjaln\u0105 zako\u0144czy\u0142 koncert orkiestry szkockiej \u2013 Cz\u0119stochowa Pipes&amp;Drums. W cz\u0119\u015bci nieoficjalnej odby\u0142 si\u0119 pocz\u0119stunek i rozmowy kuluarowe.\u00a0<\/span><\/p>\n<p><span style=\"font-weight: 400;\">John Baildon by\u0142 jedn\u0105 z najwybitniejszych postaci rewolucji przemys\u0142owej na \u015al\u0105sku. By\u0142 budowniczym hut i kopal\u0144 na terenie Gliwic, Chorzowa i Katowic. Pod jego nadzorem zosta\u0142 wzniesiony pierwszy wielki piec opalany koksem na kontynencie europejskim. By\u0142 wizjonerem i wybitnym obywatelem ziemi \u015bl\u0105skiej. Ca\u0142e swoje doros\u0142e \u017cycie pracowa\u0142 na G\u00f3rnym \u015al\u0105sku, inwestuj\u0105c tu sw\u00f3j dorobek. Jest to bez w\u0105tpienia posta\u0107 godna upami\u0119tnienia i dalszego propagowania.\u00a0<\/span><\/p>\n<p><span style=\"font-weight: 400;\">Posta\u0107 Johna Baildona i jego dorobek, pojawi\u0142a si\u0119 w programie \u201eERASMUS\u201d. Wzi\u0119\u0142y w nim udzia\u0142 najlepsze licea matematyczne z Czech, Bu\u0142garii i Polski. Gospodarzem polskiej cz\u0119\u015bci projektu by\u0142o VIII Liceum Og\u00f3lnokszta\u0142c\u0105ce z Oddzia\u0142ami Dwuj\u0119zycznymi im. Marii Sk\u0142odowskiej-Curie z Katowic. <\/span><span style=\"font-weight: 400;\">Uczniowie mogli zapozna\u0107 si\u0119 z dokonaniami szkockiego in\u017cyniera, odwiedzili miejsca z nim zwi\u0105zane: mural w Katowicach, Cmentarz Zas\u0142u\u017conych Hutnik\u00f3w w Gliwicach i Szko\u0142\u0119 Podstawow\u0105 numer 36 w Gliwicach imienia Johna Baildona.\u00a0<\/span><\/p>\n<p><span style=\"font-weight: 400;\">W ostatnich latach jako Oddzia\u0142 przeprowadzili\u015bmy liczne inicjatywy dla upami\u0119tnienia za\u0142o\u017cyciela Huty Baildon:<\/span><\/p>\n<p><span style=\"font-weight: 400;\">- namalowali\u015bmy mural \u201eJohn Baildon\u201d przy ul. Gliwickiej 146 w Katowicach,<\/span><\/p>\n<p><span style=\"font-weight: 400;\">- zorganizowali\u015bmy wycieczki \u201eSzlakiem Johna Baildona po G\u00f3rnym \u015al\u0105sku\u201d,<\/span><\/p>\n<p><span style=\"font-weight: 400;\">- byli\u015bmy organizatorem wycieczki do Szkocji \u2013 ojczyzny Johna Baildona,<\/span><\/p>\n<p><span style=\"font-weight: 400;\">- prowadzili\u015bmy prelekcj\u0119 \u201eSzkocja \u2013 \u015bladami Johna Baildona\u201d w Miejskiej Bibliotece Publicznej,<\/span><\/p>\n<p><span style=\"font-weight: 400;\">- wsp\u00f3\u0142organizowali\u015bmy spotkanie z okazji 250 urodziny Johna Baildona,<\/span><\/p>\n<p><span style=\"font-weight: 400;\">- brali\u015bmy udzia\u0142 w projekcie \u201eERASMUS\u201d, kt\u00f3rego wa\u017cnym elementem by\u0142a posta\u0107 Johna Baildona<\/span><\/p>\n<p><span style=\"font-weight: 400;\">- byli\u015bmy wy\u0142\u0105cznym organizatorem Wielkiego Spotkania Baildonowc\u00f3w <\/span><span style=\"font-weight: 400;\">w Muzeum \u015al\u0105skim \u201eHUTA BAILDON 1823 \u2013 200 lat od powstania per\u0142y \u015bl\u0105skich hut\u201d.<\/span><\/p>\n<p><span style=\"font-weight: 400;\">My\u015bl\u0119, \u017ce nasi wielcy poprzednicy, mi\u0142o\u015bnicy i propagatorzy postaci Johna Baildona tacy jak: Henryk Christoph, Henryk Czarnik, Janusz Gaudnik i Zbigniew Malinowski, byliby dumni z naszych dokona\u0144. <\/span><span style=\"font-weight: 400;\">Zapraszamy do wst\u0105pienia w szeregi PTTK BAILDON \u2013 legenda wci\u0105\u017c trwa \ud83d\ude42<\/span><\/p>\n<p><em>Tekst <\/em><strong>Wojciech Malinowski<\/strong><strong><em><br \/>\n<\/em><\/strong><em>Prezes PTTK Baildon<\/em><\/p>\n<p><a href=\"https:\/\/turysta2.pttk.pl\/wp-content\/uploads\/2024\/02\/2.jpeg\"><img loading=\"lazy\" decoding=\"async\" class=\"alignnone  wp-image-30501\" src=\"https:\/\/turysta2.pttk.pl\/wp-content\/uploads\/2024\/02\/2-300x300.jpeg\" alt=\"\" width=\"351\" height=\"351\" srcset=\"https:\/\/turysta2.pttk.pl\/wp-content\/uploads\/2024\/02\/2-300x300.jpeg 300w, https:\/\/turysta2.pttk.pl\/wp-content\/uploads\/2024\/02\/2-1024x1024.jpeg 1024w, https:\/\/turysta2.pttk.pl\/wp-content\/uploads\/2024\/02\/2-150x150.jpeg 150w, https:\/\/turysta2.pttk.pl\/wp-content\/uploads\/2024\/02\/2-768x768.jpeg 768w, https:\/\/turysta2.pttk.pl\/wp-content\/uploads\/2024\/02\/2-1536x1536.jpeg 1536w, https:\/\/turysta2.pttk.pl\/wp-content\/uploads\/2024\/02\/2.jpeg 1600w\" sizes=\"auto, (max-width: 351px) 100vw, 351px\" \/><\/a><\/p>\n<div id=\"attachment_30497\" style=\"width: 433px\" class=\"wp-caption alignnone\"><a href=\"https:\/\/turysta2.pttk.pl\/wp-content\/uploads\/2024\/02\/3-scaled.jpeg\"><img loading=\"lazy\" decoding=\"async\" aria-describedby=\"caption-attachment-30497\" class=\" wp-image-30497\" src=\"https:\/\/turysta2.pttk.pl\/wp-content\/uploads\/2024\/02\/3-300x225.jpeg\" alt=\"\" width=\"423\" height=\"317\" srcset=\"https:\/\/turysta2.pttk.pl\/wp-content\/uploads\/2024\/02\/3-300x225.jpeg 300w, https:\/\/turysta2.pttk.pl\/wp-content\/uploads\/2024\/02\/3-1024x768.jpeg 1024w, https:\/\/turysta2.pttk.pl\/wp-content\/uploads\/2024\/02\/3-768x576.jpeg 768w, https:\/\/turysta2.pttk.pl\/wp-content\/uploads\/2024\/02\/3-1536x1152.jpeg 1536w, https:\/\/turysta2.pttk.pl\/wp-content\/uploads\/2024\/02\/3-2048x1536.jpeg 2048w, https:\/\/turysta2.pttk.pl\/wp-content\/uploads\/2024\/02\/3-200x150.jpeg 200w\" sizes=\"auto, (max-width: 423px) 100vw, 423px\" \/><\/a><p id=\"caption-attachment-30497\" class=\"wp-caption-text\">Koncert orkiestry szkockiej<br \/>\u2013 Cz\u0119stochowa Pipes and Drums<\/p><\/div>\n<p>&nbsp;<\/p>\n","protected":false},"excerpt":{"rendered":"10 grudnia 2023 roku w Muzeum \u015al\u0105skim oby\u0142o si\u0119 Wielkie Spotkanie Baildonowc\u00f3w \u201eHUTA BAILDON 1823 \u2013 200 lat od powstania per\u0142y \u015bl\u0105skich hut\u201d. Wiele wspomnie\u0144, wzrusze\u0144, spotka\u0144 po latach, cho\u0107 bywa\u0142y k\u0142opoty z rozpoznaniem koleg\u00f3w ;). Wydarzenie by\u0142o okazj\u0105 do obejrzenia si\u0119 za siebie i powspominania czas\u00f3w \u015bwietno\u015bci Huty Baildon. Wielu z nas mia\u0142o mo\u017cliwo\u015b\u0107 godnej pracy w tym zak\u0142adzie&nbsp;<a href=\"https:\/\/turysta2.pttk.pl\/?p=30495\" class=\"read-more\">Continue Reading<\/a>","protected":false},"author":13,"featured_media":30499,"comment_status":"closed","ping_status":"closed","sticky":false,"template":"","format":"standard","meta":{"footnotes":""},"categories":[90,11],"tags":[],"class_list":["post-30495","post","type-post","status-publish","format-standard","has-post-thumbnail","hentry","category-kalendarz-imprez","category-turysta-poleca","cat-90-id","cat-11-id"],"aioseo_notices":[],"_links":{"self":[{"href":"https:\/\/turysta2.pttk.pl\/index.php?rest_route=\/wp\/v2\/posts\/30495","targetHints":{"allow":["GET"]}}],"collection":[{"href":"https:\/\/turysta2.pttk.pl\/index.php?rest_route=\/wp\/v2\/posts"}],"about":[{"href":"https:\/\/turysta2.pttk.pl\/index.php?rest_route=\/wp\/v2\/types\/post"}],"author":[{"embeddable":true,"href":"https:\/\/turysta2.pttk.pl\/index.php?rest_route=\/wp\/v2\/users\/13"}],"replies":[{"embeddable":true,"href":"https:\/\/turysta2.pttk.pl\/index.php?rest_route=%2Fwp%2Fv2%2Fcomments&post=30495"}],"version-history":[{"count":2,"href":"https:\/\/turysta2.pttk.pl\/index.php?rest_route=\/wp\/v2\/posts\/30495\/revisions"}],"predecessor-version":[{"id":30505,"href":"https:\/\/turysta2.pttk.pl\/index.php?rest_route=\/wp\/v2\/posts\/30495\/revisions\/30505"}],"wp:featuredmedia":[{"embeddable":true,"href":"https:\/\/turysta2.pttk.pl\/index.php?rest_route=\/wp\/v2\/media\/30499"}],"wp:attachment":[{"href":"https:\/\/turysta2.pttk.pl\/index.php?rest_route=%2Fwp%2Fv2%2Fmedia&parent=30495"}],"wp:term":[{"taxonomy":"category","embeddable":true,"href":"https:\/\/turysta2.pttk.pl\/index.php?rest_route=%2Fwp%2Fv2%2Fcategories&post=30495"},{"taxonomy":"post_tag","embeddable":true,"href":"https:\/\/turysta2.pttk.pl\/index.php?rest_route=%2Fwp%2Fv2%2Ftags&post=30495"}],"curies":[{"name":"wp","href":"https:\/\/api.w.org\/{rel}","templated":true}]}}