{"id":30487,"date":"2024-02-26T15:24:31","date_gmt":"2024-02-26T13:24:31","guid":{"rendered":"https:\/\/turysta2.pttk.pl\/?p=30487"},"modified":"2024-02-26T15:24:31","modified_gmt":"2024-02-26T13:24:31","slug":"110-lat-krajoznawstwa-i-turystyki-w-poznaniu","status":"publish","type":"post","link":"https:\/\/turysta2.pttk.pl\/?p=30487","title":{"rendered":"110 lat krajoznawstwa i turystyki w Poznaniu"},"content":{"rendered":"<p><strong>17 czerwca 1913 roku z inicjatywy prawnik\u00f3w Cyryla Ratajskiego i Bernarda Chrzanowskiego powo\u0142ano w Poznaniu Towarzystwo Krajoznawcze, kt\u00f3rego dzia\u0142alno\u015b\u0107 zapocz\u0105tkowa\u0142a zorganizowany ruch krajoznawczo-turystyczny na ziemiach zaboru pruskiego. Po odzyskaniu przez Polsk\u0119 niepodleg\u0142o\u015bci, ju\u017c w grudniu 1919 roku Towarzystwo to zostaje przemianowane na Oddzia\u0142 Pozna\u0144ski Polskiego Towarzystwa Krajoznawczego, a jego pierwszym prezesem zostaje prof. Stanis\u0142aw Paw\u0142owski. Po II wojnie \u015bwiatowej dzia\u0142alno\u015b\u0107 Oddzia\u0142u, ju\u017c 20 listopada 1945 roku, reaktywowa\u0142 Franciszek Ja\u015bkowiak, kt\u00f3ry jednocze\u015bnie zosta\u0142 jego prezesem.\u00a0<\/strong><\/p>\n<p><span style=\"font-weight: 400;\">Jednak prze\u0142om w dziejach pozna\u0144skiego, i szerzej wielkopolskiego, ruchu krajoznawczo-turystycznego mia\u0142 miejsce 18 marca 1951 roku. Wtedy to w pozna\u0144skiej Palmiarni dosz\u0142o do zjednoczeniowego zjazdu delegat\u00f3w Okr\u0119gu Pozna\u0144skiego dw\u00f3ch odr\u0119bnych organizacji: Polskiego Towarzystwa Krajoznawczego i Polskiego Towarzystwa Tatrza\u0144skiego w Polskie Towarzystwo Turystyczno-Krajoznawcze. Pierwszym prezesem Okr\u0119gu Pozna\u0144skiego PTTK zosta\u0142 Bernard Lisiak. Obecny Oddzia\u0142 Pozna\u0144ski PTTK im. Bernarda Chrzanowskiego jest spadkobierc\u0105 tradycji i kontynuatorem bogatego dorobku swoich wybitnych poprzednik\u00f3w.\u00a0<\/span><\/p>\n<p><span style=\"font-weight: 400;\">W czerwcu 2023 roku przypada\u0142 jubileusz 110-lecia krajoznawstwa i turystyki w Poznaniu. Uroczysto\u015b\u0107 jubileuszowa odby\u0142a si\u0119 w przeddzie\u0144 rocznicy, 16 czerwca 2023 roku na terenie Zespo\u0142u Szkolno-Przedszkolnego w Wojnowicach w gminie Opalenica w powiecie nowotomyskim. Patronem szko\u0142y, jak i Oddzia\u0142u Pozna\u0144skiego PTTK, jest urodzony w Wojnowicach Bernard Chrzanowski \u2013 adwokat, dzia\u0142acz spo\u0142eczny, senator RP.<\/span><\/p>\n<p><span style=\"font-weight: 400;\">Przed G\u0142azem Patrona zgromadzi\u0142o si\u0119 liczne grono uczennic, uczni\u00f3w i nauczycieli szko\u0142y oraz dzia\u0142aczy Oddzia\u0142u Pozna\u0144skiego PTTK. Wysok\u0105 rang\u0119 uroczysto\u015bci podkre\u015bli\u0142a obecno\u015b\u0107 Wojewody Wielkopolskiego Micha\u0142a Zieli\u0144skiego, przedstawicieli Marsza\u0142ka Wojew\u00f3dztwa Wielkopolskiego, Prezydenta Poznania oraz lokalnego samorz\u0105du. Zarz\u0105d G\u0142\u00f3wny PTTK reprezentowa\u0142 Jacek Trzoch.<\/span><\/p>\n<p><span style=\"font-weight: 400;\">Uroczysto\u015b\u0107 jubileuszow\u0105 zainaugurowano od\u015bpiewaniem przez m\u0142odzie\u017c hymnu szko\u0142y, a u\u015bwietni\u0142a j\u0105 obecno\u015b\u0107 licznych poczt\u00f3w sztandarowych. Przy G\u0142azie Patrona wi\u0105zanki kwiat\u00f3w z\u0142o\u017cyli delegaci szko\u0142y, Oddzia\u0142u Pozna\u0144skiego PTTK i kilku innych oddzia\u0142\u00f3w z Wielkopolski oraz lokalnego samorz\u0105du. Prezes Oddzia\u0142u Pozna\u0144skiego PTTK dr Lech Dro\u017cd\u017cy\u0144ski kr\u00f3tko przypomnia\u0142 sylwetk\u0119 Bernarda Chrzanowskiego. Zabieraj\u0105c g\u0142os Wojewoda Wielkopolski Micha\u0142 Zieli\u0144ski, podkre\u015bli\u0142 jak du\u017ce znaczenie dla m\u0142odzie\u017cy ma poznawanie i praca na rzecz swojej ma\u0142ej ojczyzny.\u00a0<\/span><\/p>\n<p><span style=\"font-weight: 400;\">Nast\u0119pnie uroczysto\u015b\u0107 jubileuszow\u0105 kontynuowano w sali gimnastycznej szko\u0142y. Prezes Lech Dro\u017cd\u017cy\u0144ski serdecznie powita\u0142 wszystkich zgromadzonych, a nast\u0119pnie g\u0142os zabra\u0142 wojewoda Micha\u0142 Zieli\u0144ski. Jubileusz by\u0142 okazj\u0105 do wr\u0119czenia wyr\u00f3\u017cnie\u0144. W imieniu Ministra Sportu i Turystyki wr\u0119czy\u0142 on Odznak\u0119 Honorow\u0105 \u201eZa Zas\u0142ugi dla Turystyki\u201d Magdalenie Lipi\u0144skiej, Ryszardowi Rurce, Januszowi Rochowskiemu i Krzysztofowi Stru\u017cynie z Oddzia\u0142u Pozna\u0144skiego PTTK. Z r\u0105k prezesa Oddzia\u0142u odznak\u0119 \u201eZa Zas\u0142ugi dla Oddzia\u0142u Pozna\u0144skiego PTTK\u201d otrzymali obecni na uroczysto\u015bci: Wojewoda Wielkopolski Micha\u0142 Zieli\u0144ski, Kierownik Oddzia\u0142u Turystyki Departamentu Sportu i Turystyki Urz\u0119du Marsza\u0142kowskiego Andrzej Kaleniewicz, Dyrektor Wydzia\u0142u Sportu Urz\u0119du Miasta Poznania Ewa B\u0105k, Starosta Nowotomyski Andrzej Wilko\u0144ski i Burmistrz Opalenicy Tomasz Szulc i redaktor sportowy Radia Pozna\u0144 Krzysztof Ratajczak. Dyplomy \u201eZa Zas\u0142ugi dla Oddzia\u0142u Pozna\u0144skiego PTTK\u201d otrzymali: So\u0142tys Wojnowic Ryszard Piotrowski, Dyrektor szko\u0142y w Wojnowicach Aldona Baranowska i prezes firmy \u201eGminne Sk\u0142ady\u201d Opalenica Piotr Wojciechowski. Szko\u0142a w Wojnowicach uhonorowana zosta\u0142a przez ZG PTTK Medalem \u201eZa Pomoc i Wsp\u00f3\u0142prac\u0119\u201d. Na r\u0119ce prezesa Oddzia\u0142u Pozna\u0144skiego PTTK \u017cyczenia i okoliczno\u015bciowe upominki z\u0142o\u017cyli obecni na uroczysto\u015bci zaproszeni go\u015bcie: Wojewoda Wielkopolski, samorz\u0105dowcy, przedstawiciele stowarzysze\u0144 i oddzia\u0142\u00f3w PTTK z Poznania i Wielkopolski.<\/span><\/p>\n<p><span style=\"font-weight: 400;\">Prezes Lech Dro\u017cd\u017cy\u0144ski wyg\u0142osi\u0142 referat okoliczno\u015bciowy przybli\u017caj\u0105c zgromadzonym najwa\u017cniejsze wydarzenia ze 110-letniej historii krajoznawstwa i turystyki w Poznaniu w oparciu o stosowne wydane drukiem kr\u00f3tkie opracowanie historyczne, kt\u00f3re nast\u0119pnie rozda\u0142 uczestnikom jubileuszowego spotkania. W cz\u0119\u015bci artystycznej wyst\u0105pi\u0142 szkolny ch\u00f3r i soli\u015bci pod kierunkiem swojej opiekunki, a ponadto m\u0142odzie\u017c przygotowa\u0142a prezentacj\u0119 o patronie szko\u0142y w ciekawej konwencji relacji reporterskiej ze spotkania towarzyskiego uczni\u00f3w i nauczycieli szko\u0142y. Kulinarnym podsumowaniem obchod\u00f3w jubileuszu by\u0142 pyszny pocz\u0119stunek przygotowany przez miejscowe Ko\u0142o Gospody\u0144 Wiejskich, kt\u00f3rego ozdob\u0105 by\u0142 okaza\u0142y tort.\u00a0<\/span><\/p>\n<p><span style=\"font-weight: 400;\">Jak na prawdziwych turyst\u00f3w przysta\u0142o, kontynuowali\u015bmy nasze \u015bwi\u0119to nast\u0119pnego dnia w sobot\u0119 17 czerwca Jubileuszowym Zlotem Turyst\u00f3w z udzia\u0142em grup: motorowej, rowerowej, autokarowej, pieszej, a nawet kajakowej. W zespole pa\u0142acowo-parkowym w Biedrusku mia\u0142a miejsce biesiada turystyczna ze wsp\u00f3lnymi \u015bpiewami przy akompaniamencie gitary, a tak\u017ce konkursami zr\u0119czno\u015bciowymi. W programie znalaz\u0142y si\u0119 te\u017c: spacer \u015acie\u017ck\u0105 Ojc\u00f3w Niepodleg\u0142o\u015bci Polski oraz zwiedzanie miejscowego Muzeum Wojskowego i Narodowego Panteonu Powstania Wielkopolskiego 1918\/1919. Prezes Oddzia\u0142u Pozna\u0144skiego PTTK dr Lech Dro\u017cd\u017cy\u0144ski wr\u0119czy\u0142 wyr\u00f3\u017cnienia: ZG PTTK \u2013 Z\u0142ot\u0105 Odznak\u0119 \u201eZas\u0142u\u017cony Pracownik PTTK\u201d Renacie Dehr-Jask\u00f3lskiej, i Dyplom Oddzia\u0142u Pozna\u0144skiego PTTK \u201eZa Zas\u0142ugi dla Oddzia\u0142u Pozna\u0144skiego PTTK\u201d w\u0142a\u015bcicielowi Pa\u0142acu Biedrusko dr in\u017c. Janowi Kucharskiemu. Komandor zlotu Ryszard Rurka wr\u0119czy\u0142 nagrody ksi\u0105\u017ckowe zwyci\u0119zcom konkurs\u00f3w zr\u0119czno\u015bciowych, a prezes Dro\u017cd\u017cy\u0144ski podsumowuj\u0105c zlot i ca\u0142o\u015b\u0107 obchod\u00f3w jubileuszu 110-lecia krajoznawstwa i turystyki w Poznaniu podzi\u0119kowa\u0142 wszystkim jego wsp\u00f3\u0142organizatorom za prac\u0119 i zaanga\u017cowanie. Ostatecznie komandor zlotu, wiceprezes Zarz\u0105du Oddzia\u0142u Pozna\u0144skiego PTTK, Ryszard Rurka og\u0142osi\u0142 zlot za zamkni\u0119ty i tym samym obchody jubileuszu 110-lecia krajoznawstwa i turystyki przesz\u0142y do historii.<\/span><\/p>\n<p><span style=\"font-weight: 400;\">Obchody jubileuszu 110-lecia krajoznawstwa i turystyki w Poznaniu odbywa\u0142y si\u0119 pod honorowym patronatem Wojewody Wielkopolskiego, Marsza\u0142ka Wojew\u00f3dztwa Wielkopolskiego, Prezydenta Miasta Poznania, Starosty Pozna\u0144skiego, Starosty Nowotomyskiego, Kuratora O\u015bwiaty w Poznaniu i W\u00f3jta Gminy Suchy Las. Patronat medialny Radia Pozna\u0144 i Przegl\u0105du Powiatu Nowotomyskiego.<\/span><\/p>\n<p><i>Tekst<\/i><b> Janusz Rochowski<br \/>\n<\/b><span style=\"font-weight: 400;\">Cz\u0142onek zarz\u0105du Oddzia\u0142u Pozna\u0144skiego PTTK<br \/>\n<em>Zdj\u0119cia <\/em><\/span><strong>Archiwum Oddzia\u0142u Pozna\u0144skiego PTTK<\/strong><\/p>\n<div id=\"attachment_30489\" style=\"width: 310px\" class=\"wp-caption alignnone\"><a href=\"https:\/\/turysta2.pttk.pl\/wp-content\/uploads\/2024\/02\/2.-uroczystosc-przy-Glazie-Pamieci-scaled.jpg\"><img loading=\"lazy\" decoding=\"async\" aria-describedby=\"caption-attachment-30489\" class=\"size-medium wp-image-30489\" src=\"https:\/\/turysta2.pttk.pl\/wp-content\/uploads\/2024\/02\/2.-uroczystosc-przy-Glazie-Pamieci-300x200.jpg\" alt=\"\" width=\"300\" height=\"200\" srcset=\"https:\/\/turysta2.pttk.pl\/wp-content\/uploads\/2024\/02\/2.-uroczystosc-przy-Glazie-Pamieci-300x200.jpg 300w, https:\/\/turysta2.pttk.pl\/wp-content\/uploads\/2024\/02\/2.-uroczystosc-przy-Glazie-Pamieci-1024x683.jpg 1024w, https:\/\/turysta2.pttk.pl\/wp-content\/uploads\/2024\/02\/2.-uroczystosc-przy-Glazie-Pamieci-768x513.jpg 768w, https:\/\/turysta2.pttk.pl\/wp-content\/uploads\/2024\/02\/2.-uroczystosc-przy-Glazie-Pamieci-1536x1025.jpg 1536w, https:\/\/turysta2.pttk.pl\/wp-content\/uploads\/2024\/02\/2.-uroczystosc-przy-Glazie-Pamieci-2048x1367.jpg 2048w\" sizes=\"auto, (max-width: 300px) 100vw, 300px\" \/><\/a><p id=\"caption-attachment-30489\" class=\"wp-caption-text\">Uroczysto\u015b\u0107 przy G\u0142azie Pami\u0119ci.<\/p><\/div>\n","protected":false},"excerpt":{"rendered":"17 czerwca 1913 roku z inicjatywy prawnik\u00f3w Cyryla Ratajskiego i Bernarda Chrzanowskiego powo\u0142ano w Poznaniu Towarzystwo Krajoznawcze, kt\u00f3rego dzia\u0142alno\u015b\u0107 zapocz\u0105tkowa\u0142a zorganizowany ruch krajoznawczo-turystyczny na ziemiach zaboru pruskiego. Po odzyskaniu przez Polsk\u0119 niepodleg\u0142o\u015bci, ju\u017c w grudniu 1919 roku Towarzystwo to zostaje przemianowane na Oddzia\u0142 Pozna\u0144ski Polskiego Towarzystwa Krajoznawczego, a jego pierwszym prezesem zostaje prof. Stanis\u0142aw Paw\u0142owski. Po II wojnie \u015bwiatowej dzia\u0142alno\u015b\u0107&nbsp;<a href=\"https:\/\/turysta2.pttk.pl\/?p=30487\" class=\"read-more\">Continue Reading<\/a>","protected":false},"author":13,"featured_media":30491,"comment_status":"closed","ping_status":"closed","sticky":false,"template":"","format":"standard","meta":{"footnotes":""},"categories":[14,83],"tags":[],"class_list":["post-30487","post","type-post","status-publish","format-standard","has-post-thumbnail","hentry","category-krajoznawstwo","category-o-tym-pisano","cat-14-id","cat-83-id"],"aioseo_notices":[],"_links":{"self":[{"href":"https:\/\/turysta2.pttk.pl\/index.php?rest_route=\/wp\/v2\/posts\/30487","targetHints":{"allow":["GET"]}}],"collection":[{"href":"https:\/\/turysta2.pttk.pl\/index.php?rest_route=\/wp\/v2\/posts"}],"about":[{"href":"https:\/\/turysta2.pttk.pl\/index.php?rest_route=\/wp\/v2\/types\/post"}],"author":[{"embeddable":true,"href":"https:\/\/turysta2.pttk.pl\/index.php?rest_route=\/wp\/v2\/users\/13"}],"replies":[{"embeddable":true,"href":"https:\/\/turysta2.pttk.pl\/index.php?rest_route=%2Fwp%2Fv2%2Fcomments&post=30487"}],"version-history":[{"count":1,"href":"https:\/\/turysta2.pttk.pl\/index.php?rest_route=\/wp\/v2\/posts\/30487\/revisions"}],"predecessor-version":[{"id":30493,"href":"https:\/\/turysta2.pttk.pl\/index.php?rest_route=\/wp\/v2\/posts\/30487\/revisions\/30493"}],"wp:featuredmedia":[{"embeddable":true,"href":"https:\/\/turysta2.pttk.pl\/index.php?rest_route=\/wp\/v2\/media\/30491"}],"wp:attachment":[{"href":"https:\/\/turysta2.pttk.pl\/index.php?rest_route=%2Fwp%2Fv2%2Fmedia&parent=30487"}],"wp:term":[{"taxonomy":"category","embeddable":true,"href":"https:\/\/turysta2.pttk.pl\/index.php?rest_route=%2Fwp%2Fv2%2Fcategories&post=30487"},{"taxonomy":"post_tag","embeddable":true,"href":"https:\/\/turysta2.pttk.pl\/index.php?rest_route=%2Fwp%2Fv2%2Ftags&post=30487"}],"curies":[{"name":"wp","href":"https:\/\/api.w.org\/{rel}","templated":true}]}}