{"id":30471,"date":"2024-02-26T14:27:43","date_gmt":"2024-02-26T12:27:43","guid":{"rendered":"https:\/\/turysta2.pttk.pl\/?p=30471"},"modified":"2024-02-26T15:15:19","modified_gmt":"2024-02-26T13:15:19","slug":"czeslaw-leon-skonka-zasluzony-krajoznawca-wojewodztwa-pomorskiego","status":"publish","type":"post","link":"https:\/\/turysta2.pttk.pl\/?p=30471","title":{"rendered":"Czes\u0142aw Leon Skonka \u2013 Zas\u0142u\u017cony Krajoznawca Wojew\u00f3dztwa Pomorskiego"},"content":{"rendered":"<p><span style=\"font-weight: 400;\">W sobot\u0119 20 stycznia 2024 roku w czasie IX Forum i szkolenia krajoznawc\u00f3w z wojew\u00f3dztwa pomorskiego, zorganizowanego przez Pomorsk\u0105 Komisj\u0119 Krajoznawcz\u0105 (PKK) Pomorskiego Porozumienia Oddzia\u0142\u00f3w PTTK w gda\u0144skim Hevelianum na Gradowej G\u00f3rze odby\u0142o si\u0119 uroczyste wr\u0119czenie kolejnego medalu i honorowego tytu\u0142u \u201eZas\u0142u\u017cony krajoznawca wojew\u00f3dztwa pomorskiego\u201d. Tytu\u0142 ten ustanowiony w 2020 roku przez Pomorsk\u0105 Komisj\u0119 Krajoznawcz\u0105 przyznawany jest w czasie corocznych spotka\u0144 krajoznawc\u00f3w, \u017cyj\u0105cym i rodzinom nie\u017cyj\u0105cych krajoznawc\u00f3w, kt\u00f3rzy wnie\u015bli wybitne zas\u0142ugi w rozw\u00f3j pomorskiego krajoznawstwa. W 2023 roku tym zaszczytnym tytu\u0142em wyr\u00f3\u017cniono Ryszarda J\u00f3zefa Wrzoska i \u015bp. Jerzego Szukalskiego. W 2024 roku postanowiono tym wyr\u00f3\u017cnieniem obdarzy\u0107 \u015bp. Czes\u0142awa Skonk\u0119. Wyr\u00f3\u017cnienie z r\u0105k przewodnicz\u0105cego (Dariusz D\u0119bski) i zast\u0119pcy (Janusz Wojewski) PKK PTTK odebra\u0142a \u017cona laureata Halina, kt\u00f3rej towarzyszy\u0142o siedmiu cz\u0142onk\u00f3w rodziny. Laudacj\u0119 o wyr\u00f3\u017cnionym wyg\u0142osi\u0142 Ryszard J\u00f3zef Wrzosek, kt\u00f3ry przypomnia\u0142 wszystkim sylwetk\u0119 i ogromny dorobek krajoznawczy laureata.<\/span><\/p>\n<p><span style=\"font-weight: 400;\">Czes\u0142aw Leon Skonka urodzi\u0142 si\u0119 w \u0141odzi w 1931 roku. Do zako\u0144czenia II Wojny \u015bwiatowej mieszka\u0142 we wsiach Brzeziny i Paprotnia ko\u0142o \u0141odzi. Po wojnie powr\u00f3ci\u0142 do \u0141odzi, gdzie uko\u0144czy\u0142 XIII Liceum Og\u00f3lnokszta\u0142c\u0105ce dla Pracuj\u0105cych. Po odbyciu zasadniczej s\u0142u\u017cby wojskowej postanowi\u0142 spr\u00f3bowa\u0107 dalszego \u017cycia na Pomorzu i w listopadzie 1953 roku przyby\u0142 do Gda\u0144ska i zwi\u0105za\u0142 si\u0119 z tym miastem na zawsze. Podj\u0105wszy prac\u0119, jednocze\u015bnie rozpocz\u0105\u0142 zaoczne studia w <\/span><a href=\"https:\/\/pl.wikipedia.org\/wiki\/Wydzia%C5%82_Ekonomiczny_Uniwersytetu_Gda%C5%84skiego\"><span style=\"font-weight: 400;\">Wy\u017cszej Szkole Ekonomicznej w Sopocie<\/span><\/a><span style=\"font-weight: 400;\">, kt\u00f3re uko\u0144czy\u0142 w 1964 roku. Okaza\u0142o si\u0119 jednak, \u017ce nie praca zawodowa b\u0119dzie celem jego \u017cycia, a szeroko poj\u0119ta dzia\u0142alno\u015b\u0107 spo\u0142eczna, w tym krajoznawcza i publicystyczna.\u00a0<\/span><\/p>\n<p><span style=\"font-weight: 400;\">Wst\u0119puj\u0105c 13 kwietnia 1954 roku w szeregi Polskiego Towarzystwa Turystyczno-Krajoznawczego, rozpocz\u0105\u0142 swoj\u0105 kilkudziesi\u0119cioletni\u0105 przygod\u0119 z dzia\u0142alno\u015bci\u0105 turystyczno-krajoznawcz\u0105, lektorsk\u0105 i publicystyczn\u0105. Swoj\u0105 dzia\u0142alno\u015b\u0107 prowadzi\u0142 najpierw w Oddziale \u201eTr\u00f3jmiasto\u201d, a p\u00f3\u017aniej kontynuowa\u0142 j\u0105 w Oddziale Gda\u0144skim PTTK. Ju\u017c po dziewi\u0119ciu miesi\u0105cach przynale\u017cno\u015bci do PTTK zosta\u0142 doceniony i uzyska\u0142 mandat delegata z Okr\u0119gu Gda\u0144skiego na II Walny Zjazd Delegat\u00f3w PTTK, kt\u00f3ry odby\u0142 si\u0119 15\u201316 stycznia 1955 roku w Warszawie. W 1957 roku ukaza\u0142a si\u0119 jego pierwsza publikacja \u201eWczasy Szlakiem Kaszubskim\u201d. Okaza\u0142o si\u0119, \u017ce napisanie kolejnych, to tylko kwestia czasu.<\/span><\/p>\n<p><span style=\"font-weight: 400;\">W 1960 roku uzyska\u0142 uprawnienia przewodnika po Tr\u00f3jmie\u015bcie i P\u00f3\u0142wyspie Helskim, ale tytu\u0142 Zas\u0142u\u017conego Instruktora Krajoznawstwa otrzyma\u0142 dopiero w 1990 roku, wi\u0119c zaj\u0119\u0142o mu to trzydzie\u015bci lat. Od 1955 roku wsp\u00f3\u0142pracowa\u0142 z pras\u0105, publikuj\u0105c m.in. w \u201e<\/span><a href=\"https:\/\/pl.wikipedia.org\/wiki\/Dziennik_Ba%C5%82tycki\"><span style=\"font-weight: 400;\">Dzienniku Ba\u0142tyckim<\/span><\/a><span style=\"font-weight: 400;\">\u201d, \u201e<\/span><a href=\"https:\/\/pl.wikipedia.org\/w\/index.php?title=Kasz%C3%ABb%C3%AB_(czasopismo)&amp;action=edit&amp;redlink=1\"><span style=\"font-weight: 400;\">Kasz\u00ebb\u00eb<\/span><\/a><span style=\"font-weight: 400;\">\u201d, \u201e<\/span><a href=\"https:\/\/pl.wikipedia.org\/wiki\/G%C5%82os_Wybrze%C5%BCa\"><span style=\"font-weight: 400;\">G\u0142osie Wybrze\u017ca<\/span><\/a><span style=\"font-weight: 400;\">\u201d, \u201e<\/span><a href=\"https:\/\/pl.wikipedia.org\/wiki\/Turysta_(czasopismo,_1952%E2%80%931961)\"><span style=\"font-weight: 400;\">Tury\u015bcie<\/span><\/a><span style=\"font-weight: 400;\">\u201d, \u201e\u015awiatowidzie\u201d, \u201eTygodniku Morskim\u201d, \u201e<\/span><a href=\"https:\/\/pl.wikipedia.org\/wiki\/Litery_(czasopismo)\"><span style=\"font-weight: 400;\">Literach<\/span><\/a><span style=\"font-weight: 400;\">\u201d i \u201eZiemi\u201d. W 1963 roku zorganizowa\u0142 konkurs, kontynuowany przez wiele lat, \u201eNagrody im. dr. Aleksandra Majkowskiego\u201d na najlepsze ksi\u0105\u017cki i opracowania o tematyce krajoznawczej. By\u0142 organizatorem pierwszego w kraju Przegl\u0105du Kolorowych Prze\u017aroczy Krajoznawczych. Ponadto by\u0142 gda\u0144skim korespondentem Warszawskiej Turystycznej Agencji Prasowej, a w 1957 roku sta\u0142 si\u0119 jednym z za\u0142o\u017cycieli periodyku \u201eBiuletyn PTTK Okr\u0119gu Gda\u0144skiego\u201d, kt\u00f3ry w 1958 roku zmieni\u0142 nazw\u0119 na \u201eEcho Krajoznawc\u00f3w i Turyst\u00f3w\u201d, a w styczniu kolejnego roku na \u201eJantarowe Szlaki\u201d. Od momentu powstania pisma do 1966 roku by\u0142 jego pierwszym kierownikiem i redaktorem naczelnym. Pe\u0142ni\u0105c w latach 1965\u20131998 funkcj\u0119 przewodnicz\u0105cego Wojew\u00f3dzkiej Komisji Krajoznawczej PTTK rozwija\u0142 swoj\u0105 pasj\u0119 krajoznawcz\u0105, b\u0119d\u0105c inicjatorem niezliczonej ilo\u015bci przedsi\u0119wzi\u0119\u0107. Przez kilkadziesi\u0105t lat wyg\u0142osi\u0142 setki odczyt\u00f3w i pogadanek krajoznawczych i historycznych. Maj\u0105c na uwadze potrzeb\u0119 rozwoju struktur turystyczno-krajoznawczych na Pomorzu, za\u0142o\u017cy\u0142 trzy kluby turystyczne: \u201eRadunia\u201d, \u201eMerkator\u201d i \u201eGo\u015bciniec\u201d. Nale\u017cy wspomnie\u0107 r\u00f3wnie\u017c o jego dzia\u0142alno\u015bci w Gdyni, z kt\u00f3r\u0105 rozpocz\u0105\u0142 wsp\u00f3\u0142prac\u0119 ju\u017c w 1958 roku. By\u0142 mi\u0119dzy innymi inicjatorem powstania Izby Pami\u0119ci Stefana \u017beromskiego w Szkole Podstawowej nr 28 i organizatorem konkursu plastycznego o tym pisarzu. Jako pierwszy wyst\u0105pi\u0142 z inicjatyw\u0105 utworzenia Muzeum \u2013 Domek \u017beromskiego w Or\u0142owie, w kt\u00f3rym p\u00f3\u017aniej, przez kilka lat organizowa\u0142 seminaria krajoznawcze o \u017beromskim. Dzi\u0119ki jego og\u00f3lnopolskiemu apelowi wiele pami\u0105tek po pisarzu trafi\u0142o do Towarzystwa Mi\u0142o\u015bnik\u00f3w Gdyni. W Gdyni pom\u00f3g\u0142 r\u00f3wnie\u017c zorganizowa\u0107 i zabra\u0107 eksponaty do Izby Pami\u0119ci Eugeniusza Kwiatkowskiego w szkole jego imienia. By\u0142 tak\u017ce inicjatorem, g\u0142\u00f3wnym organizatorem i kierownikiem pierwszych, og\u00f3lnodost\u0119pnych imprez, po\u015bwi\u0119conych J\u00f3zefowi Wybickiemu i B\u0119dominowi, w tym I Zlotu Krajoznawczego PTTK w 1962 roku oraz seminari\u00f3w krajoznawczych i sesji popularnonaukowych w latach 1964, 1968 i 1972 roku, na kt\u00f3rych g\u0142osi\u0142 referaty. By\u0142 inicjatorem, redaktorem naczelnym i wydawc\u0105 pierwszych w dziejach B\u0119domina publikacji o tej miejscowo\u015bci, np. \u201eZwiedzajcie B\u0119domin\u201d czy \u201eB\u0119domin, Sta\u0142a Wystawa Muzealna genera\u0142a J\u00f3zefa Wybickiego\u201d. Jako pierwszy wyst\u0105pi\u0142 w prasie og\u00f3lnopolskiej z apelem o nadsy\u0142anie eksponat\u00f3w do tworz\u0105cej si\u0119 Izby Pami\u0119ci J\u00f3zefa Wybickiego. Efektem tego apelu by\u0142o pozyskanie wielu bezcennych eksponat\u00f3w i pami\u0105tek, kt\u00f3re trafi\u0142y do tej izby. By\u0142 r\u00f3wnie\u017c inicjatorem utworzenia Izby Pami\u0119ci Izydora Gulgowskiego w Iwicznie \u2013 miejscu urodzenia tw\u00f3rcy skansenu we Wdzydzach.<\/span><\/p>\n<p><span style=\"font-weight: 400;\">By\u0142 inicjatorem i g\u0142\u00f3wnym organizatorem dwudziestu izb i sal pami\u0119ci, po\u015bwi\u0119conych wielkim Polakom. Za\u0142o\u017cy\u0142 r\u00f3wnie\u017c gda\u0144skie oddzia\u0142y Towarzystwa Polsko-Austrackiego i Towarzystwa Polsko-Tureckiego. W wyniku jego stara\u0144 wykonano okoliczno\u015bciowe medale z wizerunkami mi\u0119dzy innymi Jana Paw\u0142a II, Wincentego Pola, J\u00f3zefa Pi\u0142sudskiego, gen. J\u00f3zefa Hallera i Ignacego Jana Paderewskiego. Organizowa\u0142 og\u00f3lnopolskie konkursy plastyczne na dzie\u0142a sztuki po\u015bwi\u0119cone mi\u0119dzy innymi Janowi III Sobieskiemu, Stefanowi \u017beromskiemu, J\u00f3zefowi Wybickiemu i gen. Janowi Henrykowi D\u0105browskiemu.\u00a0<\/span><\/p>\n<p><span style=\"font-weight: 400;\">W 1991 zosta\u0142 prezesem Stowarzyszenia Mi\u0142o\u015bnik\u00f3w Tradycji \u201eMazurka D\u0105browskiego\u201d i redaktorem czasopisma \u201e<\/span><a href=\"https:\/\/pl.wikipedia.org\/w\/index.php?title=Pie%C5%9B%C5%84_skrzydlata&amp;action=edit&amp;redlink=1\"><span style=\"font-weight: 400;\">Pie\u015b\u0144 skrzydlata<\/span><\/a><span style=\"font-weight: 400;\">\u201d, po\u015bwi\u0119conego dziejom hymn\u00f3w narodowych. W trakcie jego dzia\u0142alno\u015bci ukaza\u0142o si\u0119 prawie pi\u0119\u0107dziesi\u0105t numer\u00f3w tego niezwyk\u0142ego wydawnictwa. Dzi\u0119ki jego pasji i fascynacji tematyk\u0105 hymnu narodowego oraz postaciami wielkich Polak\u00f3w, powsta\u0142a niezliczona ilo\u015b\u0107 bezcennych inicjatyw, kt\u00f3re wywar\u0142y ogromny wp\u0142yw na postrzeganie i rozumienie patriotyzmu, krajoznawstwa, regionalizmu oraz wzbogacanie wiedzy, a tak\u017ce upami\u0119tnianie wa\u017cnych wydarze\u0144 i wielkich postaci naszej historii.\u00a0<\/span><\/p>\n<p><span style=\"font-weight: 400;\">Za swoj\u0105 dzia\u0142alno\u015b\u0107 Czes\u0142aw Skonka otrzymywa\u0142 wiele wyr\u00f3\u017cnie\u0144. Mi\u0119dzy innymi w 1980 roku na Kongresie Krajoznawstwa Polskiego w P\u0142ocku otrzyma\u0142 Krzy\u017c Kawalerski Orderu Odrodzenia Polski, a w 1997 roku w czasie warszawskich uroczysto\u015bci 200-lecia narodzin \u201eMazurka D\u0105browskiego\u201d \u2013 Krzy\u017c Oficerski Orderu Odrodzenia Polski. Minister Kultury i Sztuki wyr\u00f3\u017cni\u0142 go odznak\u0105 \u201eZas\u0142u\u017cony Dzia\u0142acz Kultury\u201d, a od G\u0142\u00f3wnego Komitetu Kultury i Turystyki otrzyma\u0142 odznak\u0119 \u201eZas\u0142u\u017cony Dzia\u0142acz Turystyki\u201d. Z kolei Minister Transportu i Gospodarki Morskiej wyr\u00f3\u017cni\u0142 go z\u0142ot\u0105 odznak\u0105 \u201eZas\u0142u\u017cony Pracownik Morza\u201d. Rada Miasta Gda\u0144ska w 2008 roku, w uznaniu wybitnych zas\u0142ug dla Miasta Gda\u0144ska, przyzna\u0142a mu Medal ksi\u0119cia M\u015bciwoja II, a Prezydent Miasta Gda\u0144ska \u2013 Nagrod\u0119 w Dziedzinie Kultury. Otrzyma\u0142 r\u00f3wnie\u017c Odznaki Honorowe \u201eZas\u0142u\u017conym Ziemi Gda\u0144skiej\u201d, \u201eZa zas\u0142ugi dla Gda\u0144ska\u201d, \u201eOpiekun Miejsc Pami\u0119ci Narodowej\u201d i \u201eZa opiek\u0119 nad zabytkami\u201d, a Skarszewy nada\u0142y mu godno\u015b\u0107 Honorowego Obywatela Miasta. W\u015br\u00f3d wielu wyr\u00f3\u017cnie\u0144 od Zarz\u0105du G\u0142\u00f3wnego PTTK nale\u017cy wspomnie\u0107, Z\u0142ot\u0105 Odznak\u0119 \u201eZas\u0142u\u017cony w pracy PTTK w\u015br\u00f3d m\u0142odzie\u017cy\u201d (1988). By\u0142 niezwyk\u0142\u0105, wybitn\u0105 osobowo\u015bci\u0105 o niewyobra\u017calnej, ponadludzkiej aktywno\u015bci spo\u0142ecznej. Tej dzia\u0142alno\u015bci po\u015bwi\u0119ca\u0142 wi\u0119kszo\u015b\u0107 swojego pozazawodowego \u017cycia, ale dzi\u0119ki tej pasji i po\u015bwi\u0119ceniu pozostawi\u0142 po sobie du\u017cy dorobek, s\u0142u\u017c\u0105cy krajoznawcom i mieszka\u0144com nie tylko wojew\u00f3dztwa pomorskiego.\u00a0<\/span><\/p>\n<p><i><span style=\"font-weight: 400;\">Tekst <b>Dariusz D\u0119bski<\/b><br \/>\nZdj\u0119cia<\/span><\/i><b> Pawe\u0142 Kurgan<\/b><\/p>\n<div id=\"attachment_30473\" style=\"width: 313px\" class=\"wp-caption alignnone\"><a href=\"https:\/\/turysta2.pttk.pl\/wp-content\/uploads\/2024\/02\/1-Skonka-Czeslaw.png\"><img loading=\"lazy\" decoding=\"async\" aria-describedby=\"caption-attachment-30473\" class=\" wp-image-30473\" src=\"https:\/\/turysta2.pttk.pl\/wp-content\/uploads\/2024\/02\/1-Skonka-Czeslaw-253x300.png\" alt=\"\" width=\"303\" height=\"359\" srcset=\"https:\/\/turysta2.pttk.pl\/wp-content\/uploads\/2024\/02\/1-Skonka-Czeslaw-253x300.png 253w, https:\/\/turysta2.pttk.pl\/wp-content\/uploads\/2024\/02\/1-Skonka-Czeslaw-864x1024.png 864w, https:\/\/turysta2.pttk.pl\/wp-content\/uploads\/2024\/02\/1-Skonka-Czeslaw-768x911.png 768w, https:\/\/turysta2.pttk.pl\/wp-content\/uploads\/2024\/02\/1-Skonka-Czeslaw-1296x1536.png 1296w, https:\/\/turysta2.pttk.pl\/wp-content\/uploads\/2024\/02\/1-Skonka-Czeslaw-1727x2048.png 1727w\" sizes=\"auto, (max-width: 303px) 100vw, 303px\" \/><\/a><p id=\"caption-attachment-30473\" class=\"wp-caption-text\">Czes\u0142aw Leon Skonka, 2003 rok<\/p><\/div>\n<div id=\"attachment_30475\" style=\"width: 424px\" class=\"wp-caption alignnone\"><a href=\"https:\/\/turysta2.pttk.pl\/wp-content\/uploads\/2024\/02\/2-Honorowy-tytul-zonie-Cz.-Skonki-wrecza-zca-przewodniczacego-PKK-PTTK-J.-Wojewski-scaled.jpg\"><img loading=\"lazy\" decoding=\"async\" aria-describedby=\"caption-attachment-30475\" class=\" wp-image-30475\" src=\"https:\/\/turysta2.pttk.pl\/wp-content\/uploads\/2024\/02\/2-Honorowy-tytul-zonie-Cz.-Skonki-wrecza-zca-przewodniczacego-PKK-PTTK-J.-Wojewski-300x200.jpg\" alt=\"\" width=\"414\" height=\"276\" srcset=\"https:\/\/turysta2.pttk.pl\/wp-content\/uploads\/2024\/02\/2-Honorowy-tytul-zonie-Cz.-Skonki-wrecza-zca-przewodniczacego-PKK-PTTK-J.-Wojewski-300x200.jpg 300w, https:\/\/turysta2.pttk.pl\/wp-content\/uploads\/2024\/02\/2-Honorowy-tytul-zonie-Cz.-Skonki-wrecza-zca-przewodniczacego-PKK-PTTK-J.-Wojewski-1024x683.jpg 1024w, https:\/\/turysta2.pttk.pl\/wp-content\/uploads\/2024\/02\/2-Honorowy-tytul-zonie-Cz.-Skonki-wrecza-zca-przewodniczacego-PKK-PTTK-J.-Wojewski-768x512.jpg 768w, https:\/\/turysta2.pttk.pl\/wp-content\/uploads\/2024\/02\/2-Honorowy-tytul-zonie-Cz.-Skonki-wrecza-zca-przewodniczacego-PKK-PTTK-J.-Wojewski-1536x1024.jpg 1536w, https:\/\/turysta2.pttk.pl\/wp-content\/uploads\/2024\/02\/2-Honorowy-tytul-zonie-Cz.-Skonki-wrecza-zca-przewodniczacego-PKK-PTTK-J.-Wojewski-2048x1365.jpg 2048w\" sizes=\"auto, (max-width: 414px) 100vw, 414px\" \/><\/a><p id=\"caption-attachment-30475\" class=\"wp-caption-text\">Honorowy tytu\u0142 \u201eZas\u0142u\u017conego krajoznawcy wojew\u00f3dztwa pomorskiego\u201d odebra\u0142a \u017cona Halina. Wyr\u00f3\u017cnienie wr\u0119czy\u0142 zast\u0119pca przewodnicz\u0105cego PKK PTTK Janusz Wojewski<\/p><\/div>\n","protected":false},"excerpt":{"rendered":"W sobot\u0119 20 stycznia 2024 roku w czasie IX Forum i szkolenia krajoznawc\u00f3w z wojew\u00f3dztwa pomorskiego, zorganizowanego przez Pomorsk\u0105 Komisj\u0119 Krajoznawcz\u0105 (PKK) Pomorskiego Porozumienia Oddzia\u0142\u00f3w PTTK w gda\u0144skim Hevelianum na Gradowej G\u00f3rze odby\u0142o si\u0119 uroczyste wr\u0119czenie kolejnego medalu i honorowego tytu\u0142u \u201eZas\u0142u\u017cony krajoznawca wojew\u00f3dztwa pomorskiego\u201d. Tytu\u0142 ten ustanowiony w 2020 roku przez Pomorsk\u0105 Komisj\u0119 Krajoznawcz\u0105 przyznawany jest w czasie corocznych&nbsp;<a href=\"https:\/\/turysta2.pttk.pl\/?p=30471\" class=\"read-more\">Continue Reading<\/a>","protected":false},"author":13,"featured_media":30477,"comment_status":"closed","ping_status":"closed","sticky":false,"template":"","format":"standard","meta":{"footnotes":""},"categories":[90,11],"tags":[],"class_list":["post-30471","post","type-post","status-publish","format-standard","has-post-thumbnail","hentry","category-kalendarz-imprez","category-turysta-poleca","cat-90-id","cat-11-id"],"aioseo_notices":[],"_links":{"self":[{"href":"https:\/\/turysta2.pttk.pl\/index.php?rest_route=\/wp\/v2\/posts\/30471","targetHints":{"allow":["GET"]}}],"collection":[{"href":"https:\/\/turysta2.pttk.pl\/index.php?rest_route=\/wp\/v2\/posts"}],"about":[{"href":"https:\/\/turysta2.pttk.pl\/index.php?rest_route=\/wp\/v2\/types\/post"}],"author":[{"embeddable":true,"href":"https:\/\/turysta2.pttk.pl\/index.php?rest_route=\/wp\/v2\/users\/13"}],"replies":[{"embeddable":true,"href":"https:\/\/turysta2.pttk.pl\/index.php?rest_route=%2Fwp%2Fv2%2Fcomments&post=30471"}],"version-history":[{"count":4,"href":"https:\/\/turysta2.pttk.pl\/index.php?rest_route=\/wp\/v2\/posts\/30471\/revisions"}],"predecessor-version":[{"id":30485,"href":"https:\/\/turysta2.pttk.pl\/index.php?rest_route=\/wp\/v2\/posts\/30471\/revisions\/30485"}],"wp:featuredmedia":[{"embeddable":true,"href":"https:\/\/turysta2.pttk.pl\/index.php?rest_route=\/wp\/v2\/media\/30477"}],"wp:attachment":[{"href":"https:\/\/turysta2.pttk.pl\/index.php?rest_route=%2Fwp%2Fv2%2Fmedia&parent=30471"}],"wp:term":[{"taxonomy":"category","embeddable":true,"href":"https:\/\/turysta2.pttk.pl\/index.php?rest_route=%2Fwp%2Fv2%2Fcategories&post=30471"},{"taxonomy":"post_tag","embeddable":true,"href":"https:\/\/turysta2.pttk.pl\/index.php?rest_route=%2Fwp%2Fv2%2Ftags&post=30471"}],"curies":[{"name":"wp","href":"https:\/\/api.w.org\/{rel}","templated":true}]}}