{"id":30459,"date":"2024-02-26T13:47:24","date_gmt":"2024-02-26T11:47:24","guid":{"rendered":"https:\/\/turysta2.pttk.pl\/?p=30459"},"modified":"2024-02-26T13:47:24","modified_gmt":"2024-02-26T11:47:24","slug":"jubileusz-115-lecia-siedleckiego-oddzialu-pttk","status":"publish","type":"post","link":"https:\/\/turysta2.pttk.pl\/?p=30459","title":{"rendered":"Jubileusz 115-lecia siedleckiego Oddzia\u0142u PTTK"},"content":{"rendered":"<p><span style=\"font-weight: 400;\">Obchody 115 rocznicy powstania Oddzia\u0142u PTTK \u201ePodlasie\u201d w Siedlcach, spadkobiercy za\u0142o\u017conego w tym mie\u015bcie w 1908 roku Oddzia\u0142u Polskiego Towarzystwa Krajoznawczego rozpocz\u0119li\u015bmy 10 grudnia 2023 roku w pi\u0119knie odrestaurowanym staraniem dr Henryka Brodowskiego, w\u00f3jta gminy Siedlce, 100-letnim dworku w Ostr\u00f3wku podczas XXVII spotkania z cyklu \u201eWiecz\u00f3r wigilijny na Mazowszu i Podlasiu\u201d. By\u0142a to doskona\u0142a okazja do wr\u0119czenia odznacze\u0144 dla wyr\u00f3\u017cniaj\u0105cych si\u0119 w pracy spo\u0142ecznej siedleckich\u00a0 dzia\u0142aczy PTTK. Za wybitne zas\u0142ugi oraz ca\u0142okszta\u0142t dzia\u0142alno\u015bci na rzecz wojew\u00f3dztwa mazowieckiego Medalem Pami\u0105tkowym \u201ePRO MASOVIA\u201d uhonorowani zostali przez Marsza\u0142ka Wojew\u00f3dztwa Mazowieckiego Adama Struzika, Oddzia\u0142 PTTK \u201ePodlasie\u201d w Siedlcach i, indywidualnie, Anna Kirchner \u2013 prezes Zarz\u0105du Oddzia\u0142u. Listami gratulacyjnymi marsza\u0142ka wyr\u00f3\u017cnieni zostali: Miros\u0142aw Chmielewski, Maria i Jaros\u0142aw G\u0142owaccy, Aldona Jaworek, Dariusz Kuziak, Tomasz Nasi\u0142owski, Monika Szafra\u0144ska, Anna Toczyska oraz Iwona Wysoki\u0144ska. Z kolei Honorow\u0105 Odznak\u0119 PTTK w stopniu br\u0105zowym z r\u0105k Andrzeja Gordona \u2013 Dziekana Kr\u0119gu Senior\u00f3w, Cz\u0142onka Honorowego PTTK, oraz Mieczys\u0142awa \u017bochowskiego \u2013 Cz\u0142onka Honorowego PTTK, cz\u0142onka Zarz\u0105du G\u0142\u00f3wnego PTTK, odebra\u0142y: Ma\u0142gorzata Borkowska \u2013 przewodnik PTTK, prezes S\u0105du Kole\u017ce\u0144skiego Oddzia\u0142u, i Urszula Obr\u0119palska \u2013 przewodnik PTTK, cz\u0142onek Zarz\u0105du Oddzia\u0142u. Natalia Wojtyra \u2013 prezes Zarz\u0105du Mazowieckiego Forum Oddzia\u0142\u00f3w PTTK, i Mieczys\u0142aw \u017bochowski, wiceprezes MFO PTTK, wr\u0119czyli na r\u0119ce prezes Oddzia\u0142u specjalnie przygotowany na t\u0119 okazj\u0119 list gratulacyjny. Anna Kirchner odebra\u0142a z r\u0105k Zbigniewa Lewandowskiego \u2013 przewodnicz\u0105cego Komisji Historii i Tradycji ZG PTTK, przewodnicz\u0105cego Mazowieckiego Kolegium Instruktor\u00f3w Krajoznawstwa, legitymacj\u0119 Instruktora Krajoznawstwa Polski.<\/span><\/p>\n<p><span style=\"font-weight: 400;\">Obchody jubileuszowe zako\u0144czyli\u015bmy 7 stycznia 2024 roku w Muzeum Regionalnym im. Mieczys\u0142awa As\u0142anowicza w Siedlcach. Wyb\u00f3r miejsca nie by\u0142 przypadkowy. Promocja miasta Siedlce i Ziemi Siedleckiej s\u0105 od lat domen\u0105 siedleckiego Oddzia\u0142u PTTK, kt\u00f3rego historia \u0142\u0105czy si\u0119 nierozerwalnie z Polskim Towarzystwem Krajoznawczym. Warto przypomnie\u0107, \u017ce Mieczys\u0142aw As\u0142anowicz by\u0142 dzia\u0142aczem Polskiego Towarzystwa Krajoznawczego w Oddziale w Siedlcach w latach 1909\u20131911. Uroczysto\u015bci 7 stycznia poprzedzi\u0142a msza \u015bwi\u0119ta w intencji zmar\u0142ej 7 grudnia 2023 roku Krystyny Anusiewicz \u2013 Cz\u0142onka Honorowego PTTK, dzia\u0142aczki siedleckiego PTTK, kt\u00f3rej wiedza, do\u015bwiadczenie, krajoznawcza pasja, takt i kultura przyczyni\u0142y si\u0119 do pozyskania wielu cz\u0142onk\u00f3w naszej organizacji.<\/span><\/p>\n<p><span style=\"font-weight: 400;\">Uroczysto\u015bci w Muzeum Regionalnym rozpocz\u0119\u0142o, po powitaniu przyby\u0142ych go\u015bci przez prezes Oddzia\u0142u Ann\u0119 Kirchner, wr\u0119czenie Jaros\u0142awowi G\u0142owackiemu Z\u0142otego Krzy\u017ca Zas\u0142ugi za dzia\u0142alno\u015b\u0107 na rzecz rozwoju i upowszechniania turystyki. W imieniu Prezydenta Rzeczypospolitej Polskiej dokona\u0142 tego pose\u0142 na Sejm Krzysztof Tch\u00f3rzewski. W dalszej cz\u0119\u015bci uroczysto\u015bci odznak\u0119 i legitymacj\u0119 potwierdzaj\u0105c\u0105 nadanie Marii G\u0142owackiej Godno\u015bci Cz\u0142onka Honorowego Mazowieckiego Forum Oddzia\u0142\u00f3w PTTK wr\u0119czy\u0142a Natalia Wojtyra \u2013 prezes Zarz\u0105du MFO. Odznak\u0105 \u201eZa zas\u0142ugi dla Oddzia\u0142u\u201d uhonorowani zostali: Urszula Obr\u0119palska, Monika Szafra\u0144ska i Grzegorz Matejczuk. Z kolei Joanna Tr\u0119towska i Zbigniew G\u0142owacki otrzymali legitymacje Przodownika Turystyki Kolarskiej.<\/span><\/p>\n<p><span style=\"font-weight: 400;\">115-lecie Oddzia\u0142u by\u0142o tak\u017ce okazj\u0105 do przypomnienia wydarze\u0144, jakie towarzyszy\u0142y poprzednim jubileuszom. Mi\u0142\u0105 niespodziank\u0105 dla wielu uczestnik\u00f3w by\u0142o zaprezentowane przez Ann\u0119 Kirchner wideo-wspomnienie w postaci p\u00f3\u0142godzinnej relacji z biesiady turystycznej zorganizowanej w Muzeum Architektury Drewnianej Regionu Siedleckiego u prof. Marka Kwiatkowskiego w Suchej, zorganizowanej 21\u201322 listopada 1998 roku z okazji 90 rocznicy za\u0142o\u017cenia Oddzia\u0142u.\u00a0<\/span><\/p>\n<p><span style=\"font-weight: 400;\">W drugiej cz\u0119\u015bci uroczysto\u015bci prowadzenie obj\u0119\u0142a Monika Szafra\u0144ska, kt\u00f3ra zaprosi\u0142a na prezentacje przedstawicieli dzia\u0142aj\u0105cych aktualnie w Oddziale k\u00f3\u0142 i klub\u00f3w. By\u0142y to wszystkie kola i kluby umieszczone w porz\u0105dku alfabetycznym na przygotowanej przez Oddzia\u0142 poczt\u00f3wce:<\/span><\/p>\n<ul>\n<li style=\"font-weight: 400;\" aria-level=\"1\"><span style=\"font-weight: 400;\">Ko\u0142o Przewodnik\u00f3w Terenowych i Pilot\u00f3w PTTK im. Marii \u017byburowej (54 lata funkcjonowania) \u2013 Gra\u017cyna Woli\u0144ska, prezes Zarz\u0105du Ko\u0142a;\u00a0<\/span><\/li>\n<li style=\"font-weight: 400;\" aria-level=\"1\"><span style=\"font-weight: 400;\">Ko\u0142o Terenowe im. J\u00f3zefa Mikulskiego (40 lat) \u2013 z upowa\u017cnienia prezesa Zarz\u0105du Ko\u0142a Karoliny Bobryk \u2013 Iwona Wysoki\u0144ska;<\/span><\/li>\n<li style=\"font-weight: 400;\" aria-level=\"1\"><span style=\"font-weight: 400;\">Siedlecki Klub Turystyki Rowerowej \u201eDoktorek\u201d (30 lat) \u2013 Rados\u0142aw Wysocki, prezes Zarz\u0105du Klubu;<\/span><\/li>\n<li style=\"font-weight: 400;\" aria-level=\"1\"><span style=\"font-weight: 400;\">Siedlecki Klub Kolekcjoner\u00f3w (28 lat) \u2013 S\u0142awomir Kordaczuk, prezes Zarz\u0105du Klubu;<\/span><\/li>\n<li style=\"font-weight: 400;\" aria-level=\"1\"><span style=\"font-weight: 400;\">Klub Turystyki Motorowej \u201eMIGACZ\u201d (26 lat) \u2013 Ma\u0142gorzata Borkowska, prezes Zarz\u0105du Klubu:<\/span><\/li>\n<li style=\"font-weight: 400;\" aria-level=\"1\"><span style=\"font-weight: 400;\">Szkolno-\u015arodowiskowy Klub Turystyki Kwalifikowanej \u201eTUPTU\u015a (23 lata) \u2013 Jaros\u0142aw G\u0142owacki, za\u0142o\u017cyciel i opiekun Klubu;<\/span><\/li>\n<li style=\"font-weight: 400;\" aria-level=\"1\"><span style=\"font-weight: 400;\">Szkolno-\u015arodowiskowy Klub Turystyki Kwalifikowanej w U\u015bcimowie (8 lat) \u2013 ks. Jerzy Grochowski, za\u0142o\u017cyciel i opiekun Klubu;<\/span><\/li>\n<li style=\"font-weight: 400;\" aria-level=\"1\"><span style=\"font-weight: 400;\">Siedlecki Klub Turystyki Pieszej i Nordic Walking \u201eW\u0142\u00f3czy-Kije\u201d (3 lata) \u2013 Dorota M\u0105czka, prezes Zarz\u0105du Klubu;<\/span><\/li>\n<li style=\"font-weight: 400;\" aria-level=\"1\"><span style=\"font-weight: 400;\">Klub Turystyki Kwalifikowanej \u201eW\u0119drowcy\u201d (1rok) \u2013 Grzegorz Matejczuk, za\u0142o\u017cyciel i prezes Zarz\u0105du Klubu.<\/span><\/li>\n<\/ul>\n<p><span style=\"font-weight: 400;\">Na zako\u0144czenie prezentacji akces do w\u0142\u0105czenia si\u0119 i dzia\u0142ania w strukturach siedleckiego Oddzia\u0142u zg\u0142osi\u0142 J\u00f3zef Duma, prezes Ko\u0142a Espernato, r\u00f3wnie\u017c legitymuj\u0105cego si\u0119 115-letnim sta\u017cem istnienia w Siedlcach.<\/span><\/p>\n<p><span style=\"font-weight: 400;\">Uroczysto\u015b\u0107 u\u015bwietnili swoj\u0105 obecno\u015bci\u0105 Andrzej Sitnik, prezydent Siedlec, i Rober Szczepanik \u2013 jego zast\u0119pca, od kt\u00f3rych Anna Kirchner otrzyma\u0142a pi\u0119kne kwiaty i list gratulacyjny, dr Henryk Brodowski \u2013 w\u00f3jt gminy Siedlce, kt\u00f3ry wr\u0119czy\u0142 specjalnie przygotowane na t\u0119 okazj\u0119 gratulacje, oraz Natalia Wojtyra i Maria Janowicz \u2013 Dyrektor Centralnej Biblioteki ZG PTTK im. Kazimierza Kulwiecia w Warszawie \u2013 kt\u00f3re podarowa\u0142y pi\u0119kny album \u201ePolska zawsze, wczoraj, dzisiaj i jutro\u201d.\u00a0<\/span><\/p>\n<p><span style=\"font-weight: 400;\">Na tych, kt\u00f3rzy dotrwali do ko\u0144ca wydarzenia czeka\u0142 przygotowany przez dzia\u0142aczy Oddzia\u0142u pocz\u0119stunek i szampan z tortem. Podczas ca\u0142ej imprezy uczestnicy <\/span><span style=\"font-weight: 400;\">wydarzenia mieli okazj\u0119 zapozna\u0107 si\u0119 z 14-tomow\u0105 kronik\u0105 Oddzia\u0142u.<\/span><\/p>\n<p><em>Tekst<\/em> <strong>Anna Kirchner<br \/>\n<\/strong><em>Zdj\u0119cia <strong>Rados\u0142aw Wysocki<\/strong><\/em><\/p>\n<div id=\"attachment_30465\" style=\"width: 310px\" class=\"wp-caption alignnone\"><a href=\"https:\/\/turysta2.pttk.pl\/wp-content\/uploads\/2024\/02\/2.-fot.-Radoslaw-Wysocki-scaled.jpg\"><img loading=\"lazy\" decoding=\"async\" aria-describedby=\"caption-attachment-30465\" class=\"size-medium wp-image-30465\" src=\"https:\/\/turysta2.pttk.pl\/wp-content\/uploads\/2024\/02\/2.-fot.-Radoslaw-Wysocki-300x200.jpg\" alt=\"\" width=\"300\" height=\"200\" srcset=\"https:\/\/turysta2.pttk.pl\/wp-content\/uploads\/2024\/02\/2.-fot.-Radoslaw-Wysocki-300x200.jpg 300w, https:\/\/turysta2.pttk.pl\/wp-content\/uploads\/2024\/02\/2.-fot.-Radoslaw-Wysocki-1024x683.jpg 1024w, https:\/\/turysta2.pttk.pl\/wp-content\/uploads\/2024\/02\/2.-fot.-Radoslaw-Wysocki-768x512.jpg 768w, https:\/\/turysta2.pttk.pl\/wp-content\/uploads\/2024\/02\/2.-fot.-Radoslaw-Wysocki-1536x1024.jpg 1536w, https:\/\/turysta2.pttk.pl\/wp-content\/uploads\/2024\/02\/2.-fot.-Radoslaw-Wysocki-2048x1365.jpg 2048w\" sizes=\"auto, (max-width: 300px) 100vw, 300px\" \/><\/a><p id=\"caption-attachment-30465\" class=\"wp-caption-text\">Maria i Jaros\u0142aw G\u0142owaccy opowiadaj\u0105 o pracy Szkolno-\u015arodowiskowego Klubu Turystyki Kwalifikowanej \"TUPTU\u015a\"<\/p><\/div>\n<div id=\"attachment_30461\" style=\"width: 310px\" class=\"wp-caption alignnone\"><a href=\"https:\/\/turysta2.pttk.pl\/wp-content\/uploads\/2024\/02\/3-fot.-Radoslaw-Wysocki-scaled.jpg\"><img loading=\"lazy\" decoding=\"async\" aria-describedby=\"caption-attachment-30461\" class=\"size-medium wp-image-30461\" src=\"https:\/\/turysta2.pttk.pl\/wp-content\/uploads\/2024\/02\/3-fot.-Radoslaw-Wysocki-300x200.jpg\" alt=\"\" width=\"300\" height=\"200\" srcset=\"https:\/\/turysta2.pttk.pl\/wp-content\/uploads\/2024\/02\/3-fot.-Radoslaw-Wysocki-300x200.jpg 300w, https:\/\/turysta2.pttk.pl\/wp-content\/uploads\/2024\/02\/3-fot.-Radoslaw-Wysocki-1024x683.jpg 1024w, https:\/\/turysta2.pttk.pl\/wp-content\/uploads\/2024\/02\/3-fot.-Radoslaw-Wysocki-768x512.jpg 768w, https:\/\/turysta2.pttk.pl\/wp-content\/uploads\/2024\/02\/3-fot.-Radoslaw-Wysocki-1536x1024.jpg 1536w, https:\/\/turysta2.pttk.pl\/wp-content\/uploads\/2024\/02\/3-fot.-Radoslaw-Wysocki-2048x1365.jpg 2048w\" sizes=\"auto, (max-width: 300px) 100vw, 300px\" \/><\/a><p id=\"caption-attachment-30461\" class=\"wp-caption-text\">Listy gratulacyjne od Marsza\u0142ka Wojew\u00f3dztwa Mazowieckiego Adama Struzika z r\u0105k Prezydenta miasta Siedlce Andrzeja Sitnika i Zast\u0119pcy Prezydenta Roberta Szczepanika odbieraj\u0105 od lewej: Jaros\u0142aw G\u0142owacki, Dariusz Kuziak, Maria G\u0142owacka<\/p><\/div>\n","protected":false},"excerpt":{"rendered":"Obchody 115 rocznicy powstania Oddzia\u0142u PTTK \u201ePodlasie\u201d w Siedlcach, spadkobiercy za\u0142o\u017conego w tym mie\u015bcie w 1908 roku Oddzia\u0142u Polskiego Towarzystwa Krajoznawczego rozpocz\u0119li\u015bmy 10 grudnia 2023 roku w pi\u0119knie odrestaurowanym staraniem dr Henryka Brodowskiego, w\u00f3jta gminy Siedlce, 100-letnim dworku w Ostr\u00f3wku podczas XXVII spotkania z cyklu \u201eWiecz\u00f3r wigilijny na Mazowszu i Podlasiu\u201d. By\u0142a to doskona\u0142a okazja do wr\u0119czenia odznacze\u0144 dla wyr\u00f3\u017cniaj\u0105cych&nbsp;<a href=\"https:\/\/turysta2.pttk.pl\/?p=30459\" class=\"read-more\">Continue Reading<\/a>","protected":false},"author":13,"featured_media":30463,"comment_status":"closed","ping_status":"closed","sticky":false,"template":"","format":"standard","meta":{"footnotes":""},"categories":[90,11],"tags":[],"class_list":["post-30459","post","type-post","status-publish","format-standard","has-post-thumbnail","hentry","category-kalendarz-imprez","category-turysta-poleca","cat-90-id","cat-11-id"],"aioseo_notices":[],"_links":{"self":[{"href":"https:\/\/turysta2.pttk.pl\/index.php?rest_route=\/wp\/v2\/posts\/30459","targetHints":{"allow":["GET"]}}],"collection":[{"href":"https:\/\/turysta2.pttk.pl\/index.php?rest_route=\/wp\/v2\/posts"}],"about":[{"href":"https:\/\/turysta2.pttk.pl\/index.php?rest_route=\/wp\/v2\/types\/post"}],"author":[{"embeddable":true,"href":"https:\/\/turysta2.pttk.pl\/index.php?rest_route=\/wp\/v2\/users\/13"}],"replies":[{"embeddable":true,"href":"https:\/\/turysta2.pttk.pl\/index.php?rest_route=%2Fwp%2Fv2%2Fcomments&post=30459"}],"version-history":[{"count":2,"href":"https:\/\/turysta2.pttk.pl\/index.php?rest_route=\/wp\/v2\/posts\/30459\/revisions"}],"predecessor-version":[{"id":30469,"href":"https:\/\/turysta2.pttk.pl\/index.php?rest_route=\/wp\/v2\/posts\/30459\/revisions\/30469"}],"wp:featuredmedia":[{"embeddable":true,"href":"https:\/\/turysta2.pttk.pl\/index.php?rest_route=\/wp\/v2\/media\/30463"}],"wp:attachment":[{"href":"https:\/\/turysta2.pttk.pl\/index.php?rest_route=%2Fwp%2Fv2%2Fmedia&parent=30459"}],"wp:term":[{"taxonomy":"category","embeddable":true,"href":"https:\/\/turysta2.pttk.pl\/index.php?rest_route=%2Fwp%2Fv2%2Fcategories&post=30459"},{"taxonomy":"post_tag","embeddable":true,"href":"https:\/\/turysta2.pttk.pl\/index.php?rest_route=%2Fwp%2Fv2%2Ftags&post=30459"}],"curies":[{"name":"wp","href":"https:\/\/api.w.org\/{rel}","templated":true}]}}