{"id":30397,"date":"2023-12-21T14:23:45","date_gmt":"2023-12-21T12:23:45","guid":{"rendered":"https:\/\/turysta2.pttk.pl\/?p=30397"},"modified":"2023-12-21T14:23:45","modified_gmt":"2023-12-21T12:23:45","slug":"szczecineckie-remanenty-turystyczne","status":"publish","type":"post","link":"https:\/\/turysta2.pttk.pl\/?p=30397","title":{"rendered":"Szczecineckie remanenty turystyczne"},"content":{"rendered":"<p><strong>Kolejny, 53. rok dzia\u0142alno\u015bci Wojskowego Ko\u0142a PTTK \u201eWiarusy\u201d za nami. Jesie\u0144 jest odpowiednim czasem na podsumowanie aktywno\u015bci podejmowanych przez Ko\u0142o w sferze propagowania zdrowego wypoczynku w kontakcie z natur\u0105 oraz promowania turystyki kwalifikowanej. Poniewa\u017c tych dzia\u0142a\u0144 by\u0142o ca\u0142kiem sporo, to uwa\u017cam, \u017ce warto o nich napisa\u0107. Taki swoisty remanent efekt\u00f3w naszej pracy od dw\u00f3ch lat przygotowujemy na miejskie obchody \u015awiatowego Dnia Turystyki.<\/strong><\/p>\n<p>W 2023 roku dzia\u0142ania \u201eWiarus\u00f3w\u201d skupi\u0142y si\u0119 na kontynuacji projektu turystycznego \u201eSzczecinecki wagabunda\u201d. W tym dzia\u0142aniu realizowanym pod has\u0142em \u201eSzlakiem las\u00f3w i jezior\u201d preferowan\u0105 form\u0105 turystyki kwalifikowanej by\u0142y rajdy piesze i rowerowe. Uczestniczy\u0142o w nich 167 uczni\u00f3w pod opiek\u0105 9 nauczycieli. W projektach \u201ePodr\u00f3\u017c Turystyczno-Historyczna \u2013 \u201eZachodniopomorskim Szlakiem Gryfit\u00f3w\u201d, \u201eB\u0105d\u017a bezpieczny w ruchu drogowym ina szlaku turystycznym\u201d, \u201e\u017bo\u0142nierska sztafeta pokole\u0144\u201d, \u201eLipcowi w\u0142\u00f3czykije\u201d czy \u201eW symbiozie z natur\u0105\u201d \u0142\u0105cznie wzi\u0119\u0142o udzia\u0142 510 uczni\u00f3w i 20 nauczycieli. Efekty edukacyjne i wychowawcze obj\u0119\u0142y poza oczywi\u015bcie frekwencj\u0105 tak\u017ce:<br \/>\n\u2022 zdobycie przez 35 os\u00f3b odznaki TRInO \u201eSzczeci\u0144skim Szlakiem Gryfit\u00f3w\u201d,<br \/>\n\u2022 uzyskanie przez 65 uczni\u00f3w punkt\u00f3w do Odznaki Turystyki Pieszej ,<br \/>\n\u2022 uprz\u0105tniecie przez 122 uczni\u00f3w blisko 20 kilometr\u00f3w tras pieszych, po kt\u00f3rych przebiega\u0142y rajdy organizowane przez Ko\u0142o,<br \/>\n\u2022 uczestnictwo 195 uczni\u00f3w szk\u00f3\u0142 podstawowych (klasy V\u2013VII) w spotkaniach z przedstawicielami Komendy Policji oraz PTTK. Tematyk\u0105 spotka\u0144 by\u0142 bezpieczny udzia\u0142 dzieci i m\u0142odzie\u017cy w ruchu drogowym oraz bezpiecze\u0144stwo podczas uprawiania r\u00f3\u017cnych form turystyki kwalifikowanej,<br \/>\n\u2022 udzia\u0142 127 uczni\u00f3w w szkoleniu i egzaminie na kart\u0119 rowerow\u0105,<br \/>\n\u2022 uczestnictwo 14 uczni\u00f3w w przeszkoleniu udzielania pierwszej pomocy przedmedycznej \u2013 \u0107wiczenie praktyczne resuscytacji kr\u0105\u017ceniowo- -oddechowej (RKO) na fantomie,<br \/>\n\u2022 wizyta 11 uczni\u00f3w w 2 Brygadzie Zmechanizowanej Legion\u00f3w im. Marsza\u0142ka J\u00f3zefa Pi\u0142sudskiego w Z\u0142ocie\u0144cu.<\/p>\n<p>Przez ostatnie dwa lata og\u00f3\u0142em w projektach turystycznych Ko\u0142a dla dzieci i m\u0142odzie\u017cy uczestniczy\u0142o 1079 uczni\u00f3w. Nasze dzia\u0142ania by\u0142yby niemo\u017cliwe bez wsparcia finansowego burmistrza Szczecinka, Daniela Raka. Poszczeg\u00f3lne imprezy wspierali tak\u017ce Zarz\u0105d G\u0142\u00f3wny PTTK, europose\u0142 Bartosz Ar\u0142ukowicz, szczecineccy pos\u0142owie i samorz\u0105dowcy oraz dyrektorzy i prezesi organizacji i instytucji. W trakcie miejskich obchod\u00f3w \u015awiatowego Dnia Turystyki organizowanych pod patronatem burmistrza wszystkim uczestnikom spotkania wr\u0119czono upominki okoliczno\u015bciowe, a najbardziej zaanga\u017cowanym szko\u0142om, uczniom i nauczycielom wr\u0119czono puchary, dyplomy i nagrody rzeczowe.<br \/>\nOtrzymali je m.in. zwyci\u0119zcy drugiej edycji projektu \u201eSzczecinecki wagabunda\u201d oraz najaktywniejsi cz\u0142onkowie Wojskowego Ko\u0142a PTTK \u201eWiarusy\u201d wspieraj\u0105cy wymienione wcze\u015bniej projekty i akcje. Laureatami naszego sztandarowego projektu zosta\u0142y reprezentacje szk\u00f3\u0142 podstawowych z Pars\u0119cka oraz Szczecinka (nr 4 i nr 6). Indywidualne nagrody rzeczowe otrzyma\u0142y m.in. Nadia i Angelika Go\u0142ubowicz i Oliwia N\u0119dzi oraz nauczycielki: Joanna Szczepa\u0144ska i Ma\u0142gorzata Grondys. W gronie wyr\u00f3\u017cnionych kole\u017canek i koleg\u00f3w \u2013 cz\u0142onk\u00f3w Ko\u0142a znale\u017ali si\u0119 m.in. Krystyna Bogumi\u0142 K\u0142yk, Jerzy O\u2019Bien, Zbigniew Piaseczny oraz Beata Go\u017adzik i Anna Klech. R\u00f3wnocze\u015bnie podsumowano tak\u017ce udzia\u0142 w imprezach os\u00f3b doros\u0142ych. By\u0142y to g\u0142\u00f3wnie rajdy piesze i rowerowe, wycieczki autokarowe oraz sp\u0142ywy kajakowe. W mijaj\u0105cym roku w imprezach uj\u0119tych w rocznym kalendarzu Ko\u0142a wzi\u0119\u0142o \u0142\u0105cznie udzia\u0142 513 doros\u0142ych. Imprez\u0105 ko\u0144cz\u0105c\u0105 by\u0142 piknik turystyczny, kt\u00f3ry zorganizowano 21 pa\u017adziernika na Mysiej wyspie malowniczo po\u0142o\u017conej na jeziorze Trzesieckim.<br \/>\nPatrz\u0105c w przysz\u0142o\u015b\u0107, to pierwsz\u0105 zaplanowan\u0105 imprez\u0105 w nowym roku b\u0119dzie cykliczny rajd pieszy \u201eZima 2024\u201d. Tym razem b\u0119dzie on odbywa\u0142 si\u0119 szlakiem szczecineckich murali, kt\u00f3rych w naszym mie\u015bcie jest kilkana\u015bcie.<\/p>\n<p><em>Tekst <\/em><strong>Wojciech Jerzy Knapik<\/strong><br \/>\nDzia\u0142acz PTTK, spo\u0142ecznik ze Szczecinka.<br \/>\n<em>Zdj\u0119cia<\/em> <strong>Ryszard Kieruj<\/strong><\/p>\n<div id=\"attachment_30405\" style=\"width: 396px\" class=\"wp-caption alignnone\"><a href=\"https:\/\/turysta2.pttk.pl\/wp-content\/uploads\/2023\/12\/1-Zdobylismy-odznaki-TRiNO-fot.-Ryszard-Kieruj.jpg\"><img loading=\"lazy\" decoding=\"async\" aria-describedby=\"caption-attachment-30405\" class=\" wp-image-30405\" src=\"https:\/\/turysta2.pttk.pl\/wp-content\/uploads\/2023\/12\/1-Zdobylismy-odznaki-TRiNO-fot.-Ryszard-Kieruj-300x200.jpg\" alt=\"\" width=\"386\" height=\"257\" srcset=\"https:\/\/turysta2.pttk.pl\/wp-content\/uploads\/2023\/12\/1-Zdobylismy-odznaki-TRiNO-fot.-Ryszard-Kieruj-300x200.jpg 300w, https:\/\/turysta2.pttk.pl\/wp-content\/uploads\/2023\/12\/1-Zdobylismy-odznaki-TRiNO-fot.-Ryszard-Kieruj-1024x683.jpg 1024w, https:\/\/turysta2.pttk.pl\/wp-content\/uploads\/2023\/12\/1-Zdobylismy-odznaki-TRiNO-fot.-Ryszard-Kieruj-768x512.jpg 768w, https:\/\/turysta2.pttk.pl\/wp-content\/uploads\/2023\/12\/1-Zdobylismy-odznaki-TRiNO-fot.-Ryszard-Kieruj.jpg 1280w\" sizes=\"auto, (max-width: 386px) 100vw, 386px\" \/><\/a><p id=\"caption-attachment-30405\" class=\"wp-caption-text\">Zdobywcy odznaki TRInO \u201eSzczeci\u0144skim Szlakiem Gryfit\u00f3w\u201d<\/p><\/div>\n<div id=\"attachment_30399\" style=\"width: 394px\" class=\"wp-caption alignnone\"><a href=\"https:\/\/turysta2.pttk.pl\/wp-content\/uploads\/2023\/12\/4-zdobywcy-I-miejsca-w-projekcie-Szczecinecki-wagabunda-reprezentacja-SP-6-fot.-Ryszard-Kieruj.jpg\"><img loading=\"lazy\" decoding=\"async\" aria-describedby=\"caption-attachment-30399\" class=\" wp-image-30399\" src=\"https:\/\/turysta2.pttk.pl\/wp-content\/uploads\/2023\/12\/4-zdobywcy-I-miejsca-w-projekcie-Szczecinecki-wagabunda-reprezentacja-SP-6-fot.-Ryszard-Kieruj-300x200.jpg\" alt=\"\" width=\"384\" height=\"256\" srcset=\"https:\/\/turysta2.pttk.pl\/wp-content\/uploads\/2023\/12\/4-zdobywcy-I-miejsca-w-projekcie-Szczecinecki-wagabunda-reprezentacja-SP-6-fot.-Ryszard-Kieruj-300x200.jpg 300w, https:\/\/turysta2.pttk.pl\/wp-content\/uploads\/2023\/12\/4-zdobywcy-I-miejsca-w-projekcie-Szczecinecki-wagabunda-reprezentacja-SP-6-fot.-Ryszard-Kieruj-1024x684.jpg 1024w, https:\/\/turysta2.pttk.pl\/wp-content\/uploads\/2023\/12\/4-zdobywcy-I-miejsca-w-projekcie-Szczecinecki-wagabunda-reprezentacja-SP-6-fot.-Ryszard-Kieruj-768x513.jpg 768w, https:\/\/turysta2.pttk.pl\/wp-content\/uploads\/2023\/12\/4-zdobywcy-I-miejsca-w-projekcie-Szczecinecki-wagabunda-reprezentacja-SP-6-fot.-Ryszard-Kieruj-1536x1025.jpg 1536w, https:\/\/turysta2.pttk.pl\/wp-content\/uploads\/2023\/12\/4-zdobywcy-I-miejsca-w-projekcie-Szczecinecki-wagabunda-reprezentacja-SP-6-fot.-Ryszard-Kieruj.jpg 1600w\" sizes=\"auto, (max-width: 384px) 100vw, 384px\" \/><\/a><p id=\"caption-attachment-30399\" class=\"wp-caption-text\">Zwyci\u0119zcy ze Szko\u0142y Podstawowej nr 6 ze Szczecinka<br \/>w projekcie \u201eSzczecinecki wagabunda\u201d<\/p><\/div>\n<div id=\"attachment_30407\" style=\"width: 390px\" class=\"wp-caption alignnone\"><a href=\"https:\/\/turysta2.pttk.pl\/wp-content\/uploads\/2023\/12\/5-na-zakonczenie-rajdu-ognisko-turystyczne-fot.-Ryszard-Kieruj.jpg\"><img loading=\"lazy\" decoding=\"async\" aria-describedby=\"caption-attachment-30407\" class=\" wp-image-30407\" src=\"https:\/\/turysta2.pttk.pl\/wp-content\/uploads\/2023\/12\/5-na-zakonczenie-rajdu-ognisko-turystyczne-fot.-Ryszard-Kieruj-300x199.jpg\" alt=\"\" width=\"380\" height=\"252\" srcset=\"https:\/\/turysta2.pttk.pl\/wp-content\/uploads\/2023\/12\/5-na-zakonczenie-rajdu-ognisko-turystyczne-fot.-Ryszard-Kieruj-300x199.jpg 300w, https:\/\/turysta2.pttk.pl\/wp-content\/uploads\/2023\/12\/5-na-zakonczenie-rajdu-ognisko-turystyczne-fot.-Ryszard-Kieruj-1024x679.jpg 1024w, https:\/\/turysta2.pttk.pl\/wp-content\/uploads\/2023\/12\/5-na-zakonczenie-rajdu-ognisko-turystyczne-fot.-Ryszard-Kieruj-768x509.jpg 768w, https:\/\/turysta2.pttk.pl\/wp-content\/uploads\/2023\/12\/5-na-zakonczenie-rajdu-ognisko-turystyczne-fot.-Ryszard-Kieruj-1536x1019.jpg 1536w, https:\/\/turysta2.pttk.pl\/wp-content\/uploads\/2023\/12\/5-na-zakonczenie-rajdu-ognisko-turystyczne-fot.-Ryszard-Kieruj.jpg 1604w\" sizes=\"auto, (max-width: 380px) 100vw, 380px\" \/><\/a><p id=\"caption-attachment-30407\" class=\"wp-caption-text\">Ognisko na zako\u0144czenie rajdu<\/p><\/div>\n","protected":false},"excerpt":{"rendered":"Kolejny, 53. rok dzia\u0142alno\u015bci Wojskowego Ko\u0142a PTTK \u201eWiarusy\u201d za nami. Jesie\u0144 jest odpowiednim czasem na podsumowanie aktywno\u015bci podejmowanych przez Ko\u0142o w sferze propagowania zdrowego wypoczynku w kontakcie z natur\u0105 oraz promowania turystyki kwalifikowanej. Poniewa\u017c tych dzia\u0142a\u0144 by\u0142o ca\u0142kiem sporo, to uwa\u017cam, \u017ce warto o nich napisa\u0107. Taki swoisty remanent efekt\u00f3w naszej pracy od dw\u00f3ch lat przygotowujemy na miejskie obchody \u015awiatowego&nbsp;<a href=\"https:\/\/turysta2.pttk.pl\/?p=30397\" class=\"read-more\">Continue Reading<\/a>","protected":false},"author":13,"featured_media":30403,"comment_status":"closed","ping_status":"closed","sticky":false,"template":"","format":"standard","meta":{"footnotes":""},"categories":[73,41],"tags":[],"class_list":["post-30397","post","type-post","status-publish","format-standard","has-post-thumbnail","hentry","category-turystyka-srodowiskowa","category-turystyka-pttk","cat-73-id","cat-41-id"],"aioseo_notices":[],"_links":{"self":[{"href":"https:\/\/turysta2.pttk.pl\/index.php?rest_route=\/wp\/v2\/posts\/30397","targetHints":{"allow":["GET"]}}],"collection":[{"href":"https:\/\/turysta2.pttk.pl\/index.php?rest_route=\/wp\/v2\/posts"}],"about":[{"href":"https:\/\/turysta2.pttk.pl\/index.php?rest_route=\/wp\/v2\/types\/post"}],"author":[{"embeddable":true,"href":"https:\/\/turysta2.pttk.pl\/index.php?rest_route=\/wp\/v2\/users\/13"}],"replies":[{"embeddable":true,"href":"https:\/\/turysta2.pttk.pl\/index.php?rest_route=%2Fwp%2Fv2%2Fcomments&post=30397"}],"version-history":[{"count":1,"href":"https:\/\/turysta2.pttk.pl\/index.php?rest_route=\/wp\/v2\/posts\/30397\/revisions"}],"predecessor-version":[{"id":30409,"href":"https:\/\/turysta2.pttk.pl\/index.php?rest_route=\/wp\/v2\/posts\/30397\/revisions\/30409"}],"wp:featuredmedia":[{"embeddable":true,"href":"https:\/\/turysta2.pttk.pl\/index.php?rest_route=\/wp\/v2\/media\/30403"}],"wp:attachment":[{"href":"https:\/\/turysta2.pttk.pl\/index.php?rest_route=%2Fwp%2Fv2%2Fmedia&parent=30397"}],"wp:term":[{"taxonomy":"category","embeddable":true,"href":"https:\/\/turysta2.pttk.pl\/index.php?rest_route=%2Fwp%2Fv2%2Fcategories&post=30397"},{"taxonomy":"post_tag","embeddable":true,"href":"https:\/\/turysta2.pttk.pl\/index.php?rest_route=%2Fwp%2Fv2%2Ftags&post=30397"}],"curies":[{"name":"wp","href":"https:\/\/api.w.org\/{rel}","templated":true}]}}