{"id":30389,"date":"2023-12-21T14:01:07","date_gmt":"2023-12-21T12:01:07","guid":{"rendered":"https:\/\/turysta2.pttk.pl\/?p=30389"},"modified":"2024-01-15T11:10:10","modified_gmt":"2024-01-15T09:10:10","slug":"unikatowy-jubileusz","status":"publish","type":"post","link":"https:\/\/turysta2.pttk.pl\/?p=30389","title":{"rendered":"\u201eUnikatowy\u201d jubileusz"},"content":{"rendered":"<p><strong>Uniwersytecki Klub Turystyczny \u201eUnikat\u201d powsta\u0142 60 lat temu w \u015brodowisku student\u00f3w Uniwersytetu Warszawskiego. Dzia\u0142a\u0142 od wczesnych lat 60. XX wieku do pocz\u0105tku kolejnego stulecia. Formalnie jego dzia\u0142alno\u015b\u0107 nigdy nie zosta\u0142a zako\u0144czona, cho\u0107 ostatni kurs kandydat\u00f3w na Organizatora Turystyki odby\u0142 si\u0119 w 1988 roku, ostatni prezes wybrany zosta\u0142 w 1996 roku, a studencka baza namiotowa w Sta\u0144czykach nad B\u0142\u0119dziank\u0105 przetrwa\u0142a do 2000 roku.<\/strong><\/p>\n<p>\u201eUnikat\u201d zrzesza\u0142 osoby z uprawnieniami organizatora turystyki PTTK, a jego dzia\u0142alno\u015b\u0107 koncentrowa\u0142a si\u0119 na organizacji wycieczek i rajd\u00f3w turystycznych, oboz\u00f3w w\u0119drownych w kraju i za granic\u0105, letnich baz namiotowych oraz imprez turystyki kulturowej. W latach 70. i 80. XX wieku dysponowali\u015bmy kadr\u0105 kilkudziesi\u0119ciu dzia\u0142aczy prowadz\u0105cych rozliczne imprezy. Terenem dzia\u0142alno\u015bci \u201eUnikatu\u201d w Polsce by\u0142a przede wszystkim jej cz\u0119\u015b\u0107 p\u00f3\u0142nocno-wschodnia: Suwalszczyzna, Mazury Wschodnie, Podlasie, a tak\u017ce Polesie i Mazowsze. Najwa\u017cniejszym rajdem by\u0142y \u201eWigry\u201d, od 1964 roku \u2013 rajd pieszy, w niekt\u00f3rych latach z trasami wodnymi i ko\u0144skimi. Inne wa\u017cne rajdy to nawi\u0105zuj\u0105cy do tradycji drobnoszlacheckich na Podlasiu \u201eKurdesz\u201d oraz \u201eOrient\u201d \u2013 w\u0119dr\u00f3wka do polskich Tatar\u00f3w w okolicach Sok\u00f3\u0142ki i Krynek. Obozy w\u0119drowne \u201eSudawia\u201d i \u201eGalindia\u201d prowadzi\u0142y student\u00f3w przez najpi\u0119kniejsze fragmenty Suwalszczyzny i Mazur. Specyfik\u0105 \u201eUnikatu\u201d by\u0142y imprezy w muzeach i obiektach kultury (m.in. Roman\u00f3w, Wola Okrzejska, Opinog\u00f3ra, Szyd\u0142owiec, Nidzica), z najwa\u017cniejsz\u0105 \u2013 \u201eNoc\u0105 Wagant\u00f3w\u201d, na zamku w Oporowie pod Kutnem. Wa\u017cnym nurtem by\u0142a klasyczna turystyka w\u0119drowna, g\u0142\u00f3wnie piesza, organizowana jak najbli\u017cej dzikiej przyrody. G\u0142\u00f3wne akcje zagraniczne mia\u0142y miejsce w Rumunii, NRD, Czechos\u0142owacji i na W\u0119grzech, a od 1974 roku w Turcji i Syrii (\u201eLewant\u201d) oraz Grecji. Klub dzia\u0142a\u0142 w ramach struktur PTTK, ZSP i SZSP. Potem sta\u0142 si\u0119 ju\u017c stowarzyszeniem przyjaci\u00f3\u0142, kt\u00f3rzy do dzi\u015b, wsp\u00f3lnie, w niewielkich grupach, wyruszaj\u0105 w teren, pieszo, kajakami, na rowerach i samochodami.<br \/>\n60-lecie powstania \u201eUnikatu\u201d u\u015bwietni\u0142o wydanie ksi\u0105\u017cki \u201eW\u0119drowanie 50 lat temu i dzi\u015b \u2013 z mojej perspektywy\u201d autora niniejszego tekstu, kt\u00f3ry pr\u00f3buje w niej przybli\u017cy\u0107 zmiany, jakie zasz\u0142y w turystyce w czasie p\u00f3\u0142wiecza. W ksi\u0105\u017cce opisane s\u0105 dawny i wsp\u00f3\u0142czesny sprz\u0119t turystyczny. W kolejnych rozdzia\u0142ach pojawiaj\u0105 si\u0119: turystyczne posi\u0142ki, systemy nawigacji, mapy, przewodniki czy kwestia fotografii. Poruszona jest kwestia komunikacji mi\u0119dzy uczestnikami i bezpiecze\u0144stwo, wsp\u00f3\u0142czesne gad\u017cety, kluby turystyczne i system odznak. Opisana jest organizacja imprez, w tym w turystyce akademickiej i mo\u017cliwo\u015bci noclegowe. Na ko\u0144cu autor opowiada o stosunkach z miejscow\u0105 ludno\u015bci\u0105 oraz o sposobach podr\u00f3\u017cowania. Ksi\u0105\u017cka ukaza\u0142a si\u0119 staraniem m.in. Fundacji Og\u00f3lnopolskiej Komisji Historycznej Ruchu Studenckiego i Muzeum UW. 29 wrze\u015bnia 2023 roku mia\u0142o miejsce otwarcie jubileuszowej wystawy po\u015bwi\u0119conej dzia\u0142alno\u015bci \u201eUnikatu\u201d. Swoich go\u015bcinnych prog\u00f3w udzieli\u0142o nam Muzeum Uniwersytetu Warszawskiego, w murach Starej Biblioteki Uniwersyteckiej. Du\u017c\u0105 \u017cyczliwo\u015bci\u0105 wykaza\u0142 si\u0119 Dyrektor plac\u00f3wki, dr hab. Hubert Kowalski, prof. UW, kt\u00f3ry sfinansowa\u0142 wykonanie i druk plansz opowiadaj\u0105cych o naszej dzia\u0142alno\u015bci. Scenariusz wystawy opracowa\u0142 Tomasz Krzywicki. On r\u00f3wnie\u017c przygotowa\u0142 materia\u0142 zdj\u0119ciowy (3500 fotografii) i merytoryczny do map oraz napisa\u0142 teksty. Wyboru zdj\u0119\u0107 i plastycznego opracowania wystawy dokona\u0142 \u0141ukasz Kami\u0144ski, pracownik Muzeum. Mapy ukazuj\u0105ce miejsca rajd\u00f3w, oboz\u00f3w i wyjazd\u00f3w zagranicznych opracowa\u0142 Piotr Kami\u0144ski. Wystawa obejmuje 33 plansze, w tym 24 po\u015bwi\u0119cone ludziom, kt\u00f3rzy tworzyli klub i organizowanym imprezom. Pozosta\u0142e to wielkoformatowe zdj\u0119cia pokazuj\u0105ce uczestnik\u00f3w i miejsca w\u0119dr\u00f3wek.<br \/>\nOtwarcie wystawy u\u015bwietni\u0142a sw\u0105 obecno\u015bci\u0105 prorektor ds. rozwoju, prof. dr hab. Ewa Krogulec, kt\u00f3ra z sympati\u0105 m\u00f3wi\u0142a o turystyce studenckiej. S\u0142owo wst\u0119pne wyg\u0142osi\u0142 dr hab. Hubert Kowalski, prof. UW. Otwarcie prowadzi\u0142 nasz kolega Micha\u0142 Podstawka, a kr\u00f3tki koncert wraz z hymnem \u201eUnikatu\u201d wykonali nasi gitarzy\u015bci Mirek Wilczy\u0144ski i Marian Orlikowski. Na otwarcie wystawy przyby\u0142o oko\u0142o 120 os\u00f3b \u2013 dawnych cz\u0142onk\u00f3w \u201eUnikatu\u201d, przyjaci\u00f3\u0142 klubu i ludzi, kt\u00f3rzy pami\u0119taj\u0105 boom turystyki studenckiej w 2 po\u0142owie XX wieku. Niekt\u00f3rzy m\u00f3wi\u0105, \u017ce ten dawny \u201eUnikat\u201d istnieje nadal. To prawda, istnieje \u2013 w naszych g\u0142owach i naszych sercach\u2026<\/p>\n<p>fragment hymnu \u201eUnikatu\u201d<br \/>\nMo\u017cesz nawet by\u0107 kujonem lub leserem<br \/>\nMo\u017cesz grub\u0105 ryb\u0105 by\u0107, a mo\u017cesz zerem<br \/>\nBy\u0142e\u015b tylko nie narzeka\u0142, \u017ce ci pot po twarzy \u015bcieka<br \/>\nA na pewno znajdziesz miejsce po\u015br\u00f3d nas.<br \/>\nRef.:<br \/>\nGdzie nas jeszcze nie by\u0142o \u2013 tam b\u0119dziemy<br \/>\nZawitamy, pokonamy, zdob\u0119dziemy.<br \/>\nCzy jesieni\u0105, czy te\u017c latem<br \/>\nWiosn\u0105, zim\u0105 z \u201eUnikatem\u201d.<br \/>\nZ \u201eUnikatem\u201d zawsze mi\u0142o chodzi si\u0119.<\/p>\n<p><em>Tekst i zdj\u0119cie:<\/em> <strong>Tomasz Krzywicki<\/strong><br \/>\nGeolog, kartograf, autor przewodnik\u00f3w po Polsce p\u00f3\u0142nocnowschodniej oraz kilkudziesi\u0119ciu artyku\u0142\u00f3w w czasopismach turystyczno-krajoznawczych.<\/p>\n","protected":false},"excerpt":{"rendered":"Uniwersytecki Klub Turystyczny \u201eUnikat\u201d powsta\u0142 60 lat temu w \u015brodowisku student\u00f3w Uniwersytetu Warszawskiego. Dzia\u0142a\u0142 od wczesnych lat 60. XX wieku do pocz\u0105tku kolejnego stulecia. Formalnie jego dzia\u0142alno\u015b\u0107 nigdy nie zosta\u0142a zako\u0144czona, cho\u0107 ostatni kurs kandydat\u00f3w na Organizatora Turystyki odby\u0142 si\u0119 w 1988 roku, ostatni prezes wybrany zosta\u0142 w 1996 roku, a studencka baza namiotowa w Sta\u0144czykach nad B\u0142\u0119dziank\u0105 przetrwa\u0142a do&nbsp;<a href=\"https:\/\/turysta2.pttk.pl\/?p=30389\" class=\"read-more\">Continue Reading<\/a>","protected":false},"author":13,"featured_media":30393,"comment_status":"closed","ping_status":"closed","sticky":false,"template":"","format":"standard","meta":{"footnotes":""},"categories":[90],"tags":[],"class_list":["post-30389","post","type-post","status-publish","format-standard","has-post-thumbnail","hentry","category-kalendarz-imprez","cat-90-id"],"aioseo_notices":[],"_links":{"self":[{"href":"https:\/\/turysta2.pttk.pl\/index.php?rest_route=\/wp\/v2\/posts\/30389","targetHints":{"allow":["GET"]}}],"collection":[{"href":"https:\/\/turysta2.pttk.pl\/index.php?rest_route=\/wp\/v2\/posts"}],"about":[{"href":"https:\/\/turysta2.pttk.pl\/index.php?rest_route=\/wp\/v2\/types\/post"}],"author":[{"embeddable":true,"href":"https:\/\/turysta2.pttk.pl\/index.php?rest_route=\/wp\/v2\/users\/13"}],"replies":[{"embeddable":true,"href":"https:\/\/turysta2.pttk.pl\/index.php?rest_route=%2Fwp%2Fv2%2Fcomments&post=30389"}],"version-history":[{"count":2,"href":"https:\/\/turysta2.pttk.pl\/index.php?rest_route=\/wp\/v2\/posts\/30389\/revisions"}],"predecessor-version":[{"id":30395,"href":"https:\/\/turysta2.pttk.pl\/index.php?rest_route=\/wp\/v2\/posts\/30389\/revisions\/30395"}],"wp:featuredmedia":[{"embeddable":true,"href":"https:\/\/turysta2.pttk.pl\/index.php?rest_route=\/wp\/v2\/media\/30393"}],"wp:attachment":[{"href":"https:\/\/turysta2.pttk.pl\/index.php?rest_route=%2Fwp%2Fv2%2Fmedia&parent=30389"}],"wp:term":[{"taxonomy":"category","embeddable":true,"href":"https:\/\/turysta2.pttk.pl\/index.php?rest_route=%2Fwp%2Fv2%2Fcategories&post=30389"},{"taxonomy":"post_tag","embeddable":true,"href":"https:\/\/turysta2.pttk.pl\/index.php?rest_route=%2Fwp%2Fv2%2Ftags&post=30389"}],"curies":[{"name":"wp","href":"https:\/\/api.w.org\/{rel}","templated":true}]}}