{"id":30363,"date":"2023-12-21T13:44:27","date_gmt":"2023-12-21T11:44:27","guid":{"rendered":"https:\/\/turysta2.pttk.pl\/?p=30363"},"modified":"2023-12-21T13:44:27","modified_gmt":"2023-12-21T11:44:27","slug":"kwazar-turystyczny-pttk-w-gorzowie-wielkopolskim","status":"publish","type":"post","link":"https:\/\/turysta2.pttk.pl\/?p=30363","title":{"rendered":"Kwazar Turystyczny PTTK w Gorzowie Wielkopolskim"},"content":{"rendered":"<p><strong>Astronomicznie kwazar oznacza \u017ar\u00f3d\u0142o ci\u0105g\u0142ego promieniowania o ogromnej mocy. Nasz \u201eKwazar Turystyczny PTTK\u201d to cykl wydarze\u0144 adresowanych do dzieci i m\u0142odzie\u017cy, kt\u00f3re s\u0105 realizowane w tempie niepozwalaj\u0105cym na \u015bledzenie up\u0142ywaj\u0105cego czasu. Uczestnicy mierz\u0105, w\u0119druj\u0105, dotykaj\u0105, odpowiadaj\u0105, w\u0105chaj\u0105, smakuj\u0105... Cztery spotkania by pozna\u0107 ciekawe obiekty wok\u00f3\u0142 miejsca zamieszkania, a wszystko to uroczy\u015bcie zako\u0144czone w reprezentacyjnych salach urz\u0119du miasta. Ale po kolei!<\/strong><\/p>\n<p><strong>Spotkanie pierwsze<\/strong><br \/>\nZacz\u0119li\u015bmy od rodzimego Gorzowa Wielkopolskiego, gdzie zaprosili\u015bmy uczestnik\u00f3w \u201eKwazaru\u201d do poznania siedmiu atrakcji miasta. Jak okre\u015bli\u0107 d\u0142ugo\u015b\u0107 \u015bredniowiecznych mur\u00f3w miejskich? Dok\u0142adnie mierzymy d\u0142ugo\u015b\u0107 kroku wybranego uczestnika, a potem idziemy wzd\u0142u\u017c mur\u00f3w, zliczaj\u0105c liczb\u0119 krok\u00f3w przez niego zrobion\u0105. Nast\u0119pnie obliczenia i sprawdzenie w odpowiedniej zak\u0142adce Gorzowskiego Internetowego Informatora Kulturalnego. Rado\u015b\u0107 zespo\u0142u, kt\u00f3ry by\u0142 najbli\u017cej w\u0142a\u015bciwego wyniku (130,19 m) \u2013 bezcenna. Studni\u0119 czarownic, upami\u0119tniaj\u0105c\u0105 spalenie na stosie mieszkanek Landsberga podejrzanych o czary w 1565 roku, trzeba by\u0142o naszkicowa\u0107. Przy czym ka\u017cdy uczestnik m\u00f3g\u0142 narysowa\u0107 tylko pi\u0119\u0107 kresek w ustalonej kolejno\u015bci. Praca w zespo\u0142ach okaza\u0142a si\u0119 trudna, a kierowanie grup\u0105 \u2013 jeszcze trudniejsze. Przy poznawaniu innych miejsc dzieci mog\u0142y u\u0142o\u017cy\u0107 puzzle przedstawiaj\u0105ce r\u00f3\u017cne miejsca w Gorzowie, zagra\u0107 w gorzowskiego \u201ePiotrusia\u201d czy zinterpretowa\u0107 g\u0142osowo \u201eLokomotyw\u0119\u201d Tuwima. Du\u017ce zainteresowanie wzbudzi\u0142y szachownica ukryta w pod\u0142odze katedry oraz historia Jonasza ukazana w o\u0142tarzu g\u0142\u00f3wnym.<\/p>\n<p><strong>Spotkanie drugie<br \/>\n<\/strong>Tym razem skupili\u015bmy si\u0119 na ochronie przyrody. W Kie\u0142pinie uczniowie sprawdzali obw\u00f3d najgrubszego d\u0119bu w regionie. Przy okazji dowiedzieli si\u0119, jak rozr\u00f3\u017cnia\u0107 d\u0119by szypu\u0142kowe i bezszypu\u0142kowe. W Ko\u0142czynie wyszukiwali pomniki przyrody w\u015br\u00f3d kilkusetletnich drzew rosn\u0105cych przy wje\u017adzie do wsi. Poznali \u201eLegend\u0119 o ko\u0142czy\u0144skich d\u0119bach\u201d miejscowej regionalistki Renaty Ku\u015bwik. Zwiedzili te\u017c zabytkowy poewangelicki ko\u015bci\u00f3\u0142 szachulcowy \u015bw. Stanis\u0142awa Kostki i drewnian\u0105 dzwonnic\u0119 z XVIII wieku. Z kolei w Multimedialnym O\u015brodku Edukacyjno-Muzealnym Parku Narodowego \u201eUj\u015bcie Warty\u201d w S\u0142o\u0144sku dzi\u0119ki interaktywnej ekspozycji wirtualnie lecieli balonem i p\u0142yn\u0119li \u0142odzi\u0105, szukaj\u0105c odpowiedzi na pytanie czy pierwsze by\u0142o jajo czy g\u0119\u015b. Spacerowali tak\u017ce po makiecie torfowiska, wyszukiwali rodzime gatunki ryb i dowiedzieli si\u0119, jak bobry buduj\u0105 \u017ceremia... Podczas wizyty w Lemierzycach Tomasz Rejczak zapozna\u0142 uczni\u00f3w z prac\u0105 le\u015bniczego i zaprosi\u0142 na \u015bcie\u017ck\u0119 przyrodnicz\u0105 \u201eSzlakiem dzi\u0119cio\u0142a\u201d w rezerwatach \u201eLemierzyce\u201d i \u201eDolina Postomii\u201d.<\/p>\n<p><strong>Spotkanie trzecie<br \/>\n<\/strong>W ramach tego etapu uczestnicy \u201eKwazaru\u201d poznali za\u0142o\u017cony przez Zbigniewa Czarnucha w Witnicy Park Drogowskaz\u00f3w i S\u0142up\u00f3w Milowych Cywilizacji. Park przyci\u0105ga swoj\u0105 histori\u0105 i artefaktami podzielonymi na cztery przestrzenie: kultury drogi, s\u0142up\u00f3w milowych cywilizacji, refleksji i fantazji. Uwag\u0119 przyci\u0105gaj\u0105 drewniana konstrukcja do ujarzmiania koni podczas podkuwania oraz nietypowy znak drogowy \u201eUwaga, bociany\u201d, kt\u00f3ry znajdowa\u0142 si\u0119 przed Urz\u0119dem Gminy w S\u0142o\u0144sku. Nast\u0119pnie uczniowie poznali histori\u0119 ko\u015bcio\u0142a MB Nieustaj\u0105cej Pomocy. W Mo\u015bcicach uczniowie odczytywali napis na g\u0142azie, tkwi\u0105cym w korzeniach okaza\u0142ego d\u0119bu, poznali histori\u0119 ko\u015bcio\u0142a \u015bw. Wojciecha i pomnikowy okaz morwy bia\u0142ej. W Edukacyjnym Parku Dendrologicznym PTTK upiekli przy ognisku kie\u0142baski i chleb, a nast\u0119pnie dzi\u0119ki Zbigniewowi Rudzi\u0144skiemu, za\u0142o\u017cycielowi parku, poznawali r\u00f3\u017cne gatunki drzew. Okaza\u0142o si\u0119, \u017ce 35 km od Gorzowa mo\u017cna zobaczy\u0107 a\u017c cztery gatunki cedr\u00f3w: liba\u0144ski, atlaski, himalajski i cypryjski, kt\u00f3ry przyby\u0142 do parku drog\u0105 dyplomatyczn\u0105 prosto z Cypru.<\/p>\n<p><strong>Spotkanie czwarte<br \/>\n<\/strong>Ten dzie\u0144 uczestnicy rozpocz\u0119li od wizyty w Muzeum Woldenberczyk\u00f3w w Dobiegniewie, kt\u00f3rego histori\u0119 poznali dzi\u0119ki Irenie Zmaczy\u0144skiej. Dyrektor Muzeum, Sabina J\u00f3\u017awiak, obdarowa\u0142a uczestnik\u00f3w pami\u0105tkami, przypominaj\u0105cymi o Oflagu II C Woldenberg. Kolejnym punktem wycieczki by\u0142y Wojcieszyce i roma\u0144ski ko\u015bci\u00f3\u0142 z \u0142amanego kamienia i z wie\u017c\u0105 o konstrukcji ryglowej. W Nadle\u015bnictwie K\u0142odawa po przej\u015bciu labiryntu w\u0119drowali \u015bcie\u017ck\u0105 przyrodniczo-dydaktyczn\u0105 w\u015br\u00f3d \u0142\u0119gu jesionowo-olsowego. Po drodze rozr\u00f3\u017cniali gatunki drzew, s\u0142uchali \u015bpiewu ptak\u00f3w i szukali oznak wiosny. W Izbie Pami\u0119ci, czyli Korsak\u00f3wce, Aleksandra Popio\u0142ek opowiedzia\u0142a o W\u0142odzimierzu Korsaku \u2013 pisarzu, fotografiku, malarzu, podr\u00f3\u017cniku, Naczelnym \u0141owczym RP, kt\u00f3ry ca\u0142e swoje \u017cycie po\u015bwi\u0119ci\u0142 przyrodzie. Na koniec pobytu ch\u0119tni wzi\u0119li udzia\u0142 w przyrodniczym kole fortuny.<\/p>\n<p><strong>Spotkanie fina\u0142owe<\/strong><br \/>\nTegoroczn\u0105 edycj\u0119 \u201eKwazaru\u201d uczniowie z klasy IV Szko\u0142y Podstawowej nr 17 z wychowawczyni\u0105 Ma\u0142gorzat\u0105 Miszczak oraz klas V i VI Szko\u0142y Podstawowej nr 15 z wychowawczyniami Ann\u0105 Bobin i Ann\u0105 Kosmend\u0105 podsumowali uroczy\u015bcie dzi\u0119ki Urz\u0119dowi Miasta Gorzowa Wielkopolskiego w sali sesyjnej Rady Miasta. W spotkaniu wzi\u0119li te\u017c udzia\u0142 przedstawiciele partner\u00f3w wsp\u00f3\u0142pracuj\u0105cych przy realizacji projektu. Cykl wycieczek umo\u017cliwi\u0142 przyznanie Regionalnej Odznaki Krajoznawczej PTTK Ziemi Gorzowskiej w stopniu br\u0105zowym 64 osobom. W taki to spos\u00f3b, dzi\u0119ki dostosowaniu wszystkich zada\u0144 i metod dzia\u0142ania do wieku i mo\u017cliwo\u015bci uczestnik\u00f3w, kolejne grupy dzieci i m\u0142odzie\u017cy z zainteresowaniem pozna\u0142y swoj\u0105 Ma\u0142\u0105 Ojczyzn\u0119.<\/p>\n<p><em>Regionalna Pracownia Krajoznawcza Oddzia\u0142u PTTK Ziemi Gorzowskiej serdecznie dzi\u0119kuj\u0119 za wsparcie projektu: Urz\u0119dowi Miasta Gorz\u00f3w Wlkp., Starostwu Powiatowemu, Regionalnej Dyrekcji Ochrony \u015arodowiska w\u00a0Gorzowie Wlkp., Nadle\u015bnictwu K\u0142odawa, Le\u015bnictwu Lemierzyce, O\u015brodkowi Edukacyjno-Muzealnemu Parku Narodowego \u201eUj\u015bcie Warty\u201d, Muzeum Woldenberczyk\u00f3w w\u00a0Dobiegniewie i\u00a0\u201eGLOB-BUS\u201d \u2013 przewozy autokar\u00f3w. Zadanie dofinansowane przez Zarz\u0105d G\u0142\u00f3wny PTTK w\u00a0ramach konkursu ofert na realizacj\u0119 przedsi\u0119wzi\u0119\u0107 programowych oddzia\u0142\u00f3w PTTK dla dzieci i\u00a0m\u0142odzie\u017cy.<\/em><\/p>\n<p><em>Autorzy tekstu:<\/em><br \/>\n<strong>Hanna Rudzi\u0144ska<\/strong><br \/>\nKierownik Regionalnej Pracowni Krajoznawczej PTTK w Gorzowie Wlkp., koordynatorka projektu \u201eKwazar turystyczny\"; wyr\u00f3\u017cniona tytu\u0142em Nauczyciel Kraju Ojczystego.<br \/>\n<strong>Zbigniew Rudzi\u0144ski<\/strong><br \/>\nKrajoznawca, podr\u00f3\u017cnik i alpinista; za\u0142o\u017cyciel Edukacyjnego Parku Dendrologicznego PTTK w Mo\u015bcicach; wyr\u00f3\u017cniony tytu\u0142em Nauczyciel Kraju Ojczystego.<br \/>\nZdj\u0119cia: <strong>Ma\u0142gorzata Miszczak, Anna Bobin<\/strong><strong><em><br \/>\n<\/em><\/strong><\/p>\n<div id=\"attachment_30369\" style=\"width: 405px\" class=\"wp-caption alignnone\"><a href=\"https:\/\/turysta2.pttk.pl\/wp-content\/uploads\/2023\/12\/Park-Drogowskazow-i-Slupow-Milowych-w-Witnicy-fot.-Anna-Bobin.jpg\"><img loading=\"lazy\" decoding=\"async\" aria-describedby=\"caption-attachment-30369\" class=\" wp-image-30369\" src=\"https:\/\/turysta2.pttk.pl\/wp-content\/uploads\/2023\/12\/Park-Drogowskazow-i-Slupow-Milowych-w-Witnicy-fot.-Anna-Bobin-225x300.jpg\" alt=\"\" width=\"395\" height=\"527\" srcset=\"https:\/\/turysta2.pttk.pl\/wp-content\/uploads\/2023\/12\/Park-Drogowskazow-i-Slupow-Milowych-w-Witnicy-fot.-Anna-Bobin-225x300.jpg 225w, https:\/\/turysta2.pttk.pl\/wp-content\/uploads\/2023\/12\/Park-Drogowskazow-i-Slupow-Milowych-w-Witnicy-fot.-Anna-Bobin-768x1024.jpg 768w, https:\/\/turysta2.pttk.pl\/wp-content\/uploads\/2023\/12\/Park-Drogowskazow-i-Slupow-Milowych-w-Witnicy-fot.-Anna-Bobin-1152x1536.jpg 1152w, https:\/\/turysta2.pttk.pl\/wp-content\/uploads\/2023\/12\/Park-Drogowskazow-i-Slupow-Milowych-w-Witnicy-fot.-Anna-Bobin.jpg 1536w\" sizes=\"auto, (max-width: 395px) 100vw, 395px\" \/><\/a><p id=\"caption-attachment-30369\" class=\"wp-caption-text\">Oryginalne muzeum pod go\u0142ym niebem \u2013 Park<br \/>Drogowskaz\u00f3w i S\u0142up\u00f3w Milowych Cywilizacji<br \/>fot. Anna Bobin<\/p><\/div>\n<div id=\"attachment_30365\" style=\"width: 405px\" class=\"wp-caption alignnone\"><a href=\"https:\/\/turysta2.pttk.pl\/wp-content\/uploads\/2023\/12\/Kielpin-pomnik-przyrody-fot.-Anna-Bobin.jpg\"><img loading=\"lazy\" decoding=\"async\" aria-describedby=\"caption-attachment-30365\" class=\" wp-image-30365\" src=\"https:\/\/turysta2.pttk.pl\/wp-content\/uploads\/2023\/12\/Kielpin-pomnik-przyrody-fot.-Anna-Bobin-225x300.jpg\" alt=\"\" width=\"395\" height=\"527\" srcset=\"https:\/\/turysta2.pttk.pl\/wp-content\/uploads\/2023\/12\/Kielpin-pomnik-przyrody-fot.-Anna-Bobin-225x300.jpg 225w, https:\/\/turysta2.pttk.pl\/wp-content\/uploads\/2023\/12\/Kielpin-pomnik-przyrody-fot.-Anna-Bobin.jpg 720w\" sizes=\"auto, (max-width: 395px) 100vw, 395px\" \/><\/a><p id=\"caption-attachment-30365\" class=\"wp-caption-text\">Uczniowie sprawdzili obw\u00f3d najgrubszego d\u0119bu w regionie<br \/>fot. Anna Bobin<\/p><\/div>\n<p><strong>\u00a0<\/strong><\/p>\n","protected":false},"excerpt":{"rendered":"Astronomicznie kwazar oznacza \u017ar\u00f3d\u0142o ci\u0105g\u0142ego promieniowania o ogromnej mocy. Nasz \u201eKwazar Turystyczny PTTK\u201d to cykl wydarze\u0144 adresowanych do dzieci i m\u0142odzie\u017cy, kt\u00f3re s\u0105 realizowane w tempie niepozwalaj\u0105cym na \u015bledzenie up\u0142ywaj\u0105cego czasu. Uczestnicy mierz\u0105, w\u0119druj\u0105, dotykaj\u0105, odpowiadaj\u0105, w\u0105chaj\u0105, smakuj\u0105... Cztery spotkania by pozna\u0107 ciekawe obiekty wok\u00f3\u0142 miejsca zamieszkania, a wszystko to uroczy\u015bcie zako\u0144czone w reprezentacyjnych salach urz\u0119du miasta. Ale po kolei!&nbsp;<a href=\"https:\/\/turysta2.pttk.pl\/?p=30363\" class=\"read-more\">Continue Reading<\/a>","protected":false},"author":13,"featured_media":30371,"comment_status":"closed","ping_status":"closed","sticky":false,"template":"","format":"standard","meta":{"footnotes":""},"categories":[68,41],"tags":[],"class_list":["post-30363","post","type-post","status-publish","format-standard","has-post-thumbnail","hentry","category-turystyka-piesza","category-turystyka-pttk","cat-68-id","cat-41-id"],"aioseo_notices":[],"_links":{"self":[{"href":"https:\/\/turysta2.pttk.pl\/index.php?rest_route=\/wp\/v2\/posts\/30363","targetHints":{"allow":["GET"]}}],"collection":[{"href":"https:\/\/turysta2.pttk.pl\/index.php?rest_route=\/wp\/v2\/posts"}],"about":[{"href":"https:\/\/turysta2.pttk.pl\/index.php?rest_route=\/wp\/v2\/types\/post"}],"author":[{"embeddable":true,"href":"https:\/\/turysta2.pttk.pl\/index.php?rest_route=\/wp\/v2\/users\/13"}],"replies":[{"embeddable":true,"href":"https:\/\/turysta2.pttk.pl\/index.php?rest_route=%2Fwp%2Fv2%2Fcomments&post=30363"}],"version-history":[{"count":3,"href":"https:\/\/turysta2.pttk.pl\/index.php?rest_route=\/wp\/v2\/posts\/30363\/revisions"}],"predecessor-version":[{"id":30375,"href":"https:\/\/turysta2.pttk.pl\/index.php?rest_route=\/wp\/v2\/posts\/30363\/revisions\/30375"}],"wp:featuredmedia":[{"embeddable":true,"href":"https:\/\/turysta2.pttk.pl\/index.php?rest_route=\/wp\/v2\/media\/30371"}],"wp:attachment":[{"href":"https:\/\/turysta2.pttk.pl\/index.php?rest_route=%2Fwp%2Fv2%2Fmedia&parent=30363"}],"wp:term":[{"taxonomy":"category","embeddable":true,"href":"https:\/\/turysta2.pttk.pl\/index.php?rest_route=%2Fwp%2Fv2%2Fcategories&post=30363"},{"taxonomy":"post_tag","embeddable":true,"href":"https:\/\/turysta2.pttk.pl\/index.php?rest_route=%2Fwp%2Fv2%2Ftags&post=30363"}],"curies":[{"name":"wp","href":"https:\/\/api.w.org\/{rel}","templated":true}]}}