{"id":30317,"date":"2023-12-20T13:13:55","date_gmt":"2023-12-20T11:13:55","guid":{"rendered":"https:\/\/turysta2.pttk.pl\/?p=30317"},"modified":"2023-12-21T12:17:00","modified_gmt":"2023-12-21T10:17:00","slug":"31-ogolnopolski-przeglad-ksiazki-krajoznawczej-i-turystycznej","status":"publish","type":"post","link":"https:\/\/turysta2.pttk.pl\/?p=30317","title":{"rendered":"31. Og\u00f3lnopolski Przegl\u0105d Ksi\u0105\u017cki Krajoznawczej i Turystycznej"},"content":{"rendered":"<p><strong>W dniach 20\u201321 pa\u017adziernika w siedzibie Cen\u00adtralnej Biblioteki PTTK odby\u0142o si\u0119 posiedzenie jury 31. ju\u017c edycji Og\u00f3lnopolskiego Przegl\u0105du Ksi\u0105\u017cki Krajoznawczej i Turystycznej.<\/strong><\/p>\n<p>Obradom przewodniczy\u0142 prof. Janusz Zdebski, a w sk\u0142ad gremium oceniaj\u0105cego nades\u0142ane publi\u00adkacje wchodzili przedstawiciele Towarzystwa, \u015bro\u00addowiska wydawc\u00f3w oraz o\u015brodk\u00f3w akademickich. Nad ca\u0142o\u015bci\u0105 czuwa\u0142a Komisarz Przegl\u0105du Maria Janowicz z Centralnej Biblioteki PTTK. W tegorocznej edycji Przegl\u0105du wzi\u0119\u0142o udzia\u0142 65 uczestnik\u00f3w, kt\u00f3rzy w 102 zg\u0142oszeniach przys\u0142ali 116 tom\u00f3w publikacji. Publikacje zg\u0142oszone do udzia\u0142u w Przegl\u0105dzie oceniane by\u0142y w sze\u015bciu kategoriach: albumy krajoznawcze, przewodniki, monografie oraz inne opracowania krajoznawcze, mapy i atlasy, wydawnictwa dla dzieci oraz informatory krajo\u00adznawcze. Przedmiotem oceny by\u0142a przede wszyst\u00adkim krajoznawcza zawarto\u015b\u0107 publikacji oraz forma prezentacji walor\u00f3w opisywanego terenu.<\/p>\n<p>Podobnie jak w zesz\u0142ym roku przyznano tak\u017ce Nagrod\u0119 Publiczno\u015bci. Uznanie g\u0142osuj\u0105cych zdo\u00adby\u0142a publikacja autorstwa Zbigniewa Rudzi\u0144skiego <em>Gorzowskie opowie\u015bci turystyczno-krajoznawcze <\/em>wydana przez Oddzia\u0142 PTTK Ziemi Gorzowskiej.<\/p>\n<p><em>Lista laureat\u00f3w 31. Przegl\u0105du Ksi\u0105\u017cki Krajoznawczej znajduje si\u0119 na stronie:<br \/>\n<a href=\"https:\/\/przegladksiazki.pttk.pl\/ protokol_jury_2023\/\">https:\/\/przegladksiazki.pttk.pl\/ protokol_jury_2023\/<\/a><\/em><\/p>\n<p><em>Tekst<\/em> <strong>Szymon Bijak<\/strong><br \/>\n<em>Zdj\u0119cia:<\/em> <strong>Zbigniew Szmidt, Marek Lawin<\/strong><\/p>\n<div id=\"attachment_30321\" style=\"width: 310px\" class=\"wp-caption alignnone\"><a href=\"https:\/\/turysta2.pttk.pl\/wp-content\/uploads\/2023\/12\/Przeglad-fot.-Marek-Lawin.jpg\"><img loading=\"lazy\" decoding=\"async\" aria-describedby=\"caption-attachment-30321\" class=\"size-medium wp-image-30321\" src=\"https:\/\/turysta2.pttk.pl\/wp-content\/uploads\/2023\/12\/Przeglad-fot.-Marek-Lawin-300x200.jpg\" alt=\"\" width=\"300\" height=\"200\" srcset=\"https:\/\/turysta2.pttk.pl\/wp-content\/uploads\/2023\/12\/Przeglad-fot.-Marek-Lawin-300x200.jpg 300w, https:\/\/turysta2.pttk.pl\/wp-content\/uploads\/2023\/12\/Przeglad-fot.-Marek-Lawin-1024x682.jpg 1024w, https:\/\/turysta2.pttk.pl\/wp-content\/uploads\/2023\/12\/Przeglad-fot.-Marek-Lawin-768x512.jpg 768w, https:\/\/turysta2.pttk.pl\/wp-content\/uploads\/2023\/12\/Przeglad-fot.-Marek-Lawin-1536x1024.jpg 1536w, https:\/\/turysta2.pttk.pl\/wp-content\/uploads\/2023\/12\/Przeglad-fot.-Marek-Lawin.jpg 1772w\" sizes=\"auto, (max-width: 300px) 100vw, 300px\" \/><\/a><p id=\"caption-attachment-30321\" class=\"wp-caption-text\">Jury Przegl\u0105du podczas pracy<\/p><\/div>\n","protected":false},"excerpt":{"rendered":"W dniach 20\u201321 pa\u017adziernika w siedzibie Cen\u00adtralnej Biblioteki PTTK odby\u0142o si\u0119 posiedzenie jury 31. ju\u017c edycji Og\u00f3lnopolskiego Przegl\u0105du Ksi\u0105\u017cki Krajoznawczej i Turystycznej. Obradom przewodniczy\u0142 prof. Janusz Zdebski, a w sk\u0142ad gremium oceniaj\u0105cego nades\u0142ane publi\u00adkacje wchodzili przedstawiciele Towarzystwa, \u015bro\u00addowiska wydawc\u00f3w oraz o\u015brodk\u00f3w akademickich. Nad ca\u0142o\u015bci\u0105 czuwa\u0142a Komisarz Przegl\u0105du Maria Janowicz z Centralnej Biblioteki PTTK. W tegorocznej edycji Przegl\u0105du wzi\u0119\u0142o udzia\u0142 65&nbsp;<a href=\"https:\/\/turysta2.pttk.pl\/?p=30317\" class=\"read-more\">Continue Reading<\/a>","protected":false},"author":13,"featured_media":30319,"comment_status":"closed","ping_status":"closed","sticky":false,"template":"","format":"standard","meta":{"footnotes":""},"categories":[90,11],"tags":[],"class_list":["post-30317","post","type-post","status-publish","format-standard","has-post-thumbnail","hentry","category-kalendarz-imprez","category-turysta-poleca","cat-90-id","cat-11-id"],"aioseo_notices":[],"_links":{"self":[{"href":"https:\/\/turysta2.pttk.pl\/index.php?rest_route=\/wp\/v2\/posts\/30317","targetHints":{"allow":["GET"]}}],"collection":[{"href":"https:\/\/turysta2.pttk.pl\/index.php?rest_route=\/wp\/v2\/posts"}],"about":[{"href":"https:\/\/turysta2.pttk.pl\/index.php?rest_route=\/wp\/v2\/types\/post"}],"author":[{"embeddable":true,"href":"https:\/\/turysta2.pttk.pl\/index.php?rest_route=\/wp\/v2\/users\/13"}],"replies":[{"embeddable":true,"href":"https:\/\/turysta2.pttk.pl\/index.php?rest_route=%2Fwp%2Fv2%2Fcomments&post=30317"}],"version-history":[{"count":3,"href":"https:\/\/turysta2.pttk.pl\/index.php?rest_route=\/wp\/v2\/posts\/30317\/revisions"}],"predecessor-version":[{"id":30333,"href":"https:\/\/turysta2.pttk.pl\/index.php?rest_route=\/wp\/v2\/posts\/30317\/revisions\/30333"}],"wp:featuredmedia":[{"embeddable":true,"href":"https:\/\/turysta2.pttk.pl\/index.php?rest_route=\/wp\/v2\/media\/30319"}],"wp:attachment":[{"href":"https:\/\/turysta2.pttk.pl\/index.php?rest_route=%2Fwp%2Fv2%2Fmedia&parent=30317"}],"wp:term":[{"taxonomy":"category","embeddable":true,"href":"https:\/\/turysta2.pttk.pl\/index.php?rest_route=%2Fwp%2Fv2%2Fcategories&post=30317"},{"taxonomy":"post_tag","embeddable":true,"href":"https:\/\/turysta2.pttk.pl\/index.php?rest_route=%2Fwp%2Fv2%2Ftags&post=30317"}],"curies":[{"name":"wp","href":"https:\/\/api.w.org\/{rel}","templated":true}]}}