{"id":30295,"date":"2023-12-20T13:02:36","date_gmt":"2023-12-20T11:02:36","guid":{"rendered":"https:\/\/turysta2.pttk.pl\/?p=30295"},"modified":"2023-12-20T13:02:36","modified_gmt":"2023-12-20T11:02:36","slug":"klub-entuzjastow-wypraw-gorskich","status":"publish","type":"post","link":"https:\/\/turysta2.pttk.pl\/?p=30295","title":{"rendered":"Klub entuzjast\u00f3w wypraw g\u00f3rskich"},"content":{"rendered":"<p><strong>W tym roku Warszawski Klub G\u00f3rski im. prof. Walerego Goetla obchodzi jubileusz pi\u0119\u0107dziesi\u0119ciolecia. Klub powsta\u0142 12 marca 1973 roku w starej kamienicy na Ochocie. W zebraniu za\u0142o\u017cycielskim uczestniczy\u0142o w\u00f3wczas 35 m\u0142odych os\u00f3b zafascynowanych turystyk\u0105 g\u00f3rsk\u0105. Do dzi\u015b czworo spo\u015br\u00f3d nich aktywnie dzia\u0142a w Klubie.<\/strong><\/p>\n<p>Przez 50 lat przez Klub przewin\u0119\u0142o si\u0119 ponad 700 cz\u0142onk\u00f3w. Utworzone zosta\u0142y Referat Weryfikacyjny GOT oraz sekcje Stra\u017cy Ochrony Przyrody i Turystyki Jaskiniowej. Do 1989 roku wsp\u00f3lnie z KTG Oddzia\u0142u Sto\u0142ecznego PTTK organizowano Og\u00f3lnopolskie Nocne Rajdy \u015awietlik\u00f3w. Przez lata odby\u0142o si\u0119 wiele rajd\u00f3w na terenie r\u00f3\u017cnorodnych pasm g\u00f3rskich.<br \/>\nObecnie Klub dzia\u0142a przy Oddziale PTTK \u201eMazowsze\u201d i liczy 62 cz\u0142onk\u00f3w. Szczyci si\u0119 liczn\u0105 i do\u015bwiadczon\u0105 kadr\u0105 programow\u0105. Rocznie organizuje oko\u0142o dziesi\u0119ciu imprez. Sztandarowymi wydarzeniami s\u0105 spotkania z okazji rocznicy powstania Klubu oraz dwa Rajdy \u015awietlik\u00f3w \u2013 Replika. Prezesem od 1993 roku jest Krzysztof G\u0142a\u017cewski.<br \/>\nZ okazji jubileuszu odby\u0142o si\u0119 w tym roku kilka imprez, spo\u015br\u00f3d kt\u00f3rych najwa\u017cniejsze to:<\/p>\n<p><strong>Spotkanie na Politechnice Warszawskiej<\/strong><br \/>\n16 marca 2023 roku odby\u0142o si\u0119 uroczyste spotkanie na Wydziale In\u017cynierii Chemicznej i Procesowej. W\u015br\u00f3d zaproszonych go\u015bci byli: Wojciech Orciuch, prodziekan Wydzia\u0142u, Maciej R\u00f3\u017cycki, kierownik administracyjny Wydzia\u0142u, Mieczys\u0142aw \u017bochowski, prezes Oddzia\u0142u PTTK \u201eMazowsze\u201d, oraz Jacek Nowicki, przewodnicz\u0105cy Podkomisji Klub\u00f3w G\u00f3rskich Komisji Turystyki G\u00f3rskiej Zarz\u0105du G\u0142\u00f3wnego PTTK. Go\u015bciem specjalnym by\u0142a Jadwiga Chrz\u0105stowska, wnuczka profesora Walerego Goetla. Z okazji jubileuszu ustanowiony zosta\u0142 medal oraz wykonano okoliczno\u015bciow\u0105 piecz\u0105tk\u0119. Spotkanie u\u015bwietni\u0142a wystawa grafik Jana Szarana \u2013 MOJE BAZGRO\u0141Y: Ko\u015bci\u00f3\u0142ki i cerkiewki Beskidu i Pog\u00f3rzy.<\/p>\n<div id=\"attachment_30301\" style=\"width: 310px\" class=\"wp-caption alignnone\"><a href=\"https:\/\/turysta2.pttk.pl\/wp-content\/uploads\/2023\/12\/Politechnika-Fot.-Adam-Maruszak.jpg\"><img loading=\"lazy\" decoding=\"async\" aria-describedby=\"caption-attachment-30301\" class=\"size-medium wp-image-30301\" src=\"https:\/\/turysta2.pttk.pl\/wp-content\/uploads\/2023\/12\/Politechnika-Fot.-Adam-Maruszak-300x200.jpg\" alt=\"\" width=\"300\" height=\"200\" srcset=\"https:\/\/turysta2.pttk.pl\/wp-content\/uploads\/2023\/12\/Politechnika-Fot.-Adam-Maruszak-300x200.jpg 300w, https:\/\/turysta2.pttk.pl\/wp-content\/uploads\/2023\/12\/Politechnika-Fot.-Adam-Maruszak-1024x683.jpg 1024w, https:\/\/turysta2.pttk.pl\/wp-content\/uploads\/2023\/12\/Politechnika-Fot.-Adam-Maruszak-768x512.jpg 768w, https:\/\/turysta2.pttk.pl\/wp-content\/uploads\/2023\/12\/Politechnika-Fot.-Adam-Maruszak-1536x1024.jpg 1536w\" sizes=\"auto, (max-width: 300px) 100vw, 300px\" \/><\/a><p id=\"caption-attachment-30301\" class=\"wp-caption-text\">Na Politechnice Warszawskiej Prezes Klubu Krzysztof G\u0142a\u017cewski wr\u0119cza medal prodziekanowi wydzia\u0142u In\u017cynierii Chemicznej i Procesowej dr in\u017c. Wojciechowi Orciuchowi<\/p><\/div>\n<p><strong>Jubileuszowa \u201eRocznic\u00f3wka\u201d<\/strong><br \/>\n18\u201321 maja, w Ochotnicy G\u00f3rnej w Gorcach, mia\u0142a miejsce \u201eRocznic\u00f3wka\u201d. W wyje\u017adzie uczestniczy\u0142o 45 cz\u0142onk\u00f3w i sympatyk\u00f3w Klubu oraz Jadwiga Chrz\u0105stowska i Jacek Nowicki. Odby\u0142y si\u0119 wycieczki na Gorc i Turbacz, a tak\u017ce z Koninek do schroniska \u201eStare Wierchy\u201d, z wjazdem wyci\u0105giem na Tobo\u0142\u00f3w oraz wyjazd do Szczawnicy i spacer do s\u0142owackiej Le\u015bnicy. Jedno popo\u0142udnie u\u015bwietni\u0142 wyst\u0119p kapeli g\u00f3ralskiej.<\/p>\n<div id=\"attachment_30303\" style=\"width: 310px\" class=\"wp-caption alignnone\"><a href=\"https:\/\/turysta2.pttk.pl\/wp-content\/uploads\/2023\/12\/Rocznicowka-wreczenie-medalu-Fot.-Adam-Maruszak.jpg\"><img loading=\"lazy\" decoding=\"async\" aria-describedby=\"caption-attachment-30303\" class=\"size-medium wp-image-30303\" src=\"https:\/\/turysta2.pttk.pl\/wp-content\/uploads\/2023\/12\/Rocznicowka-wreczenie-medalu-Fot.-Adam-Maruszak-300x194.jpg\" alt=\"\" width=\"300\" height=\"194\" srcset=\"https:\/\/turysta2.pttk.pl\/wp-content\/uploads\/2023\/12\/Rocznicowka-wreczenie-medalu-Fot.-Adam-Maruszak-300x194.jpg 300w, https:\/\/turysta2.pttk.pl\/wp-content\/uploads\/2023\/12\/Rocznicowka-wreczenie-medalu-Fot.-Adam-Maruszak-1024x662.jpg 1024w, https:\/\/turysta2.pttk.pl\/wp-content\/uploads\/2023\/12\/Rocznicowka-wreczenie-medalu-Fot.-Adam-Maruszak-768x497.jpg 768w, https:\/\/turysta2.pttk.pl\/wp-content\/uploads\/2023\/12\/Rocznicowka-wreczenie-medalu-Fot.-Adam-Maruszak-1536x993.jpg 1536w, https:\/\/turysta2.pttk.pl\/wp-content\/uploads\/2023\/12\/Rocznicowka-wreczenie-medalu-Fot.-Adam-Maruszak.jpg 2043w\" sizes=\"auto, (max-width: 300px) 100vw, 300px\" \/><\/a><p id=\"caption-attachment-30303\" class=\"wp-caption-text\">Wr\u0119czenie medalu 50-lecia Klubu Jadwidze Chrz\u0105stowskiej, wnuczce prof. Walerego Goetla<\/p><\/div>\n<p><strong>Spotkanie na Hali Ornak<\/strong><br \/>\nKolejne jubileuszowe spotkanie, zorganizowane przez Barbar\u0119 i Krzysztofa G\u0142a\u017cewskich, odby\u0142o si\u0119 19 wrze\u015bnia w schronisku PTTK na Hali Ornak. Wzi\u0119li w nim udzia\u0142 m.in. Anna G\u0105sienica Daniel, szefowa schroniska, oraz Wojciech Szatkowski, przedstawiciel Muzeum Tatrza\u0144skiego, i go\u015b\u0107 honorowy \u2013 Jadwiga Chrz\u0105stowska. Prezes Krzysztof G\u0142a\u017cewski wr\u0119czy\u0142 medal 50-lecia Klubu dla schroniska na Hali Ornak. Wyr\u00f3\u017cnieni w ten spos\u00f3b zostali r\u00f3wnie\u017c: Anna i Grzegorz G\u0105sienica Daniel oraz Wojciech Szatkowski. Wy\u015bwietlono filmy z poprzednich spotka\u0144 w schronisku i wycieczek w Tatrach. Nast\u0119pnego dnia pow\u0119drowano po r\u00f3\u017cnych tatrza\u0144skich szlakach.<\/p>\n<div id=\"attachment_30305\" style=\"width: 310px\" class=\"wp-caption alignnone\"><a href=\"https:\/\/turysta2.pttk.pl\/wp-content\/uploads\/2023\/12\/Ornak-Fot.-Adam-Maruszak.jpg\"><img loading=\"lazy\" decoding=\"async\" aria-describedby=\"caption-attachment-30305\" class=\"size-medium wp-image-30305\" src=\"https:\/\/turysta2.pttk.pl\/wp-content\/uploads\/2023\/12\/Ornak-Fot.-Adam-Maruszak-300x193.jpg\" alt=\"\" width=\"300\" height=\"193\" srcset=\"https:\/\/turysta2.pttk.pl\/wp-content\/uploads\/2023\/12\/Ornak-Fot.-Adam-Maruszak-300x193.jpg 300w, https:\/\/turysta2.pttk.pl\/wp-content\/uploads\/2023\/12\/Ornak-Fot.-Adam-Maruszak-1024x658.jpg 1024w, https:\/\/turysta2.pttk.pl\/wp-content\/uploads\/2023\/12\/Ornak-Fot.-Adam-Maruszak-768x493.jpg 768w\" sizes=\"auto, (max-width: 300px) 100vw, 300px\" \/><\/a><p id=\"caption-attachment-30305\" class=\"wp-caption-text\">Spotkanie w schronisku PTTK na Hali Ornak<\/p><\/div>\n<p>&nbsp;<\/p>\n<p><em>Tekst<\/em> <strong>Barbara i Krzysztof G\u0142a\u017cewscy<br \/>\n<\/strong>Cz\u0142onkowie za\u0142o\u017cyciele Warszawskiego Klubu G\u00f3rskiego im. prof. Walerego Goetla w 1973 roku, kt\u00f3rego prezesem Krzysztof jest od 1993 roku; organizatorzy imprez rocznicowych Klubu, tzw. rocznic\u00f3wek, co 5 lat od 1993 roku.<\/p>\n<p><em>Zdj\u0119cia<\/em> <strong>Adam Maruszak, Krzysztof G\u0142a\u017cewski,<br \/>\n<\/strong><strong>Ze zbior\u00f3w rodzinnych Jadwigi i Piotra Chrz\u0105stowskich<\/strong><\/p>\n<div id=\"attachment_30299\" style=\"width: 315px\" class=\"wp-caption alignnone\"><a href=\"https:\/\/turysta2.pttk.pl\/wp-content\/uploads\/2023\/12\/Fot.-Ze-zbiorow-rodzinnych-Jadwigi-i-Piotra-Chrzastowskich.jpg\"><img loading=\"lazy\" decoding=\"async\" aria-describedby=\"caption-attachment-30299\" class=\" wp-image-30299\" src=\"https:\/\/turysta2.pttk.pl\/wp-content\/uploads\/2023\/12\/Fot.-Ze-zbiorow-rodzinnych-Jadwigi-i-Piotra-Chrzastowskich.jpg\" alt=\"\" width=\"305\" height=\"216\" \/><\/a><p id=\"caption-attachment-30299\" class=\"wp-caption-text\">Walery Goetel w Tatrach, 1915 rok<br \/>Fot. Ze zbior\u00f3w rodzinnych Jadwigi i Piotra Chrz\u0105stowskich<\/p><\/div>\n<p>&nbsp;<\/p>\n<div id=\"attachment_30313\" style=\"width: 289px\" class=\"wp-caption alignnone\"><a href=\"https:\/\/turysta2.pttk.pl\/wp-content\/uploads\/2023\/12\/medale-fot.-Krzysztof-Glazewski-2.png\"><img loading=\"lazy\" decoding=\"async\" aria-describedby=\"caption-attachment-30313\" class=\"size-medium wp-image-30313\" src=\"https:\/\/turysta2.pttk.pl\/wp-content\/uploads\/2023\/12\/medale-fot.-Krzysztof-Glazewski-2-279x300.png\" alt=\"\" width=\"279\" height=\"300\" srcset=\"https:\/\/turysta2.pttk.pl\/wp-content\/uploads\/2023\/12\/medale-fot.-Krzysztof-Glazewski-2-279x300.png 279w, https:\/\/turysta2.pttk.pl\/wp-content\/uploads\/2023\/12\/medale-fot.-Krzysztof-Glazewski-2-768x825.png 768w, https:\/\/turysta2.pttk.pl\/wp-content\/uploads\/2023\/12\/medale-fot.-Krzysztof-Glazewski-2.png 894w\" sizes=\"auto, (max-width: 279px) 100vw, 279px\" \/><\/a><p id=\"caption-attachment-30313\" class=\"wp-caption-text\">Medale z okazji jubileuszu Warszawskiego<br \/>Klubu G\u00f3rskiego im. prof. Walerego Goetla<br \/>fot. Krzysztof G\u0142a\u017cewski<\/p><\/div>\n","protected":false},"excerpt":{"rendered":"W tym roku Warszawski Klub G\u00f3rski im. prof. Walerego Goetla obchodzi jubileusz pi\u0119\u0107dziesi\u0119ciolecia. Klub powsta\u0142 12 marca 1973 roku w starej kamienicy na Ochocie. W zebraniu za\u0142o\u017cycielskim uczestniczy\u0142o w\u00f3wczas 35 m\u0142odych os\u00f3b zafascynowanych turystyk\u0105 g\u00f3rsk\u0105. Do dzi\u015b czworo spo\u015br\u00f3d nich aktywnie dzia\u0142a w Klubie. Przez 50 lat przez Klub przewin\u0119\u0142o si\u0119 ponad 700 cz\u0142onk\u00f3w. Utworzone zosta\u0142y Referat Weryfikacyjny GOT oraz&nbsp;<a href=\"https:\/\/turysta2.pttk.pl\/?p=30295\" class=\"read-more\">Continue Reading<\/a>","protected":false},"author":13,"featured_media":30299,"comment_status":"closed","ping_status":"closed","sticky":false,"template":"","format":"standard","meta":{"footnotes":""},"categories":[90],"tags":[],"class_list":["post-30295","post","type-post","status-publish","format-standard","has-post-thumbnail","hentry","category-kalendarz-imprez","cat-90-id"],"aioseo_notices":[],"_links":{"self":[{"href":"https:\/\/turysta2.pttk.pl\/index.php?rest_route=\/wp\/v2\/posts\/30295","targetHints":{"allow":["GET"]}}],"collection":[{"href":"https:\/\/turysta2.pttk.pl\/index.php?rest_route=\/wp\/v2\/posts"}],"about":[{"href":"https:\/\/turysta2.pttk.pl\/index.php?rest_route=\/wp\/v2\/types\/post"}],"author":[{"embeddable":true,"href":"https:\/\/turysta2.pttk.pl\/index.php?rest_route=\/wp\/v2\/users\/13"}],"replies":[{"embeddable":true,"href":"https:\/\/turysta2.pttk.pl\/index.php?rest_route=%2Fwp%2Fv2%2Fcomments&post=30295"}],"version-history":[{"count":3,"href":"https:\/\/turysta2.pttk.pl\/index.php?rest_route=\/wp\/v2\/posts\/30295\/revisions"}],"predecessor-version":[{"id":30315,"href":"https:\/\/turysta2.pttk.pl\/index.php?rest_route=\/wp\/v2\/posts\/30295\/revisions\/30315"}],"wp:featuredmedia":[{"embeddable":true,"href":"https:\/\/turysta2.pttk.pl\/index.php?rest_route=\/wp\/v2\/media\/30299"}],"wp:attachment":[{"href":"https:\/\/turysta2.pttk.pl\/index.php?rest_route=%2Fwp%2Fv2%2Fmedia&parent=30295"}],"wp:term":[{"taxonomy":"category","embeddable":true,"href":"https:\/\/turysta2.pttk.pl\/index.php?rest_route=%2Fwp%2Fv2%2Fcategories&post=30295"},{"taxonomy":"post_tag","embeddable":true,"href":"https:\/\/turysta2.pttk.pl\/index.php?rest_route=%2Fwp%2Fv2%2Ftags&post=30295"}],"curies":[{"name":"wp","href":"https:\/\/api.w.org\/{rel}","templated":true}]}}