{"id":30261,"date":"2023-12-20T12:16:51","date_gmt":"2023-12-20T10:16:51","guid":{"rendered":"https:\/\/turysta2.pttk.pl\/?p=30261"},"modified":"2024-01-04T13:40:45","modified_gmt":"2024-01-04T11:40:45","slug":"dworek-prezydenta-w-ciechocinku","status":"publish","type":"post","link":"https:\/\/turysta2.pttk.pl\/?p=30261","title":{"rendered":"Dworek Prezydenta w Ciechocinku"},"content":{"rendered":"<p><strong>Ciechocinek jest jedn\u0105 z najbardziej znanych miejscowo\u015bci uzdrowiskowych w Polsce. Tutaj r\u00f3wnie\u017c, tak jak w Juracie czy Wi\u015ble, znajduje si\u0119 rezydencja Prezydenta Rzeczypospolitej Polskiej.<\/strong><\/p>\n<p>Dworek powsta\u0142 zgodnie z \u017cyczeniem prezydenta Ignacego Mo\u015bcickiego, kt\u00f3ry w 1932 roku przyjecha\u0142 do Ciechocinka na otwarcie nowo wybudowanego k\u0105pieliska termalno-solankowego, a nast\u0119pnie wypoczywa\u0142 w \u201eDomu Zdrojowym\u201d. Uzdrowisko wywar\u0142o na nim takie wra\u017cenie, \u017ce podj\u0119to decyzj\u0119 o wybudowaniu rezydencji wypoczynkowej na potrzeby g\u0142owy pa\u0144stwa. Wybrano zapewniaj\u0105ce spok\u00f3j i cisz\u0119 miejsce na skraju lasu sosnowego (obecnie Park Sosnowy). Uroczyste otwarcie Dworku odby\u0142o si\u0119 2 lipca 1933 roku. Niestety prezydent Mo\u015bcicki nigdy w nim nie by\u0142, gdy\u017c ponownie nie odwiedzi\u0142 ju\u017c Ciechocinka. Do 1939 roku zatrzymywali si\u0119 w nim wysokiej rangi urz\u0119dnicy pa\u0144stwowi, w tym marsza\u0142ek J\u00f3zef Pi\u0142sudski w 1934 roku, czy Maria D\u0105browska w sierpniu 1939 roku. Podczas II Wojny \u015awiatowej w obiekcie mie\u015bci\u0142a si\u0119 siedziba gestapo.<br \/>\nW latach powojennych rezydencja cz\u0119sto zmienia\u0142a swoje funkcje i przynale\u017cno\u015b\u0107. Do 1952 roku nale\u017ca\u0142a do Prezydenta RP, a w latach 1952\u20131956 do Kancelarii Rady Pa\u0144stwa. Od 1956 roku siedzib\u0119 mia\u0142 tu O\u015brodek Badawczo- -Naukowy Kliniki Laryngologii Akademii Medycznej w Warszawie. W latach 1967\u20131975 Dworek by\u0142 w\u0142asno\u015bci\u0105 Wojew\u00f3dzkiej Rady Narodowej w Bydgoszczy, a po wej\u015bciu w \u017cycie nowego podzia\u0142u administracyjnego \u2013 Wojew\u00f3dzkiej Rady Narodowej we W\u0142oc\u0142awku. Na pocz\u0105tku lat 80. Dworek przej\u0119\u0142o miasto, kt\u00f3re przez ponad kolejne 20 lat prowadzi\u0142o w nim przedszkole.<br \/>\nW 2001 roku Rada Miasta Ciechocinka zwr\u00f3ci\u0142a si\u0119 do Prezydenta RP Aleksandra Kwa\u015bniewskiego z propozycj\u0105 przywr\u00f3cenia obiektowi historycznej roli. G\u0142\u00f3wnym projektantem modernizacji i przebudowy by\u0142 in\u017c. Marcin Oborski. 2 maja 2023 roku zosta\u0142 ponownie otwarty jako rezydencja Prezydenta RP. Obecnie Dworek, opr\u00f3cz funkcji reprezentacyjnej, pe\u0142ni tak\u017ce rol\u0119 o\u015brodka informacyjno-edukacyjnego. Jest to niewielki, jednopi\u0119trowy dworek w stylu neoklasycystycznym. Z przedsionka na parterze wchodzi si\u0119 do hallu. Po lewej strony znajduj\u0105 si\u0119 schody prowadz\u0105ce na pi\u0119tro, gdzie znajduj\u0105 si\u0119 trzy apartamenty oraz jadalnia z balkonem. Po prawej stronie jest du\u017ca sala wystawowo-konferencyjna, a na wprost biblioteka. Na parterze znajduj\u0105 si\u0119 wystawy sta\u0142e po\u015bwi\u0119cone historii dworku i prezydentowi Ignacemu Mo\u015bcickiemu (hall g\u0142\u00f3wny) oraz wystawy czasowe w pozosta\u0142ych pomieszczeniach. Na poddaszu oraz w piwnicach znajduj\u0105 si\u0119 pomieszczenia s\u0142u\u017cbowe oraz techniczne. Od strony Parku Sosnowego, w ogrodzie Dworku, opr\u00f3cz naturalnego drzewostanu, rosn\u0105 kompozycje krzew\u00f3w i ro\u015blin ogrodowych. W ogrodzie znajduje si\u0119 te\u017c letni amfiteatr na 90 os\u00f3b. Na uwag\u0119 zas\u0142uguje rze\u017aba Zofii Wolskiej z 2001 roku pt. \u201eOrze\u0142 Prezydencki\u201d. W2018 roku Andrzej Duda otworzy\u0142 w Dworku wystaw\u0119 Niepodleg\u0142a. Ojcowie Niepodleg\u0142o\u015bci, kt\u00f3ra opowiada o wybitnych m\u0119\u017cach stanu, kt\u00f3rzy doprowadzili swoj\u0105 dzia\u0142alno\u015bci\u0105 do odzyskania przez Polsk\u0119 niepodleg\u0142o\u015bci w 1918 roku. Zaprezentowano m. in. J\u00f3zefa Pi\u0142sudskiego, Romana Dmowskiego, Ignacego Paderewskiego, Ignacego Daszy\u0144skiego, Wincentego Witosa, Wojciecha Korfantego, J\u00f3zefa Hallera i Kazimierza Sosnkowskiego. Ciekawym eksponatem jest makieta Pa\u0142acu Prezydenckiego wydrukowana na drukarce 3D.<br \/>\nZwiedzanie Dworku oraz wystawy odbywa si\u0119 z przewodnikiem z Biura Promocji Miasta Ciechocinka w ka\u017cdy wtorek i czwartek w godz. 14.30, 15.00, 15.30 \u2013 tury\u015bci indywidualni, oraz w \u015brod\u0119 w godz. 14.30, 15.00, 15.30 \u2013 wej\u015bcia grupowe. Oczywi\u015bcie ze wzgl\u0119du na charakter obiektu Kancelaria Prezydenta RP zastrzega sobie mo\u017cliwo\u015b\u0107 odwo\u0142ania zwiedzania w ostatniej chwili.<\/p>\n<p><em>Tekst i zdj\u0119cia:<\/em> <strong>Marcin Reczycki<\/strong><br \/>\nPrzewodnik turystyczny, instruktor krajoznawstwa Polski i ochrony przyrody PTTK, organizator turystyki, pilot, spo\u0142eczny opiekun zabytk\u00f3w, specjalista ds. ochrony d\u00f3br kultury.<\/p>\n<div id=\"attachment_30269\" style=\"width: 310px\" class=\"wp-caption alignnone\"><a href=\"https:\/\/turysta2.pttk.pl\/wp-content\/uploads\/2023\/12\/2-wystawa-fot.-Marcin-Reczycki.jpg\"><img loading=\"lazy\" decoding=\"async\" aria-describedby=\"caption-attachment-30269\" class=\"size-medium wp-image-30269\" src=\"https:\/\/turysta2.pttk.pl\/wp-content\/uploads\/2023\/12\/2-wystawa-fot.-Marcin-Reczycki-300x225.jpg\" alt=\"\" width=\"300\" height=\"225\" srcset=\"https:\/\/turysta2.pttk.pl\/wp-content\/uploads\/2023\/12\/2-wystawa-fot.-Marcin-Reczycki-300x225.jpg 300w, https:\/\/turysta2.pttk.pl\/wp-content\/uploads\/2023\/12\/2-wystawa-fot.-Marcin-Reczycki-1024x768.jpg 1024w, https:\/\/turysta2.pttk.pl\/wp-content\/uploads\/2023\/12\/2-wystawa-fot.-Marcin-Reczycki-768x576.jpg 768w\" sizes=\"auto, (max-width: 300px) 100vw, 300px\" \/><\/a><p id=\"caption-attachment-30269\" class=\"wp-caption-text\">Wystawa pt. \u201eNiepodleg\u0142a, Ojcowie Niepodleg\u0142o\u015bci\u201d<\/p><\/div>\n<div id=\"attachment_30263\" style=\"width: 310px\" class=\"wp-caption alignnone\"><a href=\"https:\/\/turysta2.pttk.pl\/wp-content\/uploads\/2023\/12\/3-makieta-3D-fot.-Marcin-Reczycki.jpg\"><img loading=\"lazy\" decoding=\"async\" aria-describedby=\"caption-attachment-30263\" class=\"size-medium wp-image-30263\" src=\"https:\/\/turysta2.pttk.pl\/wp-content\/uploads\/2023\/12\/3-makieta-3D-fot.-Marcin-Reczycki-300x225.jpg\" alt=\"\" width=\"300\" height=\"225\" srcset=\"https:\/\/turysta2.pttk.pl\/wp-content\/uploads\/2023\/12\/3-makieta-3D-fot.-Marcin-Reczycki-300x225.jpg 300w, https:\/\/turysta2.pttk.pl\/wp-content\/uploads\/2023\/12\/3-makieta-3D-fot.-Marcin-Reczycki-1024x768.jpg 1024w, https:\/\/turysta2.pttk.pl\/wp-content\/uploads\/2023\/12\/3-makieta-3D-fot.-Marcin-Reczycki-768x576.jpg 768w\" sizes=\"auto, (max-width: 300px) 100vw, 300px\" \/><\/a><p id=\"caption-attachment-30263\" class=\"wp-caption-text\">Pa\u0142ac Prezydencki wydrukowany<br \/>w technologii 3D<\/p><\/div>\n<p>&nbsp;<\/p>\n<p>&nbsp;<\/p>\n","protected":false},"excerpt":{"rendered":"Ciechocinek jest jedn\u0105 z najbardziej znanych miejscowo\u015bci uzdrowiskowych w Polsce. Tutaj r\u00f3wnie\u017c, tak jak w Juracie czy Wi\u015ble, znajduje si\u0119 rezydencja Prezydenta Rzeczypospolitej Polskiej. Dworek powsta\u0142 zgodnie z \u017cyczeniem prezydenta Ignacego Mo\u015bcickiego, kt\u00f3ry w 1932 roku przyjecha\u0142 do Ciechocinka na otwarcie nowo wybudowanego k\u0105pieliska termalno-solankowego, a nast\u0119pnie wypoczywa\u0142 w \u201eDomu Zdrojowym\u201d. Uzdrowisko wywar\u0142o na nim takie wra\u017cenie, \u017ce podj\u0119to decyzj\u0119&nbsp;<a href=\"https:\/\/turysta2.pttk.pl\/?p=30261\" class=\"read-more\">Continue Reading<\/a>","protected":false},"author":13,"featured_media":30275,"comment_status":"closed","ping_status":"closed","sticky":false,"template":"","format":"standard","meta":{"footnotes":""},"categories":[87,11],"tags":[],"class_list":["post-30261","post","type-post","status-publish","format-standard","has-post-thumbnail","hentry","category-dawniej-bywalo","category-turysta-poleca","cat-87-id","cat-11-id"],"aioseo_notices":[],"_links":{"self":[{"href":"https:\/\/turysta2.pttk.pl\/index.php?rest_route=\/wp\/v2\/posts\/30261","targetHints":{"allow":["GET"]}}],"collection":[{"href":"https:\/\/turysta2.pttk.pl\/index.php?rest_route=\/wp\/v2\/posts"}],"about":[{"href":"https:\/\/turysta2.pttk.pl\/index.php?rest_route=\/wp\/v2\/types\/post"}],"author":[{"embeddable":true,"href":"https:\/\/turysta2.pttk.pl\/index.php?rest_route=\/wp\/v2\/users\/13"}],"replies":[{"embeddable":true,"href":"https:\/\/turysta2.pttk.pl\/index.php?rest_route=%2Fwp%2Fv2%2Fcomments&post=30261"}],"version-history":[{"count":2,"href":"https:\/\/turysta2.pttk.pl\/index.php?rest_route=\/wp\/v2\/posts\/30261\/revisions"}],"predecessor-version":[{"id":30413,"href":"https:\/\/turysta2.pttk.pl\/index.php?rest_route=\/wp\/v2\/posts\/30261\/revisions\/30413"}],"wp:featuredmedia":[{"embeddable":true,"href":"https:\/\/turysta2.pttk.pl\/index.php?rest_route=\/wp\/v2\/media\/30275"}],"wp:attachment":[{"href":"https:\/\/turysta2.pttk.pl\/index.php?rest_route=%2Fwp%2Fv2%2Fmedia&parent=30261"}],"wp:term":[{"taxonomy":"category","embeddable":true,"href":"https:\/\/turysta2.pttk.pl\/index.php?rest_route=%2Fwp%2Fv2%2Fcategories&post=30261"},{"taxonomy":"post_tag","embeddable":true,"href":"https:\/\/turysta2.pttk.pl\/index.php?rest_route=%2Fwp%2Fv2%2Ftags&post=30261"}],"curies":[{"name":"wp","href":"https:\/\/api.w.org\/{rel}","templated":true}]}}