{"id":30247,"date":"2023-12-20T10:58:22","date_gmt":"2023-12-20T08:58:22","guid":{"rendered":"https:\/\/turysta2.pttk.pl\/?p=30247"},"modified":"2023-12-20T10:58:22","modified_gmt":"2023-12-20T08:58:22","slug":"za-nami-vii-kongres-krajoznawstwa-polskiego","status":"publish","type":"post","link":"https:\/\/turysta2.pttk.pl\/?p=30247","title":{"rendered":"Za nami VII Kongres Krajoznawstwa Polskiego"},"content":{"rendered":"<p><strong>\u201eKrajoznawstwo wobec tradycji i wyzwa\u0144 wsp\u00f3\u0142czesno\u015bci\u201d \u2013 pod tym has\u0142em obradowa\u0142 w \u0141odzi VII Kongres Krajoznawstwa Polskiego, kt\u00f3ry w dniach 15\u201316 wrze\u015bnia zorganizowa\u0142y Polskie Towarzystwo Turystyczno-Krajoznawcze wsp\u00f3lnie z Instytutem Geografii Miast i Turyzmu Uniwersytetu \u0141\u00f3dzkiego. D\u0142ugo wyczekiwane dwa dni referat\u00f3w i dyskusji przynios\u0142y wiele interesuj\u0105cych prze\u017cy\u0107 i pomys\u0142\u00f3w na dalsze dzia\u0142ania.<\/strong><\/p>\n<p>Co prawda Kongres zaplanowany by\u0142 na rok 2020, jednak\u017ce odby\u0142 si\u0119 z op\u00f3\u017anieniem, wynikaj\u0105cym z pandemii koronawirusa. Jego celem by\u0142o podsumowanie dzia\u0142alno\u015bci PTTK w zakresie r\u00f3\u017cnorodnych aspekt\u00f3w dzia\u0142alno\u015bci krajoznawczej, ochrony krajobrazu oraz kszta\u0142towania to\u017csamo\u015bci kulturowej. Podobnie jak i poprzednie kongresy tak\u017ce i ten \u0142\u00f3dzki mia\u0142 sk\u0142oni\u0107 do refleksji i dyskusji nad kondycj\u0105 krajoznawstwa, ustali\u0107 potencjalne kierunki dzia\u0142a\u0144 czy zwr\u00f3ci\u0107 uwag\u0119 na wyzwania, jakie wsp\u00f3\u0142czesno\u015b\u0107 stawia przed krajoznawcami. Do udzia\u0142u w obradach Kongresu zaproszono nie tylko cz\u0142onk\u00f3w Towarzystwa, ale tak\u017ce przedstawicieli innych organizacji zajmuj\u0105cych si\u0119 tym zagadnieniem, w szczeg\u00f3lno\u015bci za\u015b pracownik\u00f3w uczelni wy\u017cszych.<br \/>\nObrady Kongresu mia\u0142y miejsce w auli im. prof. Stanis\u0142awa Liszewskiego na Wydziale Nauk Geograficznych Uniwersytetu \u0141\u00f3dzkiego. Podczas dwudniowego spotkania odby\u0142o si\u0119 pi\u0119\u0107 sesji po\u015bwi\u0119conych problemom polskiego krajoznawstwa. W ich czasie wyg\u0142oszono 18 referat\u00f3w, kt\u00f3re zwie\u0144czy\u0142a dyskusja panelowa. Tematyka przedstawionych prezentacji obejmowa\u0142a zar\u00f3wno w\u0105tki historyczne, aktualne problemy i zadania krajoznawstwa, jak r\u00f3wnie\u017c ukazywa\u0142a perspektywy jego rozwoju w zmieniaj\u0105cej si\u0119 dynamicznie rzeczywisto\u015bci. Wspomniano o jubileuszach 150-lecia Polskiego Towarzystwa Tatrza\u0144skiego i 100-lecia \u201eWierch\u00f3w\u201d, przywo\u0142ano zapomniane sylwetki krajoznawc\u00f3w XVIII i XIX wieku, ukazano rol\u0119 krajoznawstwa na drodze do niepodleg\u0142o\u015bci. Zwr\u00f3cono uwag\u0119 na konieczno\u015b\u0107 modyfikacji sposob\u00f3w popularyzacji krajoznawstwa w\u015br\u00f3d m\u0142odzie\u017cy ze wzgl\u0119du na post\u0119p technologii i zaproponowano nowe rozwi\u0105zania. Wiele miejsca po\u015bwi\u0119cono problematyce krajobrazu, jego przemian, ochronie i rekonstrukcji, wspominaj\u0105c o dorobku Towarzystwa w tym zakresie.<br \/>\nZainteresowanie wywo\u0142a\u0142y wyst\u0105pienia dotycz\u0105ce perspektyw krajoznawstwa w nowej rzeczywisto\u015bci, w dobie rozwoju spo\u0142ecze\u0144stwa opartego o media, w tym zw\u0142aszcza media spo\u0142eczno\u015bciowe. Postawiono wa\u017cne pytania o to jak \u0142\u0105czy\u0107 tradycj\u0119 z nowoczesno\u015bci\u0105, w jaki spos\u00f3b dotrze\u0107 do m\u0142odzie\u017cy, jakie zadania stoj\u0105 przed Towarzystwem w dobie nowoczesnych technologii? Obradom towarzyszy\u0142y wydarzenia oko\u0142o kongresowe. Zaprezentowano specjalnie na t\u0119 okoliczno\u015b\u0107 przygotowane wystawy: Od Towarzystwa Tatrza\u0144skiego do Polskiego Towarzystwa Turystyczno-Krajoznawczego, Krajobraz Polski w obiektywie, Odznaki krajoznawcze z kolekcji Zbigniewa Lewandowskiego, Krajoznawstwo a fotografia oraz Moja fotogeniczna \u0141\u00f3d\u017a. Z kolei uroczysta kolacja na zako\u0144czenie pierwszego dnia Kongresu poprzedzona zosta\u0142a koncertem piosenki poetyckiej w wykonaniu zespo\u0142u \u201eCzerwony Tulipan\u201d.<br \/>\nW przeddzie\u0144 Kongresu przygotowano wycieczki fakultatywne, w kt\u00f3rych wzi\u0119\u0142y udzia\u0142 122 osoby. Ko\u0142o Przewodnik\u00f3w im. R. Rembieli\u0144skiego przy \u0141\u00f3dzkim Oddziale PTTK zaprosi\u0142o na zwiedzanie, kt\u00f3re odby\u0142o si\u0119 w trzech wariantach tematycznych: \u0141\u00f3dzkie judaica, Z Kanonem Krajoznawczym przez \u0141\u00f3d\u017a oraz \u0141\u00f3d\u017a rewitalizuje, \u0141\u00f3d\u017a rozkwita. Z kolei przedstawiciele \u015brodowiska przewodnickiego z oddzia\u0142\u00f3w PTTK w \u0141owiczu i \u0141\u0119czycy przygotowali wycieczki autokarowe: Co nowego u Ksi\u0119\u017cak\u00f3w, czyli najnowsze krajoznawcze klejnoty Ziemi \u0141owickiej oraz Z wizyt\u0105 u Diab\u0142a Boruty i w \u0142\u0119czyckim grodzie. Po Kongresie, dla Cz\u0142onk\u00f3w Honorowych Towarzystwa, zorganizowano wyjazd do pod\u0142\u00f3dzkiego Rogowa, do tamtejszego arboretum oraz kolejki w\u0105skotorowej.<br \/>\nUczestnicy Kongresu otrzymali pi\u0119\u0107 tom\u00f3w rocznika \u201eZiemia\u201d oraz dwa tomy czasopisma naukowego \u201eWarsztaty z Geografii Turyzmu\u201d. W obydwu periodykach opublikowano blisko 200 tekst\u00f3w zwi\u0105zanych tematycznie z programem Kongresu.<\/p>\n<p><strong>Kongres w liczbach<br \/>\n244<\/strong> osoby wzi\u0119\u0142y udzia\u0142 w obradach plenarnych.<br \/>\n<strong>122<\/strong> osoby uczestniczy\u0142y w wycieczkach fakultatywnych po \u0141odzi i okolicach.<br \/>\n<strong>23<\/strong> uczestnik\u00f3w przygotowa\u0142o i wyg\u0142osi\u0142o podczas 5 sesji referatowych 18 prezentacji dotycz\u0105cych problem\u00f3w polskiego krajoznawstwa.<br \/>\n<strong>22<\/strong> go\u015bci specjalnych przyby\u0142o na inauguracj\u0119 Kongresu. W\u015br\u00f3d nich znale\u017ali si\u0119 m.in.: metropolita \u0142\u00f3dzki kardyna\u0142 Grzegorz Ry\u015b, prezes Polskiej Organizacji Turystycznej Rafa\u0142 Szmytke, a tak\u017ce senator VIII oraz IX kadencji i jednocze\u015bnie prezes Towarzystwa Przyjaci\u00f3\u0142 \u0141odzi Ryszard Bonis\u0142awski.<br \/>\n<strong>5<\/strong> wystaw o tematyce turystycznej i krajoznawczej by\u0142o prezentowanych w kuluarach Kongresu.<br \/>\n<strong>5-osobowy<\/strong> zesp\u00f3\u0142 \u201eCzerwony Tulipan\u201d przygotowa\u0142 dla go\u015bci kongresu koncert poezji \u015bpiewanej.<br \/>\n<strong>4<\/strong> krajoznawc\u00f3w uczestniczy\u0142o w podsumowuj\u0105cej Kongres dyskusji panelowej.<\/p>\n<p>&nbsp;<\/p>\n<p><em>Wi\u0119cej informacji na temat kongres\u00f3w krajoznawstwa polskiego, a tak\u017ce \u0142\u0105cza do relacji z przebiegu obrad dost\u0119pnej w serwisie YouTube mo\u017cna znale\u017a\u0107 wchodz\u0105c na stron\u0119 <a href=\"https:\/\/kongres2023.pttk.pl\">https:\/\/kongres2023.pttk.pl<\/a><\/em><\/p>\n<p><em>Link do galerii zdj\u0119\u0107:<br \/>\n<\/em><a href=\"https:\/\/ds.pttk.pl\/photo\/mo\/sharing\/2XZJh4Gu0#\/\"><em>https:\/\/ds.pttk.pl\/photo\/mo\/sharing\/2XZJh4Gu0#\/<\/em><\/a><\/p>\n<p>&nbsp;<\/p>\n<p><em>Autorzy tekstu:<br \/>\n<\/em><strong>J\u00f3zef Partyka<\/strong><br \/>\nGeograf, emerytowany zast\u0119pca dyrektora Ojcowskiego Parku Narodowego, Cz\u0142onek Honorowy PTTK, sekretarz Komitetu Naukowego VII Kongresu Krajoznawstwa Polskiego.<br \/>\n<strong>Szymon Bijak<\/strong><br \/>\nKrajoznawca, przewodnik, nauczyciel akademicki, przewodnicz\u0105cy Komisji Krajoznawczej ZG PTTK.<br \/>\n<em>Zdj\u0119cia:<\/em> <strong>Marek Lawin<\/strong><\/p>\n","protected":false},"excerpt":{"rendered":"\u201eKrajoznawstwo wobec tradycji i wyzwa\u0144 wsp\u00f3\u0142czesno\u015bci\u201d \u2013 pod tym has\u0142em obradowa\u0142 w \u0141odzi VII Kongres Krajoznawstwa Polskiego, kt\u00f3ry w dniach 15\u201316 wrze\u015bnia zorganizowa\u0142y Polskie Towarzystwo Turystyczno-Krajoznawcze wsp\u00f3lnie z Instytutem Geografii Miast i Turyzmu Uniwersytetu \u0141\u00f3dzkiego. D\u0142ugo wyczekiwane dwa dni referat\u00f3w i dyskusji przynios\u0142y wiele interesuj\u0105cych prze\u017cy\u0107 i pomys\u0142\u00f3w na dalsze dzia\u0142ania. Co prawda Kongres zaplanowany by\u0142 na rok 2020, jednak\u017ce&nbsp;<a href=\"https:\/\/turysta2.pttk.pl\/?p=30247\" class=\"read-more\">Continue Reading<\/a>","protected":false},"author":13,"featured_media":30255,"comment_status":"closed","ping_status":"closed","sticky":false,"template":"","format":"standard","meta":{"footnotes":""},"categories":[92],"tags":[],"class_list":["post-30247","post","type-post","status-publish","format-standard","has-post-thumbnail","hentry","category-polecamy","cat-92-id"],"aioseo_notices":[],"_links":{"self":[{"href":"https:\/\/turysta2.pttk.pl\/index.php?rest_route=\/wp\/v2\/posts\/30247","targetHints":{"allow":["GET"]}}],"collection":[{"href":"https:\/\/turysta2.pttk.pl\/index.php?rest_route=\/wp\/v2\/posts"}],"about":[{"href":"https:\/\/turysta2.pttk.pl\/index.php?rest_route=\/wp\/v2\/types\/post"}],"author":[{"embeddable":true,"href":"https:\/\/turysta2.pttk.pl\/index.php?rest_route=\/wp\/v2\/users\/13"}],"replies":[{"embeddable":true,"href":"https:\/\/turysta2.pttk.pl\/index.php?rest_route=%2Fwp%2Fv2%2Fcomments&post=30247"}],"version-history":[{"count":3,"href":"https:\/\/turysta2.pttk.pl\/index.php?rest_route=\/wp\/v2\/posts\/30247\/revisions"}],"predecessor-version":[{"id":30259,"href":"https:\/\/turysta2.pttk.pl\/index.php?rest_route=\/wp\/v2\/posts\/30247\/revisions\/30259"}],"wp:featuredmedia":[{"embeddable":true,"href":"https:\/\/turysta2.pttk.pl\/index.php?rest_route=\/wp\/v2\/media\/30255"}],"wp:attachment":[{"href":"https:\/\/turysta2.pttk.pl\/index.php?rest_route=%2Fwp%2Fv2%2Fmedia&parent=30247"}],"wp:term":[{"taxonomy":"category","embeddable":true,"href":"https:\/\/turysta2.pttk.pl\/index.php?rest_route=%2Fwp%2Fv2%2Fcategories&post=30247"},{"taxonomy":"post_tag","embeddable":true,"href":"https:\/\/turysta2.pttk.pl\/index.php?rest_route=%2Fwp%2Fv2%2Ftags&post=30247"}],"curies":[{"name":"wp","href":"https:\/\/api.w.org\/{rel}","templated":true}]}}