{"id":30217,"date":"2023-12-19T13:28:11","date_gmt":"2023-12-19T11:28:11","guid":{"rendered":"https:\/\/turysta2.pttk.pl\/?p=30217"},"modified":"2023-12-19T13:28:11","modified_gmt":"2023-12-19T11:28:11","slug":"swiat-miejsc-niezwyklych-i-zapomnianych","status":"publish","type":"post","link":"https:\/\/turysta2.pttk.pl\/?p=30217","title":{"rendered":"\u015awiat miejsc niezwyk\u0142ych i zapomnianych"},"content":{"rendered":"<p><strong>Wrze\u015bniowa wycieczka Oddzia\u0142u PTTK w Ostrowcu \u015awi\u0119tokrzyskim wprowadzi\u0142a uczestnik\u00f3w w\u015bwiat miejsc niezwyk\u0142ych i zapomnianych, po\u0142o\u017conych z dala od g\u0142\u00f3wnych tras turystycznych, na wschodnim kra\u0144cu wojew\u00f3dztwa \u015bwi\u0119tokrzyskiego. <\/strong><\/p>\n<p>Pierwszym przystankiem na trasie by\u0142 Czy\u017c\u00f3w Szlachecki. Z okien autokaru, bo obiekt niedost\u0119pny z powodu remontu, zachwyca\u0142 widok p\u00f3\u017anobarokowego pa\u0142acu otoczonego parkiem krajobrazowym. Na wzg\u00f3rzu warto zwiedzi\u0107 p\u00f3\u017anobarokowy ko\u015bci\u00f3\u0142 Wszystkich \u015awi\u0119tych i \u015bw. Jana Nepomucena oraz odwiedzi\u0107 na cmentarzu groby Jadwigi Prendowskiej, kurierki genera\u0142a Mariana Langiewicza i podporucznika Antoniego Szel\u0105giewicza, weterana powstania styczniowego, dziadka Jadwigi, \u017cony Stanis\u0142awa Je\u017cewskiego, patrona ostrowieckiego oddzia\u0142u PTTK.<br \/>\nKolejnym odwiedzonym miejscem by\u0142 Zawichost. To prastary gr\u00f3d powsta\u0142y w pobli\u017cu przeprawy wi\u015blanej przy \u015bredniowiecznym szlaku z Krakowa na Ru\u015b. Dawniej o du\u017cym znaczeniu militarnym i handlowym, obecnie nieco zapomniany. W s\u0105siedztwie Ma\u0142ego Rynku usytuowane s\u0105 dwa ko\u015bcio\u0142y: p\u00f3\u017anobarokowy parafialny Wniebowzi\u0119cia NMP, powsta\u0142y na zr\u0119bach roma\u0144skiej \u015bwi\u0105tyni, oraz pofranciszka\u0144ski \u015bw. Jana Chrzciciela, fundowany wraz z klasztorem przez ksi\u0119cia Boles\u0142awa Wstydliwego, z naw\u0105 uznan\u0105 za najwi\u0119ksz\u0105 gotyck\u0105 sal\u0119 w Polsce. Pomi\u0119dzy ko\u015bcio\u0142ami, na stromym brzegu wzg\u00f3rza, archeolodzy odkryli relikty roma\u0144skiej kaplicy \u015bw. Maurycego. Pobyt w miasteczku zako\u0144czy\u0142 si\u0119 spacerem nad Wis\u0142\u0105. Przyjemnie by\u0142o popatrze\u0107 na przepraw\u0119 promow\u0105, podej\u015b\u0107 do zabytkowego wodowskazu i spr\u00f3bowa\u0107 wypatrze\u0107 \u015blad\u00f3w wyspy, na kt\u00f3rej sta\u0142 zamek kr\u00f3lewski zniszczony przez Szwed\u00f3w.<br \/>\nW pobli\u017cu Zawichostu po\u0142o\u017cony jest Garb\u00f3w, gniazdo rodzinne Zawiszy Czarnego herbu Sulima. Wystawa w izbie pami\u0119ci urz\u0105dzona w Wiejskim Domu Kultury przybli\u017ca epok\u0119, w kt\u00f3rej \u017cy\u0142 s\u0142awny rycerz, a monumentalny pomnik autorstwa Gustawa Hadyny, ods\u0142oni\u0119ty w sze\u015b\u0107setn\u0105 rocznic\u0119 zwyci\u0119skiej bitwy pod Grunwaldem, przedstawia posta\u0107 bohatera, o kt\u00f3rym Jan D\u0142ugosz pisa\u0142: Mia\u0142 przede wszystkim ten rzadki w sobie przymiot, \u017ce jak w bitwie naj\u015bmielszy zapa\u0142, tak w radzie najumiarkowa\u0144sz\u0105 okazywa\u0142 rozwag\u0119.<br \/>\nDroga od Garbowa do G\u00f3r Wysokich prowadzi w\u015br\u00f3d ogrod\u00f3w warzywnych, sad\u00f3w i winnic, gdzie tu\u017c u wlotu do malowniczego w\u0105wozu, g\u00f3ruje p\u00f3\u017anobarokowy ko\u015bci\u00f3\u0142 Matki Bo\u017cej Bolesnej i \u015bw. Wita. \u015awi\u0105tynia niezwykle malownicz\u0105 bry\u0142\u0119 zawdzi\u0119cza przebudowie, dokonanej przez architekta samouka, ksi\u0119dza J\u00f3zefa Karsznickiego.<br \/>\nZ G\u00f3r Wysokich udali\u015bmy si\u0119 do Kichar, gdzie warto si\u0119 zatrzyma\u0107 by odnale\u017a\u0107 ukryt\u0105 w\u015br\u00f3d ro\u015blinno\u015bci tajemnicz\u0105 baszt\u0119, pozosta\u0142o\u015b\u0107 nieznanego dworu obronnego. Ksi\u0105dz Aleksander Bastrzykowski w wydanej w 1936 roku Monografii historycznej parafii G\u00f3ry Wysokie pisa\u0142, \u017ce murowany dw\u00f3r zwany zameczkiem sta\u0142 na pag\u00f3rku od niepami\u0119tnych czas\u00f3w. \u0179r\u00f3d\u0142a podaj\u0105, \u017ce w 1623 roku, po po\u017carze zabudowa\u0144 klasztornych, sandomierskie benedyktynki znalaz\u0142y w Kicharach schronienie. Mo\u017ce wtedy, w zachowanej do dzi\u015b baszcie, urz\u0105dzono kaplic\u0119.<br \/>\nNiewiele jest na turystycznej mapie miejsc takich jak kolejny przystanek na trasie wycieczki, czyli siedziba szlachecka w \u015ami\u0142owie. Dw\u00f3r zosta\u0142 odbudowany z ruin przez zamieszkuj\u0105cych go obecnych w\u0142a\u015bcicieli, kt\u00f3rzy udost\u0119pniaj\u0105 go do zwiedzania.<br \/>\nW Ptkanowie zatrzymujemy si\u0119 by zobaczy\u0107 warowny ko\u015bci\u00f3\u0142 \u015bw. Idziego. Obiekt po\u0142o\u017cony na wzg\u00f3rzu, otoczony kamiennym murem z basztami i bastionami na naro\u017cach oraz otworami strzelniczymi mimo licznych przebud\u00f3w, zachowa\u0142 gotyck\u0105 sylwetk\u0119. Z baszty zamienionej na dzwonnic\u0119 prowadzi wej\u015bcie do podziemnych loch\u00f3w. Wed\u0142ug legendy s\u0105 to \u015blady dzia\u0142alno\u015bci sprowadzonych przez ksi\u0119cia Henryka Sandomierskiego z wyprawy krzy\u017cowej templariuszy.<br \/>\nNa zako\u0144czenie wycieczki trafili\u015bmy do magicznego miejsca, jakim jest Dom Spokojnej Ksi\u0105\u017cki w R\u017cuchowie. Jest to urz\u0105dzona w starej stodole przysta\u0144 dla niechcianych ksi\u0105\u017cek, biblioteka bez katalogu, gdzie p\u00f3\u0142ki zape\u0142nione s\u0105 ksi\u0105\u017ckami. Nawet w\u0142a\u015bciciel nie wie ile wolumin\u00f3w liczy jego ksi\u0119gozbi\u00f3r. Na p\u00f3\u0142kach jedne ksi\u0105\u017cki u\u0142o\u017cone s\u0105 wed\u0142ug wydawnictw, inne wed\u0142ug autor\u00f3w, jeszcze inne kolorami ok\u0142adek. Jest p\u00f3\u0142ka w kolorach t\u0119czy, albo w barwach polskiej flagi. Ka\u017cdy mo\u017ce tu zostawi\u0107 ksi\u0105\u017ck\u0119 i ka\u017cdy mo\u017ce zabra\u0107 ze sob\u0105, je\u017celi przypadkiem znajdzie od lat bezskutecznie poszukiwan\u0105 pozycj\u0119. Najwa\u017cniejsze, \u017ceby ksi\u0105\u017cka i czytelnik si\u0119 odszukali, m\u00f3wi opiekun ocala\u0142ych ksi\u0105\u017cek. Pobyt w R\u017cuchowie zako\u0144czy\u0142 si\u0119 ogniskiem, przy kt\u00f3rym by\u0142y rozmowy z gospodarzami, kt\u00f3rzy na skraju wsi stworzyli niezwyk\u0142e miejsce spotka\u0144 i wydarze\u0144 kulturalnych. W drodze powrotnej, przy zje\u017adzie do po\u0142o\u017conego w dolinie Kamiennej Ostrowca \u015awi\u0119tokrzyskiego, ukaza\u0142 si\u0119 widok na panoram\u0119 hutniczego miasta.<\/p>\n<p><em>Tekst i zdj\u0119cia:<\/em> <strong>Alicja M\u0119\u017cyk<\/strong><br \/>\nPrzodownik turystyki pieszej, instruktor krajoznawstwa regionu i ochrony przyrody PTTK. Prezes Oddzia\u0142u \u015awi\u0119tokrzyskiego PTTK im. St. Je\u017cewskiego w Ostrowcu \u015awi\u0119tokrzyskim.<\/p>\n<div id=\"attachment_30223\" style=\"width: 310px\" class=\"wp-caption alignnone\"><a href=\"https:\/\/turysta2.pttk.pl\/wp-content\/uploads\/2023\/12\/Dwor-w-Smilowie-fot.-Alicja-Mezyk.jpg\"><img loading=\"lazy\" decoding=\"async\" aria-describedby=\"caption-attachment-30223\" class=\"size-medium wp-image-30223\" src=\"https:\/\/turysta2.pttk.pl\/wp-content\/uploads\/2023\/12\/Dwor-w-Smilowie-fot.-Alicja-Mezyk-300x225.jpg\" alt=\"\" width=\"300\" height=\"225\" srcset=\"https:\/\/turysta2.pttk.pl\/wp-content\/uploads\/2023\/12\/Dwor-w-Smilowie-fot.-Alicja-Mezyk-300x225.jpg 300w, https:\/\/turysta2.pttk.pl\/wp-content\/uploads\/2023\/12\/Dwor-w-Smilowie-fot.-Alicja-Mezyk-1024x768.jpg 1024w, https:\/\/turysta2.pttk.pl\/wp-content\/uploads\/2023\/12\/Dwor-w-Smilowie-fot.-Alicja-Mezyk-768x576.jpg 768w, https:\/\/turysta2.pttk.pl\/wp-content\/uploads\/2023\/12\/Dwor-w-Smilowie-fot.-Alicja-Mezyk-1536x1152.jpg 1536w, https:\/\/turysta2.pttk.pl\/wp-content\/uploads\/2023\/12\/Dwor-w-Smilowie-fot.-Alicja-Mezyk-2048x1536.jpg 2048w, https:\/\/turysta2.pttk.pl\/wp-content\/uploads\/2023\/12\/Dwor-w-Smilowie-fot.-Alicja-Mezyk-200x150.jpg 200w\" sizes=\"auto, (max-width: 300px) 100vw, 300px\" \/><\/a><p id=\"caption-attachment-30223\" class=\"wp-caption-text\">Dw\u00f3r w \u015ami\u0142owie wybudowany w II po\u0142owie<br \/>XVIII wieku w stylu barokowym<br \/>fot. Alicja M\u0119\u017cyk<\/p><\/div>\n<div id=\"attachment_30225\" style=\"width: 310px\" class=\"wp-caption alignnone\"><a href=\"https:\/\/turysta2.pttk.pl\/wp-content\/uploads\/2023\/12\/Zawichost-kosciol-fot.-Jakub-Halun-praca-wlasna-CC-BY-SA-3.0-Wikimedia-Commons.jpg\"><img loading=\"lazy\" decoding=\"async\" aria-describedby=\"caption-attachment-30225\" class=\"size-medium wp-image-30225\" src=\"https:\/\/turysta2.pttk.pl\/wp-content\/uploads\/2023\/12\/Zawichost-kosciol-fot.-Jakub-Halun-praca-wlasna-CC-BY-SA-3.0-Wikimedia-Commons-300x259.jpg\" alt=\"\" width=\"300\" height=\"259\" srcset=\"https:\/\/turysta2.pttk.pl\/wp-content\/uploads\/2023\/12\/Zawichost-kosciol-fot.-Jakub-Halun-praca-wlasna-CC-BY-SA-3.0-Wikimedia-Commons-300x259.jpg 300w, https:\/\/turysta2.pttk.pl\/wp-content\/uploads\/2023\/12\/Zawichost-kosciol-fot.-Jakub-Halun-praca-wlasna-CC-BY-SA-3.0-Wikimedia-Commons-1024x885.jpg 1024w, https:\/\/turysta2.pttk.pl\/wp-content\/uploads\/2023\/12\/Zawichost-kosciol-fot.-Jakub-Halun-praca-wlasna-CC-BY-SA-3.0-Wikimedia-Commons-768x663.jpg 768w, https:\/\/turysta2.pttk.pl\/wp-content\/uploads\/2023\/12\/Zawichost-kosciol-fot.-Jakub-Halun-praca-wlasna-CC-BY-SA-3.0-Wikimedia-Commons-1536x1327.jpg 1536w, https:\/\/turysta2.pttk.pl\/wp-content\/uploads\/2023\/12\/Zawichost-kosciol-fot.-Jakub-Halun-praca-wlasna-CC-BY-SA-3.0-Wikimedia-Commons-2048x1769.jpg 2048w\" sizes=\"auto, (max-width: 300px) 100vw, 300px\" \/><\/a><p id=\"caption-attachment-30225\" class=\"wp-caption-text\">Ko\u015bci\u00f3\u0142 rektoralny pw. \u015bw. Jana Chrzciciela w Zawicho\u015bcie<br \/>fot. Jakub Ha\u0142un, praca w\u0142asna, CC BY-SA 3.0, Wikimedia Commons<\/p><\/div>\n","protected":false},"excerpt":{"rendered":"Wrze\u015bniowa wycieczka Oddzia\u0142u PTTK w Ostrowcu \u015awi\u0119tokrzyskim wprowadzi\u0142a uczestnik\u00f3w w\u015bwiat miejsc niezwyk\u0142ych i zapomnianych, po\u0142o\u017conych z dala od g\u0142\u00f3wnych tras turystycznych, na wschodnim kra\u0144cu wojew\u00f3dztwa \u015bwi\u0119tokrzyskiego. Pierwszym przystankiem na trasie by\u0142 Czy\u017c\u00f3w Szlachecki. Z okien autokaru, bo obiekt niedost\u0119pny z powodu remontu, zachwyca\u0142 widok p\u00f3\u017anobarokowego pa\u0142acu otoczonego parkiem krajobrazowym. Na wzg\u00f3rzu warto zwiedzi\u0107 p\u00f3\u017anobarokowy ko\u015bci\u00f3\u0142 Wszystkich \u015awi\u0119tych i \u015bw. Jana&nbsp;<a href=\"https:\/\/turysta2.pttk.pl\/?p=30217\" class=\"read-more\">Continue Reading<\/a>","protected":false},"author":13,"featured_media":30221,"comment_status":"closed","ping_status":"closed","sticky":false,"template":"","format":"standard","meta":{"footnotes":""},"categories":[95,41,9],"tags":[],"class_list":["post-30217","post","type-post","status-publish","format-standard","has-post-thumbnail","hentry","category-musisz-zobaczyc","category-turystyka-pttk","category-warto-wiedziec","cat-95-id","cat-41-id","cat-9-id"],"aioseo_notices":[],"_links":{"self":[{"href":"https:\/\/turysta2.pttk.pl\/index.php?rest_route=\/wp\/v2\/posts\/30217","targetHints":{"allow":["GET"]}}],"collection":[{"href":"https:\/\/turysta2.pttk.pl\/index.php?rest_route=\/wp\/v2\/posts"}],"about":[{"href":"https:\/\/turysta2.pttk.pl\/index.php?rest_route=\/wp\/v2\/types\/post"}],"author":[{"embeddable":true,"href":"https:\/\/turysta2.pttk.pl\/index.php?rest_route=\/wp\/v2\/users\/13"}],"replies":[{"embeddable":true,"href":"https:\/\/turysta2.pttk.pl\/index.php?rest_route=%2Fwp%2Fv2%2Fcomments&post=30217"}],"version-history":[{"count":1,"href":"https:\/\/turysta2.pttk.pl\/index.php?rest_route=\/wp\/v2\/posts\/30217\/revisions"}],"predecessor-version":[{"id":30227,"href":"https:\/\/turysta2.pttk.pl\/index.php?rest_route=\/wp\/v2\/posts\/30217\/revisions\/30227"}],"wp:featuredmedia":[{"embeddable":true,"href":"https:\/\/turysta2.pttk.pl\/index.php?rest_route=\/wp\/v2\/media\/30221"}],"wp:attachment":[{"href":"https:\/\/turysta2.pttk.pl\/index.php?rest_route=%2Fwp%2Fv2%2Fmedia&parent=30217"}],"wp:term":[{"taxonomy":"category","embeddable":true,"href":"https:\/\/turysta2.pttk.pl\/index.php?rest_route=%2Fwp%2Fv2%2Fcategories&post=30217"},{"taxonomy":"post_tag","embeddable":true,"href":"https:\/\/turysta2.pttk.pl\/index.php?rest_route=%2Fwp%2Fv2%2Ftags&post=30217"}],"curies":[{"name":"wp","href":"https:\/\/api.w.org\/{rel}","templated":true}]}}