{"id":30187,"date":"2023-12-19T12:45:31","date_gmt":"2023-12-19T10:45:31","guid":{"rendered":"https:\/\/turysta2.pttk.pl\/?p=30187"},"modified":"2024-09-20T13:17:37","modified_gmt":"2024-09-20T11:17:37","slug":"dzungla-nad-srebrna","status":"publish","type":"post","link":"https:\/\/turysta2.pttk.pl\/?p=30187","title":{"rendered":"D\u017cungla nad Srebrn\u0105"},"content":{"rendered":"<p><strong>Jest w Gorzowie Wielkopolskim taki ekstremalny szlak turystyczny, kt\u00f3rego pokonanie na pewno b\u0119dzie niezwyk\u0142ym prze\u017cyciem i sukcesem. Trasa jest dzika i wymagaj\u0105ca, czasem nawet przechodzenia rzeki w br\u00f3d! Jest tam mokro, brudno, a latem \u201ekomarzy\u015bcie\u201d. \u017beby to prze\u017cy\u0107, wystarczy tylko odnale\u017a\u0107 ulic\u0119 (i rzek\u0119) Srebrn\u0105.<\/strong><\/p>\n<p>Ulica Srebrna, kt\u00f3ra w zasadzie nie posiada asfaltu, wiedzie wzd\u0142u\u017c zabudowy domk\u00f3w jednorodzinnych i ogr\u00f3dk\u00f3w dzia\u0142kowych. Z lewej dochodzi do niej ul. Z\u0142ota, naprzeciw kt\u00f3rej wiedzie droga mi\u0119dzy polem i lasem. Dochodzimy ni\u0105 do tablicy ekstremalnego szlaku turystycznego PTTK (3 km). Tu mamy ostatni\u0105 szans\u0119, by p\u00f3j\u015b\u0107 dalej wygodn\u0105 drog\u0105 poln\u0105 lub wst\u0105pi\u0107 w g\u0119stwin\u0119 doliny rzeki Srebrnej.<br \/>\nPierwszy odcinek wiod\u0105cy nad brzeg rzeki jest \u0142atwy. Wida\u0107 nawet prze\u015bwituj\u0105ce tu i tam czerwone ceg\u0142y dawnego tartaku parowego z po\u0142owy XIX wieku. Zak\u0142ad ten by\u0142 jednym z g\u0142\u00f3wnych odbiorc\u00f3w w\u0119gla brunatnego z gorzowskich kopalni. W 1847 roku, na zlecenie stosownego urz\u0119du, w Gorzowie i okolicach dokonano odwiert\u00f3w pr\u00f3bnych. Wyniki wyda\u0142y si\u0119 ma\u0142o atrakcyjne dla decydent\u00f3w pa\u0144stwowych, ale dla mecenatu prywatnego ju\u017c niekoniecznie. Zawi\u0105za\u0142a si\u0119 sp\u00f3\u0142ka, w kt\u00f3rej liderami byli Ferdinand Keitel (mosi\u0119\u017cnik), Herman Paucksch (fabrykant), bracia Alexander i Ludwig Dehms (kupcy) oraz Ernst Krause. Keitel sprowadzi\u0142 z okolic Sul\u0119cina g\u00f3rnika z kopalni \u201eFenix\u201d, kt\u00f3ry odkry\u0142 pok\u0142ady w\u0119gla brunatnego w dolnym, uj\u015bciowym odcinku Srebrnej. 5 listopada 1847 roku sp\u00f3\u0142ka zg\u0142osi\u0142a do w\u0142adz pole g\u00f3rnicze o dynamicznej nazwie \u201eNaprz\u00f3d\u201d. Nie by\u0142o jednak \u0142atwo. W\u0142a\u015bcicielka gruntu z\u0142o\u015bliwie i skutecznie blokowa\u0142a wydobycie w\u0119gla przez kolejne 6 lat. Cz\u0142onkowie sp\u00f3\u0142ki nie poddali si\u0119 jednak.<br \/>\nMy te\u017c si\u0119 nie poddajemy i idziemy do miejsca przeprawy po zwalonych drzewach, gdzie w 1850 roku Keitel odnajduje kolejne z\u0142o\u017ce i zg\u0142asza je jako pole g\u00f3rnicze o nazwie \u201eNadzieja Hermana\u201d. Powoli wzrasta\u0142o wydobycie, zw\u0142aszcza \u017ce w 1853 roku ruszy\u0142a tak\u017ce kopalnia \u201eNaprz\u00f3d\u201d. Pocz\u0105tkowo wydobywano w\u0119giel, kopi\u0105c sztolnie w g\u0142\u0105b zboczy. Jednak ze wzgl\u0119du na liczne problemy, kontynuowano wydobycie przez kopanie szyb\u00f3w pionowych. W\u0119giel wydobywano na powierzchni\u0119 ziemi koszami, za pomoc\u0105 r\u0119cznego ko\u0142owrotu. Wzrost wydobycia by\u0142 tak du\u017cy, \u017ce w 1864 roku 40 000 ton pruskich w\u0119gla brunatnego wypar\u0142o z rynku angielski w\u0119giel kamienny. By\u0142 to czas, gdy zatrudniano 22 g\u00f3rnik\u00f3w i zaopatrywano wszystkie okoliczne gorzelnie, tartaki parowe, odlewnie \u017celiwa i huty. Trwa\u0142o to jednak bardzo kr\u00f3tko. Istnieniu landsberskich kopalni w\u0119gla brunatnego po\u0142o\u017cy\u0142 kres tani w\u0119giel kamienny ze \u015al\u0105ska i katastrofa w kopalniach w 1872 roku spowodowana zalaniem wod\u0105 szyb\u00f3w wydobywczych.<br \/>\nPrzeprawiamy si\u0119 na drugi brzeg. Staraj\u0105c si\u0119 nie zgubi\u0107 jaskrawo niebieskiego szlaku, pokonujemy kolejne przeszkody oraz strome \u015bcie\u017cki i dochodzimy do \u201eZak\u0105tka Ent\u00f3w\u201d. Warto tu pokusi\u0107 si\u0119 o sesj\u0119 fotograficzn\u0105. Trudno oprze\u0107 si\u0119 z\u0142udzeniu, \u017ce \u201eDrzewce\u201d za chwil\u0119 nie przem\u00f3wi\u0105. Klucz\u0105c, dochodzimy do nasady \u201eJ\u0119zyka Te\u015bciowej\u201d, czyli meandra rzeki Srebrnej. Jeszcze kilkaset metr\u00f3w drogi i wychodzimy na mostek graniczny mi\u0119dzy Gorzowem a Gmin\u0105 K\u0142odawa. Tu ziele\u0144 drzew czasami zupe\u0142nie zas\u0142ania dalsze oznakowanie! Pierwszy odcinek doprowadza nas \u0142agodnie do dawnej alei i wiosn\u0105 poprzez przestrze\u0144 kwietnych \u0142\u0105k kieruje na tereny podmok\u0142e, kt\u00f3re mo\u017cna sprytnie omin\u0105\u0107 lub ugrz\u0119zn\u0105\u0107 w b\u0142ocie. Ko\u0144cowa cz\u0119\u015b\u0107 tego odcinka jest bardzo widokowa i ko\u0144czy si\u0119 przepraw\u0105 w br\u00f3d na drugi brzeg poprzez czyst\u0105 i nieg\u0142\u0119bok\u0105 wod\u0119. Dochodzimy do drogi ko\u0142o kolejnego mostku, gdzie ponownie trzeba ze wzgl\u0119du na du\u017ce ilo\u015bci li\u015bci poszuka\u0107 wzrokiem znak\u00f3w. One zaprowadz\u0105 nas do tajemnego wr\u0119cz miejsca. By je zobaczy\u0107, trzeba znowu przej\u015b\u0107 po spoczywaj\u0105cej w wodzie k\u0142odzie na drug\u0105 stron\u0119 Srebrnej.<br \/>\n\u015alady po ognisku i wyci\u0119ty na brzozie krzy\u017c \u201eKapliczka Bezdomnych\u201d. To nie legenda. Oko\u0142o 1000 metr\u00f3w w g\u00f3r\u0119 rzeki znajdowa\u0142o si\u0119 kilka lat temu koczowisko stworzone z setek opon i r\u00f3\u017cnorakich folii zamieszkiwane przez bezdomnych. To oni, czuj\u0105c potrzeb\u0119 posiadania miejsca daj\u0105cego poczucie blisko\u015bci Boga, przychodzili tu modli\u0107 si\u0119 o spe\u0142nienie ich pragnie\u0144 i prosi\u0107 o wybaczenie pope\u0142nionych win. Z tego miejsca nale\u017cy ju\u017c bez oznakowania wspi\u0105\u0107 si\u0119 ku kraw\u0119dzi lasu i po dotarciu do polnej drogi skr\u0119ci\u0107 w prawo, by dotrze\u0107 ponownie do ul. Srebrnej.<\/p>\n<p><em>Tekst i zdj\u0119cia:<\/em> <strong>Zbigniew Rudzi\u0144ski<\/strong><br \/>\nKrajoznawca, podr\u00f3\u017cnik i alpinista; za\u0142o\u017cyciel Edukacyjnego Parku Dendrologicznego PTTK w Mo\u015bcicach; wyr\u00f3\u017cniony tytu\u0142em Nauczyciel Kraju Ojczystego.<\/p>\n<div id=\"attachment_30195\" style=\"width: 310px\" class=\"wp-caption alignnone\"><a href=\"https:\/\/turysta2.pttk.pl\/wp-content\/uploads\/2023\/12\/2.-Kapliczka-Bezdomnych-Fot.-Z.-Rudzinski-scaled.jpg\"><img loading=\"lazy\" decoding=\"async\" aria-describedby=\"caption-attachment-30195\" class=\"size-medium wp-image-30195\" src=\"https:\/\/turysta2.pttk.pl\/wp-content\/uploads\/2023\/12\/2.-Kapliczka-Bezdomnych-Fot.-Z.-Rudzinski-300x200.jpg\" alt=\"\" width=\"300\" height=\"200\" srcset=\"https:\/\/turysta2.pttk.pl\/wp-content\/uploads\/2023\/12\/2.-Kapliczka-Bezdomnych-Fot.-Z.-Rudzinski-300x200.jpg 300w, https:\/\/turysta2.pttk.pl\/wp-content\/uploads\/2023\/12\/2.-Kapliczka-Bezdomnych-Fot.-Z.-Rudzinski-1024x683.jpg 1024w, https:\/\/turysta2.pttk.pl\/wp-content\/uploads\/2023\/12\/2.-Kapliczka-Bezdomnych-Fot.-Z.-Rudzinski-768x512.jpg 768w, https:\/\/turysta2.pttk.pl\/wp-content\/uploads\/2023\/12\/2.-Kapliczka-Bezdomnych-Fot.-Z.-Rudzinski-1536x1024.jpg 1536w, https:\/\/turysta2.pttk.pl\/wp-content\/uploads\/2023\/12\/2.-Kapliczka-Bezdomnych-Fot.-Z.-Rudzinski-2048x1365.jpg 2048w\" sizes=\"auto, (max-width: 300px) 100vw, 300px\" \/><\/a><p id=\"caption-attachment-30195\" class=\"wp-caption-text\">Kapliczka Bezdomnych. W prawej cz\u0119\u015bci zdj\u0119cia<br \/>\u2013 u g\u00f3ry, widoczny bia\u0142y krzy\u017c wyci\u0119ty na drzewie<\/p><\/div>\n<div id=\"attachment_30191\" style=\"width: 222px\" class=\"wp-caption alignnone\"><a href=\"https:\/\/turysta2.pttk.pl\/wp-content\/uploads\/2023\/12\/3.-mapa-scaled.jpeg\"><img loading=\"lazy\" decoding=\"async\" aria-describedby=\"caption-attachment-30191\" class=\"size-medium wp-image-30191\" src=\"https:\/\/turysta2.pttk.pl\/wp-content\/uploads\/2023\/12\/3.-mapa-212x300.jpeg\" alt=\"\" width=\"212\" height=\"300\" srcset=\"https:\/\/turysta2.pttk.pl\/wp-content\/uploads\/2023\/12\/3.-mapa-212x300.jpeg 212w, https:\/\/turysta2.pttk.pl\/wp-content\/uploads\/2023\/12\/3.-mapa-724x1024.jpeg 724w, https:\/\/turysta2.pttk.pl\/wp-content\/uploads\/2023\/12\/3.-mapa-768x1086.jpeg 768w, https:\/\/turysta2.pttk.pl\/wp-content\/uploads\/2023\/12\/3.-mapa-1086x1536.jpeg 1086w, https:\/\/turysta2.pttk.pl\/wp-content\/uploads\/2023\/12\/3.-mapa-1448x2048.jpeg 1448w, https:\/\/turysta2.pttk.pl\/wp-content\/uploads\/2023\/12\/3.-mapa-scaled.jpeg 1810w\" sizes=\"auto, (max-width: 212px) 100vw, 212px\" \/><\/a><p id=\"caption-attachment-30191\" class=\"wp-caption-text\">Turystyczna trasa wzd\u0142u\u017c rzeki Srebrnej<\/p><\/div>\n","protected":false},"excerpt":{"rendered":"Jest w Gorzowie Wielkopolskim taki ekstremalny szlak turystyczny, kt\u00f3rego pokonanie na pewno b\u0119dzie niezwyk\u0142ym prze\u017cyciem i sukcesem. Trasa jest dzika i wymagaj\u0105ca, czasem nawet przechodzenia rzeki w br\u00f3d! Jest tam mokro, brudno, a latem \u201ekomarzy\u015bcie\u201d. \u017beby to prze\u017cy\u0107, wystarczy tylko odnale\u017a\u0107 ulic\u0119 (i rzek\u0119) Srebrn\u0105. Ulica Srebrna, kt\u00f3ra w zasadzie nie posiada asfaltu, wiedzie wzd\u0142u\u017c zabudowy domk\u00f3w jednorodzinnych i ogr\u00f3dk\u00f3w&nbsp;<a href=\"https:\/\/turysta2.pttk.pl\/?p=30187\" class=\"read-more\">Continue Reading<\/a>","protected":false},"author":13,"featured_media":30193,"comment_status":"closed","ping_status":"closed","sticky":false,"template":"","format":"standard","meta":{"footnotes":""},"categories":[68,41],"tags":[],"class_list":["post-30187","post","type-post","status-publish","format-standard","has-post-thumbnail","hentry","category-turystyka-piesza","category-turystyka-pttk","cat-68-id","cat-41-id"],"aioseo_notices":[],"_links":{"self":[{"href":"https:\/\/turysta2.pttk.pl\/index.php?rest_route=\/wp\/v2\/posts\/30187","targetHints":{"allow":["GET"]}}],"collection":[{"href":"https:\/\/turysta2.pttk.pl\/index.php?rest_route=\/wp\/v2\/posts"}],"about":[{"href":"https:\/\/turysta2.pttk.pl\/index.php?rest_route=\/wp\/v2\/types\/post"}],"author":[{"embeddable":true,"href":"https:\/\/turysta2.pttk.pl\/index.php?rest_route=\/wp\/v2\/users\/13"}],"replies":[{"embeddable":true,"href":"https:\/\/turysta2.pttk.pl\/index.php?rest_route=%2Fwp%2Fv2%2Fcomments&post=30187"}],"version-history":[{"count":2,"href":"https:\/\/turysta2.pttk.pl\/index.php?rest_route=\/wp\/v2\/posts\/30187\/revisions"}],"predecessor-version":[{"id":30197,"href":"https:\/\/turysta2.pttk.pl\/index.php?rest_route=\/wp\/v2\/posts\/30187\/revisions\/30197"}],"wp:featuredmedia":[{"embeddable":true,"href":"https:\/\/turysta2.pttk.pl\/index.php?rest_route=\/wp\/v2\/media\/30193"}],"wp:attachment":[{"href":"https:\/\/turysta2.pttk.pl\/index.php?rest_route=%2Fwp%2Fv2%2Fmedia&parent=30187"}],"wp:term":[{"taxonomy":"category","embeddable":true,"href":"https:\/\/turysta2.pttk.pl\/index.php?rest_route=%2Fwp%2Fv2%2Fcategories&post=30187"},{"taxonomy":"post_tag","embeddable":true,"href":"https:\/\/turysta2.pttk.pl\/index.php?rest_route=%2Fwp%2Fv2%2Ftags&post=30187"}],"curies":[{"name":"wp","href":"https:\/\/api.w.org\/{rel}","templated":true}]}}