{"id":30173,"date":"2023-12-19T12:34:04","date_gmt":"2023-12-19T10:34:04","guid":{"rendered":"https:\/\/turysta2.pttk.pl\/?p=30173"},"modified":"2024-03-15T10:27:45","modified_gmt":"2024-03-15T08:27:45","slug":"na-trzy-korony-i-sokolice","status":"publish","type":"post","link":"https:\/\/turysta2.pttk.pl\/?p=30173","title":{"rendered":"Na Trzy Korony i Sokolic\u0119"},"content":{"rendered":"<p><strong>Opisywana wycieczka nale\u017cy do najpopularniejszych w Pieninach. Pozwala na zdobycie dw\u00f3ch najbardziej znanych szczyt\u00f3w Pienin W\u0142a\u015bciwych: Trzech Koron i Sokolicy. Zajmuje oko\u0142o pi\u0119\u0107 godzin, w czasie kt\u00f3rych do pokonania mamy 13,5 km, a suma podej\u015b\u0107 przekracza 1000 m.<\/strong><\/p>\n<p>Pieniny to g\u00f3ry, kt\u00f3re prze\u017cywaj\u0105 latem prawdziwe obl\u0119\u017cenie, a kolejka na szczyty Trzech Koron czy Sokolic\u0119 potrafi by\u0107 niezwykle d\u0142uga. Zawdzi\u0119czaj\u0105 to g\u0119stej sieci dobrze przystosowanych do ruchu turystycznego szlak\u00f3w. W Pieninach by\u0142am kilka razy, g\u0142\u00f3wnie poza sezonem i wypraw\u0119 w tym czasie zdecydowanie polecam.<br \/>\nWycieczk\u0119 rozpoczynam w Kro\u015bcienku nad Dunajcem. Kieruj\u0105c si\u0119 wzd\u0142u\u017c g\u0142\u00f3wnej arterii miejscowo\u015bci, ul. Jagiello\u0144skiej, docieram do ul. Trzech Koron, przy kt\u00f3rej znajduje si\u0119 zabytkowa kaplica \u015bw. Rocha. Zbudowano j\u0105 w XVIII wieku w podzi\u0119kowaniu za uratowanie przed epidemi\u0105 d\u017cumy. Tu zaczynam powolne wspinanie. Po dotarciu do w\u0119z\u0142a Toporzysko id\u0119 szlakiem \u017c\u00f3\u0142tym przez w\u0119ze\u0142 Ba\u0144k\u00f3w Gronik i Polan\u0119 Wyrobek, z kt\u00f3rej otwiera si\u0119 malowniczy widok, szczeg\u00f3lnie pi\u0119kny jesieni\u0105. Kontynuuj\u0105c wycieczk\u0119, docieram na prze\u0142\u0119cz Szopka, kt\u00f3ra jest nazywana \u201eChwa\u0142a Bogu\u201d, co nawi\u0105zuje do okrzyku wydawanego przez docieraj\u0105cych tutaj turyst\u00f3w. Pod\u0105\u017caj\u0105c dalej szlakiem \u017c\u00f3\u0142tym przez W\u0105w\u00f3z Szopcza\u0144ski, po 25 minutach zesz\u0142abym na drug\u0105 stron\u0119 g\u00f3r do Sromowiec Ni\u017cnych oraz do Schroniska PTTK \u201eTrzy Korony\u201d, gdzie mo\u017cna zje\u015b\u0107 pyszn\u0105 szarlotk\u0119. Kieruj\u0119 si\u0119 jednak szlakiem niebieskim. Mijaj\u0105c kolejne miejsce odpoczynku z widokow\u0105 Polan\u0105 Pieniny, na kt\u00f3rej w latach 1895\u20131937 istnia\u0142o prywatne schronisko \u201eU Andzi\u201d, docieram do prze\u0142\u0119czy pod Trzema Koronami. Tu znajduje si\u0119 kasa biletowa Pieni\u0144skiego Parku Narodowego.<br \/>\nPrzede mn\u0105 ostatnie podej\u015bcie w\u0105skimi, metalowymi schodami na platform\u0119 widokow\u0105 i najwy\u017cszy szczyt Trzech Koron. Charakterystyczn\u0105 skaln\u0105 koron\u0119 tworzy pi\u0119\u0107 turni, z kt\u00f3rych najwy\u017cszym szczytem jest Okr\u0105glica (983 m n.p.m.). Rozci\u0105ga si\u0119 z niej wspania\u0142y widok na Pieniny i dolin\u0119 Dunajca, Beskid S\u0105decki, Gorce, Magur\u0119 Spisk\u0105 oraz Tatry. Przy dobrej pogodzie wida\u0107 r\u00f3wnie\u017c Babi\u0105 G\u00f3r\u0119. Pogoda tego dnia jest dobra, a widoki zachwycaj\u0105ce. Szczyty Tatr g\u00f3ruj\u0105 nad bia\u0142\u0105 pierzynk\u0105 z chmur. Niesamowicie fotogenicznie wygl\u0105daj\u0105 Pieniny podczas jesiennych porank\u00f3w, gdy obni\u017cenie prze\u0142omu Dunajca wype\u0142nia morze mgie\u0142. Po nacieszeniu si\u0119 widokami ze szczytu, kieruj\u0119 si\u0119 do ruin pieni\u0144skiego zamku. Id\u0119 szlakiem niebieskim, kt\u00f3ry zosta\u0142 wytyczony przez Pieni\u0144ski Oddzia\u0142 Towarzystwa Tatrza\u0144skiego ju\u017c w 1906 roku. Mijam polan\u0119 Kosarzyska, kt\u00f3rej nazwa pochodzi od wo\u0142oskiego terminu koszar, oznaczaj\u0105cego przeno\u015bn\u0105 zagrod\u0119 dla owiec. St\u0105d szlakiem zielonym r\u00f3wnie\u017c mo\u017cna zej\u015b\u0107 do Schroniska PTTK \u201eTrzy Korony\u201d.<br \/>\nSzczyt Zamkowej G\u00f3ry (779 m n.p.m.) w\u0142a\u015bciwie z ka\u017cdej strony podci\u0119ty jest stromymi urwiskami, a sam wierzcho\u0142ek jest niedost\u0119pny dla turyst\u00f3w. Zamek wybudowano na skalnej p\u00f3\u0142ce po p\u00f3\u0142nocnej stronie wierzcho\u0142ka, kilkadziesi\u0105t metr\u00f3w poni\u017cej szczytu. Zosta\u0142 wzniesiony w XIII wieku z inicjatywy Boles\u0142awa Wstydliwego i jego \u017cony Kingi. Zamek by\u0142 niewielki i perfekcyjnie wtopiony w grzbiety ska\u0142. Mury obronne wykonano z miejscowych ska\u0142 wapiennych, a na nich znajdowa\u0142a si\u0119 nadbudowa, prawdopodobnie drewniana. Istnia\u0142 do prze\u0142omu XIV\u2013XV wieku. Obecnie widoczne s\u0105 jedynie fragmenty mur\u00f3w i fundament\u00f3w. W ostatnich latach dyrekcja Pieni\u0144skiego Parku Narodowego dokona\u0142a znacz\u0105cych remont\u00f3w, zabezpieczy\u0142a ruiny i miejsce ponownie jest dost\u0119pne dla zwiedzaj\u0105cych.<br \/>\nSchodz\u0105c z Zamkowej G\u00f3ry przez Polan\u0119 Wyrobek, zauwa\u017cam, \u017ce szlak wraca do \u015bcie\u017cki, kt\u00f3r\u0105 wcze\u015bniej podchodzi\u0142am na Trzy Korony. W Ba\u0144k\u00f3w Gronik skr\u0119cam w prawo i pod\u0105\u017cam niebieskim szlakiem przez las do prze\u0142\u0119czy Burzana. Tu szlak niebieski \u0142\u0105czy si\u0119 z zielonym. Kilka krok\u00f3w dalej stoi tablica informuj\u0105ca o nadmiernej ekspozycji szlaku niebieskiego. Oba szlaki prowadz\u0105 na Sokolic\u0119 (747 m n.p.m.). Wybieram szlak eksponowany, licz\u0105c na troch\u0119 emocji i pi\u0119kne widoki. Przez nast\u0119pne kilkaset metr\u00f3w mijam kilka miejsc z ostrymi ska\u0142ami, kt\u00f3re ubezpieczone s\u0105 metalowymi drabinkami i por\u0119czami, troch\u0119 schodk\u00f3w i stopni ze ska\u0142 oraz konar\u00f3w. Po deszczu miejscami mo\u017ce tu by\u0107 \u015blisko. W okolicach w\u0119z\u0142a Czertezik znajduje si\u0119 kolejny punkt widokowy. Kieruj\u0105c si\u0119 dalej szlakiem prowadz\u0105cym przez las, docieram do prze\u0142\u0119czy Sosn\u00f3w, sk\u0105d zosta\u0142a ostatnia prosta i podej\u015bcie na szczyt Sokolicy.<br \/>\nNazwa Sokolica pochodzi od gniazduj\u0105cych tu dawniej soko\u0142\u00f3w. W roku 1880 roku pisano w prasie: Tylko osoby silne, umiej\u0105ce dobrze chodzi\u0107 po g\u00f3rach wdzieraj\u0105 si\u0119 na Sokolic\u0119. Dzi\u015b metalowe barierki u\u0142atwiaj\u0105 wej\u015bcie na platform\u0119 widokow\u0105. Wiele os\u00f3b przybywa tutaj, by zobaczy\u0107 i sfotografowa\u0107 wsch\u00f3d lub zach\u00f3d s\u0142o\u0144ca.<br \/>\nPanorama ze szczytu przypomina t\u0119 z Czertezika, z t\u0105 r\u00f3\u017cnic\u0105, \u017ce na Sokolicy tu\u017c za barierk\u0105 nad przepa\u015bci\u0105 ro\u015bnie reliktowa sosna. W 2018 roku ta najs\u0142ynniejsza i najcz\u0119\u015bciej fotografowana sosna w Polsce \u2013 ikona Pienin \u2013 zosta\u0142a uszkodzona przez \u015bmig\u0142owiec podczas akcji ratunkowej. W internecie jest wiele zdj\u0119\u0107 tego drzewa, niemniej ja te\u017c j\u0105 fotografuj\u0119. Schodz\u0105c z Sokolicy, cofam si\u0119 do prze\u0142\u0119czy Sosn\u00f3w i dalej szlakiem zielonym do drogi le\u015bnej i \u015bcie\u017cki historycznej \u201eDawna Droga Szczawnicka\u201d, prowadz\u0105cej wzd\u0142u\u017c Dunajca. Latem z Sokolicy warto zej\u015b\u0107 szlakiem niebieskim i tratw\u0105 przedosta\u0107 si\u0119 na drugi brzeg Dunajca do Szczawnicy. Jednak po sezonie (od 1.11 do 31.03) nie kursuj\u0105 ju\u017c flisacy. Szlak, kt\u00f3rym wracam, jest najkr\u00f3tsz\u0105 tras\u0105 prowadz\u0105c\u0105 z Sokolicy do Kro\u015bcienka. Prowadzi urokliw\u0105 alej\u0105 drzew wpisan\u0105 do ewidencji pomnik\u00f3w przyrody. Po drodze mijam jeszcze kapliczk\u0119 \u015bw. Kingi i kilka pi\u0119knych willi pe\u0142ni\u0105cych obecnie funkcj\u0119 pensjonat\u00f3w. Idylliczne pieni\u0144skie krajobrazy sk\u0142aniaj\u0105 do w\u0119dr\u00f3wek, widoki s\u0105 zachwycaj\u0105ce, a prze\u0142om Dunajca tworzy niezwyk\u0142\u0105 panoram\u0119. Trzy Korony i Sokolica to wizyt\u00f3wka tych magicznych g\u00f3r i warto si\u0119 tutaj wybra\u0107 bez wzgl\u0119du na por\u0119 roku.<\/p>\n<p><em>Tekst i zdj\u0119cia<\/em>: <strong>Monika Aleksandra Rozum<\/strong><br \/>\nMi\u0142o\u015bniczka g\u00f3r i wypraw rowerowych, bibliotekarka.<\/p>\n<div id=\"attachment_30179\" style=\"width: 413px\" class=\"wp-caption alignnone\"><a href=\"https:\/\/turysta2.pttk.pl\/wp-content\/uploads\/2023\/12\/3.-Widoki-z-Trzech-Koron-Fot.-Monika-Rozum-scaled.jpg\"><img loading=\"lazy\" decoding=\"async\" aria-describedby=\"caption-attachment-30179\" class=\" wp-image-30179\" src=\"https:\/\/turysta2.pttk.pl\/wp-content\/uploads\/2023\/12\/3.-Widoki-z-Trzech-Koron-Fot.-Monika-Rozum-300x169.jpg\" alt=\"\" width=\"403\" height=\"227\" srcset=\"https:\/\/turysta2.pttk.pl\/wp-content\/uploads\/2023\/12\/3.-Widoki-z-Trzech-Koron-Fot.-Monika-Rozum-300x169.jpg 300w, https:\/\/turysta2.pttk.pl\/wp-content\/uploads\/2023\/12\/3.-Widoki-z-Trzech-Koron-Fot.-Monika-Rozum-1024x577.jpg 1024w, https:\/\/turysta2.pttk.pl\/wp-content\/uploads\/2023\/12\/3.-Widoki-z-Trzech-Koron-Fot.-Monika-Rozum-768x432.jpg 768w, https:\/\/turysta2.pttk.pl\/wp-content\/uploads\/2023\/12\/3.-Widoki-z-Trzech-Koron-Fot.-Monika-Rozum-1536x865.jpg 1536w, https:\/\/turysta2.pttk.pl\/wp-content\/uploads\/2023\/12\/3.-Widoki-z-Trzech-Koron-Fot.-Monika-Rozum-2048x1153.jpg 2048w\" sizes=\"auto, (max-width: 403px) 100vw, 403px\" \/><\/a><p id=\"caption-attachment-30179\" class=\"wp-caption-text\">Wspania\u0142y widok na prze\u0142om Dunajca, Czerwony Klasztor oraz miasteczko Sromowce Ni\u017cne<\/p><\/div>\n<div id=\"attachment_30181\" style=\"width: 412px\" class=\"wp-caption alignnone\"><a href=\"https:\/\/turysta2.pttk.pl\/wp-content\/uploads\/2023\/12\/4.-Widok-na-3-Korony-od-schronsika-PTTK-Trzy-Korony-scaled.jpg\"><img loading=\"lazy\" decoding=\"async\" aria-describedby=\"caption-attachment-30181\" class=\" wp-image-30181\" src=\"https:\/\/turysta2.pttk.pl\/wp-content\/uploads\/2023\/12\/4.-Widok-na-3-Korony-od-schronsika-PTTK-Trzy-Korony-300x187.jpg\" alt=\"\" width=\"402\" height=\"251\" srcset=\"https:\/\/turysta2.pttk.pl\/wp-content\/uploads\/2023\/12\/4.-Widok-na-3-Korony-od-schronsika-PTTK-Trzy-Korony-300x187.jpg 300w, https:\/\/turysta2.pttk.pl\/wp-content\/uploads\/2023\/12\/4.-Widok-na-3-Korony-od-schronsika-PTTK-Trzy-Korony-1024x638.jpg 1024w, https:\/\/turysta2.pttk.pl\/wp-content\/uploads\/2023\/12\/4.-Widok-na-3-Korony-od-schronsika-PTTK-Trzy-Korony-768x478.jpg 768w, https:\/\/turysta2.pttk.pl\/wp-content\/uploads\/2023\/12\/4.-Widok-na-3-Korony-od-schronsika-PTTK-Trzy-Korony-1536x957.jpg 1536w, https:\/\/turysta2.pttk.pl\/wp-content\/uploads\/2023\/12\/4.-Widok-na-3-Korony-od-schronsika-PTTK-Trzy-Korony-2048x1276.jpg 2048w\" sizes=\"auto, (max-width: 402px) 100vw, 402px\" \/><\/a><p id=\"caption-attachment-30181\" class=\"wp-caption-text\">Trzy Korony zim\u0105. Widok od strony Schroniska PTTK \u201eTrzy Korony\u201d<\/p><\/div>\n<div id=\"attachment_30175\" style=\"width: 409px\" class=\"wp-caption alignnone\"><a href=\"https:\/\/turysta2.pttk.pl\/wp-content\/uploads\/2023\/12\/5.-Szczyt-Sokolicy-scaled.jpg\"><img loading=\"lazy\" decoding=\"async\" aria-describedby=\"caption-attachment-30175\" class=\" wp-image-30175\" src=\"https:\/\/turysta2.pttk.pl\/wp-content\/uploads\/2023\/12\/5.-Szczyt-Sokolicy-300x209.jpg\" alt=\"\" width=\"399\" height=\"278\" srcset=\"https:\/\/turysta2.pttk.pl\/wp-content\/uploads\/2023\/12\/5.-Szczyt-Sokolicy-300x209.jpg 300w, https:\/\/turysta2.pttk.pl\/wp-content\/uploads\/2023\/12\/5.-Szczyt-Sokolicy-1024x712.jpg 1024w, https:\/\/turysta2.pttk.pl\/wp-content\/uploads\/2023\/12\/5.-Szczyt-Sokolicy-768x534.jpg 768w, https:\/\/turysta2.pttk.pl\/wp-content\/uploads\/2023\/12\/5.-Szczyt-Sokolicy-1536x1068.jpg 1536w, https:\/\/turysta2.pttk.pl\/wp-content\/uploads\/2023\/12\/5.-Szczyt-Sokolicy-2048x1424.jpg 2048w\" sizes=\"auto, (max-width: 399px) 100vw, 399px\" \/><\/a><p id=\"caption-attachment-30175\" class=\"wp-caption-text\">Szczyt Sokolicy. Najs\u0142ynniejsza i najcz\u0119\u015bciej fotografowana sosna w Polsce<\/p><\/div>\n","protected":false},"excerpt":{"rendered":"Opisywana wycieczka nale\u017cy do najpopularniejszych w Pieninach. Pozwala na zdobycie dw\u00f3ch najbardziej znanych szczyt\u00f3w Pienin W\u0142a\u015bciwych: Trzech Koron i Sokolicy. Zajmuje oko\u0142o pi\u0119\u0107 godzin, w czasie kt\u00f3rych do pokonania mamy 13,5 km, a suma podej\u015b\u0107 przekracza 1000 m. Pieniny to g\u00f3ry, kt\u00f3re prze\u017cywaj\u0105 latem prawdziwe obl\u0119\u017cenie, a kolejka na szczyty Trzech Koron czy Sokolic\u0119 potrafi by\u0107 niezwykle d\u0142uga. Zawdzi\u0119czaj\u0105 to&nbsp;<a href=\"https:\/\/turysta2.pttk.pl\/?p=30173\" class=\"read-more\">Continue Reading<\/a>","protected":false},"author":13,"featured_media":30177,"comment_status":"closed","ping_status":"closed","sticky":false,"template":"","format":"standard","meta":{"footnotes":""},"categories":[92,93],"tags":[],"class_list":["post-30173","post","type-post","status-publish","format-standard","has-post-thumbnail","hentry","category-polecamy","category-aktualnosci","cat-92-id","cat-93-id"],"aioseo_notices":[],"_links":{"self":[{"href":"https:\/\/turysta2.pttk.pl\/index.php?rest_route=\/wp\/v2\/posts\/30173","targetHints":{"allow":["GET"]}}],"collection":[{"href":"https:\/\/turysta2.pttk.pl\/index.php?rest_route=\/wp\/v2\/posts"}],"about":[{"href":"https:\/\/turysta2.pttk.pl\/index.php?rest_route=\/wp\/v2\/types\/post"}],"author":[{"embeddable":true,"href":"https:\/\/turysta2.pttk.pl\/index.php?rest_route=\/wp\/v2\/users\/13"}],"replies":[{"embeddable":true,"href":"https:\/\/turysta2.pttk.pl\/index.php?rest_route=%2Fwp%2Fv2%2Fcomments&post=30173"}],"version-history":[{"count":3,"href":"https:\/\/turysta2.pttk.pl\/index.php?rest_route=\/wp\/v2\/posts\/30173\/revisions"}],"predecessor-version":[{"id":30249,"href":"https:\/\/turysta2.pttk.pl\/index.php?rest_route=\/wp\/v2\/posts\/30173\/revisions\/30249"}],"wp:featuredmedia":[{"embeddable":true,"href":"https:\/\/turysta2.pttk.pl\/index.php?rest_route=\/wp\/v2\/media\/30177"}],"wp:attachment":[{"href":"https:\/\/turysta2.pttk.pl\/index.php?rest_route=%2Fwp%2Fv2%2Fmedia&parent=30173"}],"wp:term":[{"taxonomy":"category","embeddable":true,"href":"https:\/\/turysta2.pttk.pl\/index.php?rest_route=%2Fwp%2Fv2%2Fcategories&post=30173"},{"taxonomy":"post_tag","embeddable":true,"href":"https:\/\/turysta2.pttk.pl\/index.php?rest_route=%2Fwp%2Fv2%2Ftags&post=30173"}],"curies":[{"name":"wp","href":"https:\/\/api.w.org\/{rel}","templated":true}]}}