{"id":30151,"date":"2023-12-19T11:46:29","date_gmt":"2023-12-19T09:46:29","guid":{"rendered":"https:\/\/turysta2.pttk.pl\/?p=30151"},"modified":"2023-12-19T11:46:29","modified_gmt":"2023-12-19T09:46:29","slug":"smolice-tam-gdzie-testuja-kukurydze","status":"publish","type":"post","link":"https:\/\/turysta2.pttk.pl\/?p=30151","title":{"rendered":"Smolice \u2013 tam, gdzie testuj\u0105 kukurydz\u0119"},"content":{"rendered":"<p><strong>Smolice to du\u017ca wie\u015b w powiecie krotoszy\u0144skim, wzmiankowana ju\u017c w 1241 roku. W miejscowym pa\u0142acu von Ziethen\u00f3w siedzib\u0119 ma jedna ze agend Instytutu Hodowli i Aklimatyzacji Ro\u015blin, instytucji zajmuj\u0105cej si\u0119 testowaniem r\u00f3\u017cnych odmian ro\u015blin uprawnych. <\/strong><\/p>\n<p>Smolice le\u017c\u0105 przy drodze krajowej nr 36, 5 km na zach\u00f3d od gminnego Kobylina. Wie\u015b wpisuje si\u0119 w powsta\u0142\u0105 w wyniku kolonizacji na prawie niemieckim sie\u0107 osadnicz\u0105 w tej cz\u0119\u015bci Wielkopolski, sk\u0142adaj\u0105c\u0105 si\u0119 g\u0142\u00f3wnie z wyra\u017anie oddzielonych od siebie miejscowo\u015bci o zwartej zabudowie. Pierwsze informacje o wsi pochodz\u0105 z 1241 roku, gdy wchodzi\u0142a w sk\u0142ad uposa\u017cenia klasztoru benedyktyn\u00f3w w Lubiniu. Od 1424 roku by\u0142a w\u0142asno\u015bci\u0105 prywatn\u0105. W XVIII\u2013XIX wieku nale\u017ca\u0142a do Umi\u0144skich. Najbardziej znany z tej rodziny by\u0142 gen. Jan Nepomucen Umi\u0144ski (1778\u20131851) \u2013 uczestnik powstania ko\u015bciuszkowskiego i wojen napoleo\u0144skich, jeden z dow\u00f3dc\u00f3w w powstaniu listopadowym. Warto obejrze\u0107 tutejszy zesp\u00f3\u0142 pa\u0142acowo-parkowy, wzniesiony przez r\u00f3d von Ziethen, kt\u00f3ry od 1900 roku by\u0142 w\u0142a\u015bcicielem tutejszych d\u00f3br. Zbudowany ok. 1910 roku przez Leopolda von Zeithen pa\u0142ac ma neobarokowo-klasycystyczn\u0105 bry\u0142\u0119 o znakomicie wywa\u017conych proporcjach oraz nisk\u0105 wie\u017c\u0119 z boku. Nakrywa go czterospadowy dach mansardowy, a elewacje otrzyma\u0142y bogate zdobienia. G\u0142\u00f3wne wej\u015bcie prowadzi przez ganek wsparty na parze poczw\u00f3rnych kolumn. Otaczaj\u0105cy pa\u0142ac park o powierzchni 18,15 ha za\u0142o\u017cono w XVIII wieku. W pierwszej po\u0142owie nast\u0119pnego stulecia przekszta\u0142cono go na krajobrazowy, a w obecnej postaci rozplanowano w latach 1909\u20131914. Ma urozmaicony drzewostan, fontann\u0119, kana\u0142y wodne i trzy stawy, a tak\u017ce pomnikowe drzewa (m.in. platany o obwodach 680 i 570 cm oraz jesion o obwodzie 500 cm). Od 2000 roku w pa\u0142acu siedzib\u0119 ma gospodaruj\u0105ca \u0142\u0105cznie na 4200 ha, nale\u017c\u0105ca do Instytutu Hodowli i Aklimatyzacji Ro\u015blin w Radzikowie sp\u00f3\u0142ka z oddzia\u0142ami w B\u0105kowie ko\u0142o Kluczborka, O\u017ca\u0144sku ko\u0142o Przeworska i Przeb\u0119dowie ko\u0142o Murowanej Go\u015bliny. Jest to zak\u0142ad do\u015bwiadczalny, pracuj\u0105cy nad wysokiej jako\u015bci odmianami \u017cyta, pszenicy, kukurydzy, ro\u015blin str\u0105czkowych, warzyw i kwiat\u00f3w. Na wsch\u00f3d od parku po\u0142o\u017cony jest zesp\u00f3\u0142 zabudowa\u0144 folwarcznych, pochodz\u0105cych z prze\u0142omu XIX i XX wieku. Przed gorzelni\u0105 upami\u0119tniono w 1978 roku kamieniem Wojciecha Chlebowskiego, zamordowanego w tym miejscu przez hitlerowc\u00f3w 26 stycznia 1945 roku. Po p\u00f3\u0142nocnej stronie parku wznosi si\u0119 ko\u015bci\u00f3\u0142 Naj\u015bwi\u0119tszego Serca Pana Jezusa, zbudowany w latach 1907\u20131909 staraniem Heleny von Ziethen. Jest to okaza\u0142a budowla utrzymana w formach neobarokowych, z transeptem, niskimi nawami bocznymi i wysok\u0105 wie\u017c\u0105, kt\u00f3rej projekt wykonano w dobrej pracowni architektonicznej w Berlinie. Obecnie jest to sanktuarium Matki Bo\u017cej Uzdrowienia Chorych. Wn\u0119trze nakrywa sklepienie kolebkowe, nad skrzy\u017cowaniem nawy z transeptem znajduje si\u0119 pseudokopu\u0142a. W neobarokowym o\u0142tarzu g\u0142\u00f3wnym umieszczono namalowan\u0105 w pierwszej po\u0142owie XVII wieku kopi\u0119 obrazu Matki Boskiej Cz\u0119stochowskiej. P\u00f3\u017anobarokowy prawy o\u0142tarz boczny wykonano w pierwszej po\u0142owie nast\u0119pnego wieku, lewy za\u015b jest rokokowy. Witra\u017ce pochodz\u0105 z 1913 roku. Niedaleko ko\u015bcio\u0142a stoi stylowa plebania wybudowana oko\u0142o 1909 roku. Nale\u017cy jeszcze wspomnie\u0107 o dw\u00f3ch zas\u0142u\u017conych synach fornala ze Smolic. Stanis\u0142aw Wachowiak (1890\u20131972) to prawnik i ekonomista, w latach 1924\u20131926 wojewoda pomorski. By\u0142 jednym z tw\u00f3rc\u00f3w Powszechnej Wystawy Krajowej w Poznaniu w 1929 roku, a do 1939 roku zajmowa\u0142 stanowisko dyrektora Targ\u00f3w Pozna\u0144skich. Jego m\u0142odszy brat Andrzej (1892\u20131967) to dziennikarz i dzia\u0142acz polityczny. Organizowa\u0142 stowarzyszenia polskie w Westfalii, propagowa\u0142 zagadnienia morskie (m.in. zainicjowa\u0142 \u015awi\u0119to Morza), wyg\u0142asza\u0142 pogadanki radiowe. Stanis\u0142awa wspomina tablica z 1981 roku umieszczona w miejscowym ko\u015bciele.<\/p>\n<p><em>Tekst i zdj\u0119cia:<\/em> <strong>Pawe\u0142 Anders<\/strong><br \/>\nRegionalista, krajoznawca, autor publikacji o Wielkopolsce i przewodnik\u00f3w turystycznych, Cz\u0142onek Honorowy PTTK.<\/p>\n<div id=\"attachment_30153\" style=\"width: 310px\" class=\"wp-caption alignnone\"><a href=\"https:\/\/turysta2.pttk.pl\/wp-content\/uploads\/2023\/12\/wnetrze-kosciola-Fot.-Pawel-Anders-scaled.jpg\"><img loading=\"lazy\" decoding=\"async\" aria-describedby=\"caption-attachment-30153\" class=\"wp-image-30153 size-medium\" src=\"https:\/\/turysta2.pttk.pl\/wp-content\/uploads\/2023\/12\/wnetrze-kosciola-Fot.-Pawel-Anders-300x200.jpg\" alt=\"\" width=\"300\" height=\"200\" srcset=\"https:\/\/turysta2.pttk.pl\/wp-content\/uploads\/2023\/12\/wnetrze-kosciola-Fot.-Pawel-Anders-300x200.jpg 300w, https:\/\/turysta2.pttk.pl\/wp-content\/uploads\/2023\/12\/wnetrze-kosciola-Fot.-Pawel-Anders-1024x683.jpg 1024w, https:\/\/turysta2.pttk.pl\/wp-content\/uploads\/2023\/12\/wnetrze-kosciola-Fot.-Pawel-Anders-768x512.jpg 768w, https:\/\/turysta2.pttk.pl\/wp-content\/uploads\/2023\/12\/wnetrze-kosciola-Fot.-Pawel-Anders-1536x1024.jpg 1536w, https:\/\/turysta2.pttk.pl\/wp-content\/uploads\/2023\/12\/wnetrze-kosciola-Fot.-Pawel-Anders-2048x1365.jpg 2048w\" sizes=\"auto, (max-width: 300px) 100vw, 300px\" \/><\/a><p id=\"caption-attachment-30153\" class=\"wp-caption-text\">W o\u0142tarzu g\u0142\u00f3wnym znajduje si\u0119 obraz Matki Bo\u017cej, kt\u00f3ry jest jedyn\u0105 kopi\u0105 wizerunku Matki Boskiej Cz\u0119stochowskiej<\/p><\/div>\n<p>&nbsp;<\/p>\n<p>&nbsp;<\/p>\n","protected":false},"excerpt":{"rendered":"Smolice to du\u017ca wie\u015b w powiecie krotoszy\u0144skim, wzmiankowana ju\u017c w 1241 roku. W miejscowym pa\u0142acu von Ziethen\u00f3w siedzib\u0119 ma jedna ze agend Instytutu Hodowli i Aklimatyzacji Ro\u015blin, instytucji zajmuj\u0105cej si\u0119 testowaniem r\u00f3\u017cnych odmian ro\u015blin uprawnych. Smolice le\u017c\u0105 przy drodze krajowej nr 36, 5 km na zach\u00f3d od gminnego Kobylina. Wie\u015b wpisuje si\u0119 w powsta\u0142\u0105 w wyniku kolonizacji na prawie niemieckim&nbsp;<a href=\"https:\/\/turysta2.pttk.pl\/?p=30151\" class=\"read-more\">Continue Reading<\/a>","protected":false},"author":13,"featured_media":30155,"comment_status":"closed","ping_status":"closed","sticky":false,"template":"","format":"standard","meta":{"footnotes":""},"categories":[5],"tags":[],"class_list":["post-30151","post","type-post","status-publish","format-standard","has-post-thumbnail","hentry","category-a-to-polska-wlasnie","cat-5-id"],"aioseo_notices":[],"_links":{"self":[{"href":"https:\/\/turysta2.pttk.pl\/index.php?rest_route=\/wp\/v2\/posts\/30151","targetHints":{"allow":["GET"]}}],"collection":[{"href":"https:\/\/turysta2.pttk.pl\/index.php?rest_route=\/wp\/v2\/posts"}],"about":[{"href":"https:\/\/turysta2.pttk.pl\/index.php?rest_route=\/wp\/v2\/types\/post"}],"author":[{"embeddable":true,"href":"https:\/\/turysta2.pttk.pl\/index.php?rest_route=\/wp\/v2\/users\/13"}],"replies":[{"embeddable":true,"href":"https:\/\/turysta2.pttk.pl\/index.php?rest_route=%2Fwp%2Fv2%2Fcomments&post=30151"}],"version-history":[{"count":2,"href":"https:\/\/turysta2.pttk.pl\/index.php?rest_route=\/wp\/v2\/posts\/30151\/revisions"}],"predecessor-version":[{"id":30159,"href":"https:\/\/turysta2.pttk.pl\/index.php?rest_route=\/wp\/v2\/posts\/30151\/revisions\/30159"}],"wp:featuredmedia":[{"embeddable":true,"href":"https:\/\/turysta2.pttk.pl\/index.php?rest_route=\/wp\/v2\/media\/30155"}],"wp:attachment":[{"href":"https:\/\/turysta2.pttk.pl\/index.php?rest_route=%2Fwp%2Fv2%2Fmedia&parent=30151"}],"wp:term":[{"taxonomy":"category","embeddable":true,"href":"https:\/\/turysta2.pttk.pl\/index.php?rest_route=%2Fwp%2Fv2%2Fcategories&post=30151"},{"taxonomy":"post_tag","embeddable":true,"href":"https:\/\/turysta2.pttk.pl\/index.php?rest_route=%2Fwp%2Fv2%2Ftags&post=30151"}],"curies":[{"name":"wp","href":"https:\/\/api.w.org\/{rel}","templated":true}]}}