{"id":30083,"date":"2023-11-24T11:55:39","date_gmt":"2023-11-24T09:55:39","guid":{"rendered":"https:\/\/turysta2.pttk.pl\/?p=30083"},"modified":"2023-11-24T11:55:39","modified_gmt":"2023-11-24T09:55:39","slug":"xvii-wojewodzki-zlot-aktywnych-krajoznawcow","status":"publish","type":"post","link":"https:\/\/turysta2.pttk.pl\/?p=30083","title":{"rendered":"XVII WOJEW\u00d3DZKI ZLOT AKTYWNYCH KRAJOZNAWC\u00d3W"},"content":{"rendered":"<p><span style=\"font-weight: 400;\">Wed\u0142ug obowi\u0105zuj\u0105cej od wielu lat tradycji kujawsko-pomorscy instruktorzy krajoznawstwa spotykaj\u0105 si\u0119 na pocz\u0105tku okresu jesiennego na corocznym Wojew\u00f3dzkim Zlocie Aktywnych Krajoznawc\u00f3w (WZAK). Tym razem, po raz pierwszy w rol\u0119 organizatora i gospodarza Zlotu wcieli\u0142 si\u0119 Oddzia\u0142 Przewodnicki PTTK z Torunia. Halina Mazurkiewicz i Bogumi\u0142 Korzeniewski wraz z zespo\u0142em oddzia\u0142owych dzia\u0142aczy zaprosili krajoznawc\u00f3w na teren powiatu aleksandrowskiego. W tym miejscu Zlot jeszcze nie go\u015bci\u0142. Tak si\u0119 z\u0142o\u017cy\u0142o, \u017ce po raz pierwszy od pocz\u0105tku organizowania WZAK, czyli od roku 2006, spotkali\u015bmy si\u0119 na prze\u0142omie wrze\u015bnia i pa\u017adziernika. Do bazy Zlotu, jak\u0105 sta\u0142 si\u0119 XVII-wieczny zesp\u00f3\u0142 klasztoru Franciszkan\u00f3w, przyby\u0142o oko\u0142o pi\u0119\u0107dziesi\u0119ciu krajoznawc\u00f3w z r\u00f3\u017cnych oddzia\u0142\u00f3w PTTK z Polski. Podobnie jak w latach poprzednich, nasze kujawsko-pomorskie wojew\u00f3dztwo reprezentowali przedstawiciele \u015brodowisk krajoznawczych z Grudzi\u0105dza, Torunia, Che\u0142mna, W\u0142oc\u0142awka oraz Bydgoszczy. We WZAK uczestniczyli oczywi\u015bcie po raz kolejny przedstawiciele z wojew\u00f3dztw warmi\u0144sko-mazurskiego oraz pomorskiego.\u00a0<\/span><\/p>\n<p><span style=\"font-weight: 400;\">Po przyj\u0119ciu uczestnik\u00f3w oraz zakwaterowaniu ich w klasztornych miejscach noclegowych, nast\u0105pi\u0142o powitanie oraz oficjalne rozpocz\u0119cie imprezy przez prezesk\u0119 Oddzia\u0142u Przewodnickiego PTTK z Torunia, komandora XVII WZAK, Halin\u0119 Mazurkiewicz. G\u0142os zabra\u0142 r\u00f3wnie\u017c, wybrany w kwietniu tego roku, przewodnicz\u0105cy Kujawsko-Pomorskiego Kolegium Instruktor\u00f3w Krajoznawstwa PTTK, Jan Kami\u0144ski. Komandor WZAK przedstawi\u0142a program, kt\u00f3ry jest do zrealizowania w pierwszym dniu Zlotu. Nast\u0119pnie wszyscy udali\u015bmy si\u0119 do autokaru, kt\u00f3rym wyruszyli\u015bmy do Aleksandrowa Kujawskiego.\u00a0<\/span><\/p>\n<p><span style=\"font-weight: 400;\">Dojazd do Aleksandrowa Kujawskiego zaj\u0105\u0142 nam ze wzgl\u0119du na ma\u0142\u0105 odleg\u0142o\u015b\u0107 kilkana\u015bcie minut. Pobyt w tym mie\u015bcie rozpocz\u0119li\u015bmy od wizyty na znajduj\u0105cym si\u0119 na ul. Narutowicza Ukrai\u0144skim Cmentarzu Wojskowym, sk\u0142adaj\u0105cym si\u0119 z kurhanu z krzy\u017cem, nagrobk\u00f3w z krzy\u017cami bez imiennych tablic oraz ogrodzenia z tablicami informacyjnymi. Na cmentarzu pochowanych jest 17 \u017co\u0142nierzy Armii Czynnej URL osadzonych w grudniu 1920 roku. \u201eKozacka Mogi\u0142a\u201d, bo i taka nazw\u0119 ten obiekt nosi, sta\u0142 si\u0119 swoistym Grobem Nieznanego \u017bo\u0142nierza dla ukrai\u0144skich emigrant\u00f3w.<\/span><\/p>\n<p><span style=\"font-weight: 400;\">Kolejny etap sobotniej wycieczki to le\u017c\u0105cy przy ul. Wyspia\u0144skiego zesp\u00f3\u0142 parkowo-pa\u0142acowy Trojanowskich, niew\u0105tpliwie atrakcja turystyczna miasta. W chwili obecnej w budynku pa\u0142acu ma swoj\u0105 siedzib\u0119 Zesp\u00f3l Szk\u00f3\u0142 Nr 1 Centrum Kszta\u0142cenia Praktycznego. Pa\u0142ac znajduje si\u0119 w malowniczym parku, w kt\u00f3rym mo\u017cna spotka\u0107 kilkana\u015bcie d\u0119b\u00f3w uznawanych za pomniki przyrody. Po kr\u00f3ciutkim spacerze po parku, udali\u015bmy si\u0119 do pa\u0142acu, gdzie w Sali Kominkowej pani Aneta Ho\u0142tyn w bardzo ciekawy spos\u00f3b przybli\u017cy\u0142a nam histori\u0119 rodu Trojanowskich w Aleksandrowie, szczeg\u00f3lnie za\u015b losy Edwarda hrabiego Mycielskiego-Trojanowskiego. Sala Kominkowa w chwili obecnej jest r\u00f3wnie\u017c izb\u0105 pami\u0119ci bohatera prelekcji.\u00a0<\/span><\/p>\n<p><span style=\"font-weight: 400;\">Od Pa\u0142acu Trojanowskich dojechali\u015bmy do charakterystycznego budynku dworca kolejowego. Jest to jeden z najwa\u017cniejszych zabytk\u00f3w miasta, w apartamentach kt\u00f3rego 4 wrze\u015bnia 1879 roku rosyjski car Aleksander II Romanow przyj\u0105\u0142 cesarza niemieckiego Wilhelma I Hohenzollerna. Bry\u0142a budynku dworca przywracana jest do dawnej \u015bwietno\u015bci. Mieli\u015bmy okazj\u0119 si\u0119 o tym przekona\u0107. W dawnej sali bufetu dworcowego mie\u015bci si\u0119 obecnie pi\u0119knie odrestaurowana sala widowiskowa nosz\u0105ca imi\u0119 Edwarda Stachury. W miejscu tym zast\u0119pca burmistrza miasta, Tomasz Koz\u0142owski, w kilku s\u0142owach przekaza\u0142 nam bogat\u0105 histori\u0119 budynku oraz prac zwi\u0105zanych z jego rewaloryzacj\u0105. Nast\u0119pnie mogli\u015bmy obejrze\u0107 odnowione ju\u017c pomieszczenia biblioteki miejskiej oraz siedzib\u0119 Uniwersytetu Trzeciego Wieku. Dworzec kolejowy by\u0142 ostatnim punktem programu zwi\u0105zany z Aleksandrowem Kujawskim. Po zaj\u0119ciu miejsc w autokarze ruszyli\u015bmy do miejscowo\u015bci \u0141azieniec, miejscowo\u015bci s\u0142yn\u0105cej z faktu, \u017ce mieszka\u0142 w niej znany polski poeta, prozaik i pie\u015bniarz Edward Stachura.\u00a0<\/span><\/p>\n<p><span style=\"font-weight: 400;\">Pobyt w \u0141azie\u0144cu rozpocz\u0119li\u015bmy od obejrzenia domu pa\u0144stwa Stachur\u00f3w. Pani Marzena Szyszka w bardzo ciekawy spos\u00f3b przybli\u017cy\u0142a nam sylwetk\u0119 poety. Przekaza\u0142a nam arcyciekaw\u0105 histori\u0119 jego \u017cywota. Mieli\u015bmy mo\u017cliwo\u015b\u0107 obejrzenia pomieszcze\u0144, w kt\u00f3rych \u017cyli pa\u0144stwo Stachurowie. Wys\u0142uchali\u015bmy r\u00f3wnie\u017c dw\u00f3ch utwor\u00f3w wed\u0142ug tekst\u00f3w Edwarda Stachury w wykonaniu pana Karola Dobrzeleckiego, so\u0142tysa wsi \u0141azieniec i prezesa Stowarzyszenia Przyjaci\u00f3\u0142 \u0141azie\u0144ca \u201eCudne Manowce\u201d. Spaceruj\u0105c po wsi obejrzeli\u015bmy znajduj\u0105c\u0105 si\u0119 na p\u0142otach posesji wystaw\u0119 fotografii ukazuj\u0105cej pi\u0119kno tw\u00f3rczo\u015bci Edwarda Stachury. Dotarli\u015bmy te\u017c do symbolicznej stacji Zagubin, gdzie usiedli\u015bmy w cieniu zabytkowego parowozu na multimedialnej \u0142aweczce po\u015bwi\u0119conej Edwardowi Stachurze, by pos\u0142ucha\u0107 fragment\u00f3w jego poezji. Ta \u0142aweczka zosta\u0142a ods\u0142oni\u0119ta w tym roku przez przedstawiciela Urz\u0119du Marsza\u0142kowskiego Wojew\u00f3dztwa Kujawsko-Pomorskiego. Nast\u0119pnie przeszli\u015bmy do wiejskiej \u015bwietlicy, gdzie urocze panie cz\u0142onkinie stowarzyszenia \u201eCudowne Manowce\u201d zaserwowa\u0142y nam supersmaczny \u017curek kujawski wraz z chlebem ze smalcem. W tym miejscu by\u0142a te\u017c okazja, aby wypi\u0107 kaw\u0119 czy herbat\u0119.<\/span><\/p>\n<p><span style=\"font-weight: 400;\">Nast\u0119pny etap sobotniego programu to Ciechocinek. Pierwszym obiektem, do kt\u00f3rego dotarli\u015bmy, by\u0142a istniej\u0105ca od 1830 roku warzelnia soli. Od 2020 roku cz\u0119\u015b\u0107 tego obiektu zajmowana jest przez Muzeum Warzelni Soli i Lecznictwa Uzdrowiskowego. Po muzeum oprowadza\u0142 nas Jerzy Stawiszy\u0144ski, przedstawiaj\u0105c w obrazowy spos\u00f3b proces wytwarzania soli warzonej i pozosta\u0142ych produkt\u00f3w zdrojowych takich jak szlam, \u0142ug oraz solanka. Solanka do warzenia pobierana jest z g\u0142\u0119boko\u015bci 415 metr\u00f3w przez \u017ar\u00f3d\u0142o Grzybek, nast\u0119pnie przesy\u0142ana kolejno na wszystkie trzy t\u0119\u017cnie, by w ko\u0144cu po odpowiednim st\u0119\u017ceniu dotrze\u0107 do warzelni. W pomieszczeniach muzeum spotkali\u015bmy si\u0119 z burmistrzem Ciechocinka, Jaros\u0142awem Jucewiczem, oraz prezesem Uzdrowisko Ciechocinek S.A., Marcinem Zaj\u0105czkowskim. Przedstawili oni nam w kilku s\u0142owach histori\u0119 oraz problemy i kwestie rozwoju miasta. Dowiedzieli\u015bmy si\u0119 m.in., \u017ce w Ciechocinku istniej\u0105 dwie linie komunikacji autobusowej obs\u0142ugiwanej przez dwa elektryczne autobusy. Przedstawiono r\u00f3wnie\u017c kwesti\u0119 wpisu ciechoci\u0144skich t\u0119\u017cni na list\u0119 \u015awiatowego Dziedzictwa UNESCO. Nast\u0119pnie podjechali\u015bmy pod by\u0142y dworzec kolejowy, sk\u0105d spacerkiem dotarli\u015bmy pod t\u0119\u017cni\u0119 nr 1. Kwesti\u0119 historii powstawania i renowacji wszystkich trzech t\u0119\u017cni przybli\u017cy\u0142 nam Andrzej Kloc.\u00a0<\/span><\/p>\n<p><span style=\"font-weight: 400;\">Ostatnim etapem zwiedzania Ciechocinka by\u0142a zabytkowa prawos\u0142awna polowa cerkiew pod wezwaniem \u015bw. Micha\u0142a Archanio\u0142a. Cerkiew zosta\u0142a wzniesiona przez w\u0142adze rosyjskie w 1894 roku w stylu drewnianego budownictwa rosyjskiego. Pe\u0142ni\u0142a r\u00f3\u017cne role, a od 1996 roku ponownie nale\u017cy do prawos\u0142awnej parafii wojskowej. Proboszcz, ks. Miros\u0142aw Kuczy\u0144ski, przybli\u017cy\u0142 nam jej dzieje.\u00a0<\/span><\/p>\n<p><span style=\"font-weight: 400;\">Z Ciechocinka udali\u015bmy si\u0119 w kr\u00f3ciutk\u0105 drog\u0119 do pobliskiego Raci\u0105\u017cka, licz\u0105cej ponad 1700 mieszka\u0144c\u00f3w wsi gminnej, kt\u00f3ra w latach 1317\u20131870 posiada\u0142a prawa miejskie. Przyci\u0105gn\u0119\u0142y tu nas muzeum parafialne oraz ruiny zamku biskupiego. Muzeum zosta\u0142o za\u0142o\u017cone w 1945 roku przez \u00f3wczesnego proboszcza. Znajduje si\u0119 ono nad zakrysti\u0105 ko\u015bcio\u0142a parafialnego pw. Wszystkich \u015awi\u0119tych i \u015bw. Hieronima. W tym miejscu obejrzeli\u015bmy wiele ciekawych i rzadkich eksponat\u00f3w. Zaliczy\u0107 do nich mo\u017cna gotycki bia\u0142y ornat, na kt\u00f3rym wyhaftowano wizerunek Matki Boskiej z Dzieci\u0105tkiem oraz pochodz\u0105cy z XV wieku ornat gallika\u0144ski typu skrzypce z postaciami \u015bw. Barbary i \u015bw. Agnieszki. Ponadto du\u017ce wra\u017cenie zrobi\u0142 licz\u0105cy oko\u0142o 300 pozycji zbi\u00f3r cennych starodruk\u00f3w z okresu od XVI do XIX wieku. <\/span><span style=\"font-weight: 400;\">W muzeum zobaczyli\u015bmy te\u017c rze\u017aby przedstawiaj\u0105ce \u015bwi\u0119tych i anio\u0142\u00f3w, kt\u00f3rych autorzy to ludowi arty\u015bci. <\/span><span style=\"font-weight: 400;\">Ze wzgl\u0119du na trwaj\u0105c\u0105 w\u0142a\u015bnie msz\u0119 \u015bwi\u0119t\u0105 nie by\u0142o nam dane zwiedzi\u0107 p\u00f3\u017anorenesansowego ko\u015bcio\u0142a z lat 1597\u20131612.\u00a0<\/span><\/p>\n<p><span style=\"font-weight: 400;\">Nast\u0119pnie udali\u015bmy si\u0119 na spacer do pozosta\u0142o\u015bci pochodz\u0105cego z XIV wieku zamku biskupiego. Po\u0142o\u017cony jest na kraw\u0119dzi doliny Wis\u0142y i stanowi ciekawy punkt widokowy. Obiekt w chwili obecnej znajduje si\u0119 w stanie ruiny. O historii Raci\u0105\u017cka oraz odwiedzanych obiektach opowiada\u0142 nam Andrzej Kloc.\u00a0<\/span><\/p>\n<p><span style=\"font-weight: 400;\">O obiadokolacji, kt\u00f3r\u0105 nam zaserwowano w bazie Zlotu nale\u017cy powiedzie\u0107, \u017ce mia\u0142a charakter domowego posi\u0142ku \u201eod babci. Po smacznym posi\u0142ku, pe\u0142ni wra\u017ce\u0144 udali\u015bmy si\u0119 do ratusza, gdzie na progu wita\u0142 nas burmistrz Nieszawy, Przemys\u0142aw Jankowski, i zaprasza\u0142 do sali konferencyjnej.<\/span><\/p>\n<p><span style=\"font-weight: 400;\">Pomimo stosunkowo p\u00f3\u017anej pory z uwag\u0105 wys\u0142uchali\u015bmy prezentacji \u201eWiecz\u00f3r wspomnie\u0144 i refleksji\u201d przygotowanej przez Bogumi\u0142a Korzeniewskiego, kt\u00f3ry przybli\u017cy\u0142 nam histori\u0119 szesnastu ju\u017c Wojew\u00f3dzkich Zlot\u00f3w Aktywnych Krajoznawc\u00f3w. Troch\u0119 wspomnie\u0144, troch\u0119 zagadek, sporo u\u015bmiechu \u2013 fajnie sp\u0119dzony wiecz\u00f3r. Kolejny punkt programu sesja krajoznawcza, prowadzona przez Jana Kami\u0144skiego rozpocz\u0119\u0142a si\u0119 od wr\u0119czenia akt\u00f3w wyboru na cz\u0142onk\u00f3w Kolegium. Dokona\u0142 tego przewodnicz\u0105cy kwietniowego VI Sprawozdawczo-Wyborczego Sejmiku Krajoznawc\u00f3w Wojew\u00f3dztwa Kujawsko-Pomorskiego Marek Klain wraz z przewodnicz\u0105cym Kolegium. Nast\u0119pnie przekaza\u0142 g\u0142os Krzysztofowi Czerepowickiemu, kt\u00f3ry jako cz\u0142onek Centralnego Zespo\u0142u Weryfikacyjnego Odznaki Krajoznawczej Polski, wr\u0119czy\u0142 Paw\u0142owi \u015aliwi\u0144skiemu z Dobrzynia nad Wis\u0142\u0105 cz\u0142onkowi Kujawskiego Oddzia\u0142u PTTK z W\u0142oc\u0142awka oraz Henrykowi Pasikowi z grudzi\u0105dzkiego oddzia\u0142u PTTK Odznak\u0119 Krajoznawcz\u0105 Polski w najwy\u017cszym stopniu z\u0142otym z szafirem. I to by\u0142 ostatni punkt programu <\/span><span style=\"font-weight: 400;\">pierwszego dnia Zlotu.<\/span><\/p>\n<p><span style=\"font-weight: 400;\">Niedzielny program krajoznawczy obejmowa\u0142 miasteczko Nieszaw\u0119. Rozpocz\u0119li\u015bmy od wypowiedzi siostry Noemi, kt\u00f3ra przybli\u017cy\u0142a nam histori\u0119 zabudowa\u0144 klasztoru franciszkan\u00f3w wraz z przyleg\u0142ym do\u0144 ma\u0142ym XVII-wiecznym jednonawowym ko\u015bcio\u0142em pw. Znalezienia \u015awi\u0119tego Krzy\u017ca. Obecnie w klasztorze dzia\u0142a Fundacja Krzywd\u00f3w i Bie\u0144k\u00f3w, a w pomieszczeniach klasztornych funkcjonuje hotel, z us\u0142ug kt\u00f3rego korzystali\u015bmy. Od maja do listopada 1921 roku w klasztorze rezydowa\u0142 ojciec \u015bw. Maksymilian Maria Kolbe, za\u015b w latach 1958\u20131961 s\u0142ynny zielarz, jasnowidz ojciec Czes\u0142aw Klimuszko. Siostra Noemi umo\u017cliwi\u0142a nam r\u00f3wnie\u017c zwiedzenie ko\u015bcio\u0142a, b\u0119d\u0105cego w\u0142a\u015bnie w renowacji.<\/span><\/p>\n<p><span style=\"font-weight: 400;\">Po zwiedzeniu ko\u015bcio\u0142a ruszyli\u015bmy na w\u0119dr\u00f3wk\u0119 po \u201ew\u0119druj\u0105cym mie\u015bcie\u201d, bo takie te\u017c okre\u015blenie posiada Nieszawa. Pierwszym naszym celem by\u0142o, albo kr\u00f3tki rejs promem Nieszawa, albo zwiedzenie Muzeum im. Stanis\u0142awa Noakowskiego. Podyktowane to by\u0142o podzia\u0142em na dwie grupy ze wzgl\u0119du na ograniczon\u0105 liczb\u0105 pasa\u017cer\u00f3w na promie.\u00a0<\/span><\/p>\n<p><span style=\"font-weight: 400;\">Naszym przewodnikiem po Nieszawie by\u0142 kierownik Muzeum im. Stanis\u0142awa Noakowskiego, Ryszard Lewandowski, kt\u00f3ry w ciekawy spos\u00f3b przybli\u017ca\u0142 nam histori\u0119 tego ma\u0142ego miasteczka. Rejs promem Nieszawa umo\u017cliwi\u0142 nam ujrzenie miasta z nieco innej perspektywy. Prom ten \u0142\u0105czy kujawski brzeg Wis\u0142y z\u00a0dobrzy\u0144skim. Pasa\u017cer\u00f3w i\u00a0pojazdy przewozi od\u00a0kwietnia lub maja do\u00a0p\u00f3\u017anej jesieni. Obecny prom jest jedyn\u0105, posiadaj\u0105ca dwa boczne ko\u0142a nap\u0119dowe, tego typu jednostk\u0105 p\u0142ywaj\u0105c\u0105 w\u00a0Polsce. Dla mieszka\u0144c\u00f3w obydwu brzeg\u00f3w jest sta\u0142ym i\u00a0niezwykle wa\u017cnym elementem krajobrazu nadwi\u015bla\u0144skiego.\u00a0<\/span><\/p>\n<p><span style=\"font-weight: 400;\">W budynku muzeum oprowadzaj\u0105cy przybli\u017cy\u0142 nam posta\u0107 znanego architekta, urodzonego w Nieszawie Stanis\u0142awa Noakowskiego. Obejrzeli\u015bmy zgromadzone w muzeum pami\u0105tki po tej wybitnej osobie. Nast\u0119pnie mieli\u015bmy mo\u017cliwo\u015b\u0107 zobaczenia lapidarium, w kt\u00f3rym zgromadzono oryginalne detale pochodz\u0105ce z warszawskiego Zamku Kr\u00f3lewskiego. Co jaki\u015b czas prowadz\u0105cy pokazywa\u0142 nam miejsca, kt\u00f3re znalaz\u0142y si\u0119 na ta\u015bmach nakr\u0119conych film\u00f3w. \u201eWiosna panie sier\u017cancie\u201d z 1974 roku, \u201eBallada o Piotrowskim\u201d z 2007 roku, \u201eExcentrycy, czyli po s\u0142onecznej stronie ulicy\u201d z 2016 roku czy te\u017c \u201eWesele\u201d z 2021 roku. Dalej spaceruj\u0105c, dotarli\u015bmy do ko\u015bcio\u0142a parafialnego pw. \u015bw. Jadwigi \u015al\u0105skiej i b\u0119d\u0105cej nieopodal klasycystycznej plebanii, w kt\u00f3rej w 1867 roku przyszed\u0142 na \u015bwiat Stanis\u0142awa Noakowski. I podobnie jak w Raci\u0105\u017cku, w dniu dzisiejszym nie mogli\u015bmy obejrze\u0107 wn\u0119trza \u015bwi\u0105tyni z powodu trwaj\u0105cej mszy \u015bwi\u0119tej. Ulic\u0105 Krzywd\u00f3w i Bie\u0144k\u00f3w doszli\u015bmy do nadwi\u015bla\u0144skiego Bulwaru 500-lecia. Id\u0105c tym bulwarem, dotarli\u015bmy do znajduj\u0105cej si\u0119 przy doje\u017adzie do przeprawy promowej wielkiej kamiennej kuli. <\/span><span style=\"font-weight: 400;\">Na temat jej powstania istnieje kilka wersji. Do ko\u0144ca te\u017c nie wiadomo, czy jest dzie\u0142em natury, czy cz\u0142owieka.<\/span> <span style=\"font-weight: 400;\">Kula ta w dniu dzisiejszym by\u0142a oblegana przez uczestnik\u00f3w WZAK, chc\u0105cych zrobi\u0107 zdj\u0119cie. Wed\u0142ug s\u0142\u00f3w naszego przewodnika niejedna mieszkanka Nieszawy lub turystka siada na niej i udaje nieszawsk\u0105 syrenk\u0119 z rzek\u0105 w tle. <\/span><span style=\"font-weight: 400;\">Spaceruj\u0105c dalej, doszli\u015bmy do domu zwanego \u201eOssend\u00f3wk\u0105\u201d, w kt\u00f3rym mieszka\u0142 honorowy obywatel miasta Nieszawy Ferdynand Antoni Ossendowski \u2013 pisarz, dziennikarz, podr\u00f3\u017cnik, nauczyciel akademicki, dzia\u0142acz spo\u0142eczny, polityczny i naukowy. W 2009 roku na tym domu ods\u0142oni\u0119to pami\u0105tkow\u0105 tablic\u0119. Nast\u0119pne dwa obiekty, do kt\u00f3rych nas zaprowadzi\u0142 Ryszard Lewandowski, to pomnik J\u00f3zefa Pi\u0142sudskiego oraz pierwszy w Polsce i jeden z nielicznych na \u015bwiecie pomnik jedno\u015bci polsko-niemieckiej po\u015bwi\u0119cony Polakom i Niemcom ofiarom wojny i przemocy z lat 1939\u20131945.<\/span><\/p>\n<p><span style=\"font-weight: 400;\">Wycieczk\u0119 po Nieszawie zako\u0144czyli\u015bmy przed popiersiem \u015bw. Wojciecha patrona Polski stoj\u0105cym przed zespo\u0142em klasztornym franciszkan\u00f3w. Po dotarciu do naszej bazy czeka\u0142 na nas ponownie smaczny domowy obiad, po kt\u00f3rym Jan Kami\u0144ski wraz z Halin\u0105 Mazurkiewicz dokonali podsumowania imprezy oraz wr\u0119czenia organizatorom okoliczno\u015bciowych adres\u00f3w ze szczerymi podzi\u0119kowaniami.\u00a0<\/span><\/p>\n<p><span style=\"font-weight: 400;\">Po oficjalnym zako\u0144czeniu Zlotu, dostali\u015bmy od organizator\u00f3w bonus, kt\u00f3rym by\u0142a mo\u017cliwo\u015b\u0107 zwiedzenia budynk\u00f3w destylarni, w tym remontowanej wie\u017cy rektyfikacyjnej, z kt\u00f3rej szczytu mogli\u015bmy po raz ostatni podziwia\u0107 panoram\u0119 Nieszawy i Wis\u0142y.<\/span><\/p>\n<p><i><span style=\"font-weight: 400;\">Tekst<\/span><\/i> <b>Krzysztof Czerepowicki<br \/>\n<span style=\"font-weight: 400;\">Przewodnicz\u0105cy Kujawsko-Pomorskiego Kolegium Instruktor\u00f3w Krajoznawstwa PTTK.<\/span><\/b><\/p>\n<p><i><span style=\"font-weight: 400;\">Zdj\u0119cia<\/span><\/i> <b>Bogumi\u0142 R. Korzeniewski<\/b><\/p>\n<p>&nbsp;<\/p>\n<div id=\"attachment_30087\" style=\"width: 310px\" class=\"wp-caption alignnone\"><a href=\"https:\/\/turysta2.pttk.pl\/wp-content\/uploads\/2023\/11\/1.-IMG20230930125334-Fot.-B.R.-Korzeniewski-scaled.jpg\"><img loading=\"lazy\" decoding=\"async\" aria-describedby=\"caption-attachment-30087\" class=\"size-medium wp-image-30087\" src=\"https:\/\/turysta2.pttk.pl\/wp-content\/uploads\/2023\/11\/1.-IMG20230930125334-Fot.-B.R.-Korzeniewski-300x210.jpg\" alt=\"\" width=\"300\" height=\"210\" srcset=\"https:\/\/turysta2.pttk.pl\/wp-content\/uploads\/2023\/11\/1.-IMG20230930125334-Fot.-B.R.-Korzeniewski-300x210.jpg 300w, https:\/\/turysta2.pttk.pl\/wp-content\/uploads\/2023\/11\/1.-IMG20230930125334-Fot.-B.R.-Korzeniewski-1024x717.jpg 1024w, https:\/\/turysta2.pttk.pl\/wp-content\/uploads\/2023\/11\/1.-IMG20230930125334-Fot.-B.R.-Korzeniewski-768x538.jpg 768w, https:\/\/turysta2.pttk.pl\/wp-content\/uploads\/2023\/11\/1.-IMG20230930125334-Fot.-B.R.-Korzeniewski-1536x1075.jpg 1536w, https:\/\/turysta2.pttk.pl\/wp-content\/uploads\/2023\/11\/1.-IMG20230930125334-Fot.-B.R.-Korzeniewski-2048x1434.jpg 2048w\" sizes=\"auto, (max-width: 300px) 100vw, 300px\" \/><\/a><p id=\"caption-attachment-30087\" class=\"wp-caption-text\">Grupa uczestnik\u00f3w zlotu przed dworcem<br \/>kolejowym w Aleksandrowie Kujawskim<\/p><\/div>\n","protected":false},"excerpt":{"rendered":"Wed\u0142ug obowi\u0105zuj\u0105cej od wielu lat tradycji kujawsko-pomorscy instruktorzy krajoznawstwa spotykaj\u0105 si\u0119 na pocz\u0105tku okresu jesiennego na corocznym Wojew\u00f3dzkim Zlocie Aktywnych Krajoznawc\u00f3w (WZAK). Tym razem, po raz pierwszy w rol\u0119 organizatora i gospodarza Zlotu wcieli\u0142 si\u0119 Oddzia\u0142 Przewodnicki PTTK z Torunia. Halina Mazurkiewicz i Bogumi\u0142 Korzeniewski wraz z zespo\u0142em oddzia\u0142owych dzia\u0142aczy zaprosili krajoznawc\u00f3w na teren powiatu aleksandrowskiego. W tym miejscu Zlot&nbsp;<a href=\"https:\/\/turysta2.pttk.pl\/?p=30083\" class=\"read-more\">Continue Reading<\/a>","protected":false},"author":13,"featured_media":30085,"comment_status":"closed","ping_status":"closed","sticky":false,"template":"","format":"standard","meta":{"footnotes":""},"categories":[75,41],"tags":[],"class_list":["post-30083","post","type-post","status-publish","format-standard","has-post-thumbnail","hentry","category-przewodnictwo-i-pilotaz","category-turystyka-pttk","cat-75-id","cat-41-id"],"aioseo_notices":[],"_links":{"self":[{"href":"https:\/\/turysta2.pttk.pl\/index.php?rest_route=\/wp\/v2\/posts\/30083","targetHints":{"allow":["GET"]}}],"collection":[{"href":"https:\/\/turysta2.pttk.pl\/index.php?rest_route=\/wp\/v2\/posts"}],"about":[{"href":"https:\/\/turysta2.pttk.pl\/index.php?rest_route=\/wp\/v2\/types\/post"}],"author":[{"embeddable":true,"href":"https:\/\/turysta2.pttk.pl\/index.php?rest_route=\/wp\/v2\/users\/13"}],"replies":[{"embeddable":true,"href":"https:\/\/turysta2.pttk.pl\/index.php?rest_route=%2Fwp%2Fv2%2Fcomments&post=30083"}],"version-history":[{"count":1,"href":"https:\/\/turysta2.pttk.pl\/index.php?rest_route=\/wp\/v2\/posts\/30083\/revisions"}],"predecessor-version":[{"id":30089,"href":"https:\/\/turysta2.pttk.pl\/index.php?rest_route=\/wp\/v2\/posts\/30083\/revisions\/30089"}],"wp:featuredmedia":[{"embeddable":true,"href":"https:\/\/turysta2.pttk.pl\/index.php?rest_route=\/wp\/v2\/media\/30085"}],"wp:attachment":[{"href":"https:\/\/turysta2.pttk.pl\/index.php?rest_route=%2Fwp%2Fv2%2Fmedia&parent=30083"}],"wp:term":[{"taxonomy":"category","embeddable":true,"href":"https:\/\/turysta2.pttk.pl\/index.php?rest_route=%2Fwp%2Fv2%2Fcategories&post=30083"},{"taxonomy":"post_tag","embeddable":true,"href":"https:\/\/turysta2.pttk.pl\/index.php?rest_route=%2Fwp%2Fv2%2Ftags&post=30083"}],"curies":[{"name":"wp","href":"https:\/\/api.w.org\/{rel}","templated":true}]}}