{"id":30073,"date":"2023-11-21T11:38:03","date_gmt":"2023-11-21T09:38:03","guid":{"rendered":"https:\/\/turysta2.pttk.pl\/?p=30073"},"modified":"2023-11-21T11:38:03","modified_gmt":"2023-11-21T09:38:03","slug":"jak-ksztaltowal-sie-szlak-kopernika","status":"publish","type":"post","link":"https:\/\/turysta2.pttk.pl\/?p=30073","title":{"rendered":"Jak kszta\u0142towa\u0142 si\u0119 Szlak Kopernika"},"content":{"rendered":"<p><b>Zmiany administracyjne w Europie po II wojnie \u015bwiatowej, przyznanie Polsce cz\u0119\u015bci po\u0142udniowej Prus Wschodnich z ca\u0142\u0105 Warmi\u0105, przyczyni\u0142y si\u0119 do szybkiego wzrostu zainteresowania ziemiami, na kt\u00f3rych \u017cy\u0142 i pracowa\u0142 Miko\u0142aj Kopernik przez 40 lat. Wysz\u0142o ono z miasta, w kt\u00f3rym astronom przyszed\u0142 na \u015bwiat, z Torunia, ju\u017c w 1945 roku. Jego imieniem nazwano powsta\u0142y w\u00f3wczas w tym mie\u015bcie uniwersytet.<\/b><\/p>\n<p><span style=\"font-weight: 400;\">Znacz\u0105cym objawem zainteresowania Kopernikiem na Warmii by\u0142a wystawa Kopernikowska w Muzeum Mazurskim w Olsztynie, po\u0142\u0105czona z obchodami 403. rocznicy \u015bmierci astronoma we Fromborku 24 maja 1946 roku. Wystaw\u0119, otwart\u0105 dla zwiedzaj\u0105cych do 7 wrze\u015bnia 1946 roku, zwiedzi\u0142o ponad 8 tysi\u0119cy os\u00f3b. To bardzo du\u017co, je\u015bli uwzgl\u0119dni\u0107 fakt, \u017ce w okresie trwania wystawy Olsztyn by\u0142 jeszcze wyludniony.<br \/>\n<\/span><span style=\"font-weight: 400;\">Pierwszy polski przewodnik po Fromborku Marii Zo\u0142ote\u0144ko zosta\u0142 wydany ju\u017c w 1946 roku. Dwa lata p\u00f3\u017aniej zacz\u0119\u0142o funkcjonowa\u0107 w tym mie\u015bcie Muzeum Miko\u0142aja Kopernika, do kt\u00f3rego, z pobudek narodowych, ustanowiono wst\u0119p bezp\u0142atny.<\/span><\/p>\n<p><span style=\"font-weight: 400;\">Zbli\u017ca\u0142 si\u0119 rok 1953, og\u0142oszono go Rokiem Odrodzenia oraz Rokiem Kopernika (w 410. rocznic\u0119 \u015bmierci astronoma). Obchody obejmowa\u0142y m.in. zorganizowanie imprez turystycznych, w tym Pierwszego Og\u00f3lnopolskiego Rajdu Turystyki Pieszej. Wytyczeniem tras zaj\u0105\u0142 si\u0119 istniej\u0105cy od 1946 roku (jako oddzia\u0142 <\/span><span style=\"font-weight: 400;\">Polskiego Towarzystwa Krajoznawczego<\/span><span style=\"font-weight: 400;\">) Oddzia\u0142 Warmi\u0144sko-Mazurski PTTK w Olsztynie. Jedna z opracowanych o\u015bmiu tras pieszych nosi\u0142a nazw\u0119 Szlaku Kopernikowskiego i jest to pierwszy odnotowany przypadek u\u017cycia takiej nazwy.\u00a0<\/span><\/p>\n<p><span style=\"font-weight: 400;\">Warto przytoczy\u0107 oryginalny zapis z dokumentacji Regionalnej Komisji Turystyki Pieszej w Olsztynie (1946 rok)<\/span><b>:<\/b> <i><span style=\"font-weight: 400;\">Szlak Warmi\u0144ski (Kopernikowski ze wzgl\u0119du na le\u017c\u0105ce na nim miejscowo\u015bci upami\u0119tnione pobytem i dzia\u0142alno\u015bci\u0105 astronoma). Szlak wiedzie z Ostr\u00f3dy do Pi\u0142awek i statkiem kana\u0142ami do Elbl\u0105ga, zwiedzanie zamku w Malborku, wzg\u00f3rz Elbl\u0105sko-Tolkmickich, Fromborka, Krynicy Morskiej i Zalewu Wi\u015blanego, Braniewa, doliny rzeki Wa\u0142szy pod Pieni\u0119\u017cnem, Ornety, Lidzbarka Warmi\u0144skiego i Olsztyna.<\/span><\/i><span style=\"font-weight: 400;\"> Wprawdzie Ostr\u00f3da, Kana\u0142 Elbl\u0105ski i Malbork niewiele maj\u0105 wsp\u00f3lnego z Warmi\u0105 i Kopernikiem, ale przewa\u017cy\u0142a tu ch\u0119\u0107 pokazania innych ciekawostek regionu, zaproponowano wi\u0119c rejs statkiem i podr\u00f3\u017c poci\u0105giem.<\/span><\/p>\n<p><span style=\"font-weight: 400;\">Szlak mi\u0119dzy Elbl\u0105giem a Olsztynem wytyczono szczeg\u00f3\u0142owo. Trasa dobrana by\u0142a starannie i ciekawie, niewiele r\u00f3\u017cni\u0142a si\u0119 od dzisiejszego przebiegu pieszego Szlaku Kopernikowskiego (opr\u00f3cz odcinka Lidzbark Warmi\u0144ski\u2013Dobre Miasto).<\/span><\/p>\n<p><b>25 tysi\u0119cy turyst\u00f3w<br \/>\n<\/b><span style=\"font-weight: 400;\">Dokumentacja Regionalnej Komisji Turystyki Pieszej, tym razem z roku 1955, zawiera ciekaw\u0105 informacj\u0119 wskazuj\u0105c\u0105 najbardziej ucz\u0119szczane szlaki, a w\u015br\u00f3d nich Szlak Kopernikowski (podany jest jego przebieg: Elbl\u0105g, Frombork, Lidzbark, Orneta, Olsztyn). Dane o frekwencji m\u00f3wi\u0105 o 25 tysi\u0105cach turyst\u00f3w, kt\u00f3rzy ten szlak odwiedzili. Czy jest to liczba wiarygodna, nie wiadomo, cho\u0107 warto pami\u0119ta\u0107 o licznych m\u0142odzie\u017cowych obozach pieszych w\u0119druj\u0105cych w tamtych czasach.<br \/>\n<\/span><span style=\"font-weight: 400;\">Ciekawostk\u0105 jest fakt, \u017ce szlak ten oznakowany zosta\u0142 znakami w kolorze czerwonym i ta tradycja kontynuowana jest do chwili obecnej. Dzi\u015b szlakiem opiekuj\u0105 si\u0119 na terenie wojew\u00f3dztwa warmi\u0144sko-mazurskiego oddzia\u0142y PTTK w Olsztynie i Elbl\u0105gu.<\/span><\/p>\n<p><span style=\"font-weight: 400;\">Takie by\u0142y pocz\u0105tki Szlaku Kopernikowskiego pieszego. Ostateczny jego przebieg ukszta\u0142towa\u0142 si\u0119 w latach 60. XX wieku i zasadniczo nie zmieni\u0142 si\u0119 od tamtej pory. Pieszy Szlak Kopernikowski biegnie dzisiaj z Olsztyna przez Dobre Miasto, Lidzbark Warmi\u0144ski, Braniewo, Frombork, Elbl\u0105g, a nast\u0119pnie przekracza granic\u0119 wojew\u00f3dztwa, prowadz\u0105c do Grudzi\u0105dza.<\/span><\/p>\n<p><b>Autem, motocyklem, rowerem<br \/>\n<\/b><span style=\"font-weight: 400;\">Pr\u00f3cz szlaku pieszego istnieje te\u017c samochodowy Szlak Kopernikowski. Nazwy tej u\u017cywano od lat 60. XX wieku i tak\u0105 tras\u0105 przez Warmi\u0119 do Elbl\u0105ga je\u017adzi\u0142y wycieczki autokarowe i nieliczni pocz\u0105tkowo tury\u015bci zmotoryzowani. Szlak samochodowy w bardziej rozbudowanej postaci powsta\u0142 dopiero w nast\u0119pnej dekadzie przy okazji organizowanych z du\u017cym rozmachem obchod\u00f3w 500. rocznicy urodzin astronoma. Podj\u0119te zosta\u0142y w\u00f3wczas prace nad wytyczeniem trasy samochodowej z Torunia przez Brodnic\u0119, Nowe Miasto Lubawskie, Lubaw\u0119, Grunwald, St\u0119bark, Olsztynek, Olsztyn, Dobre Miasto, Lidzbark Warmi\u0144ski, Ornet\u0119, Pieni\u0119\u017cno, Braniewo, Frombork, Elbl\u0105g do Gda\u0144ska. Szlak oznakowany zosta\u0142 w spos\u00f3b bardzo ciekawy i przyjazny u\u017cytkownikowi poruszaj\u0105cemu si\u0119 autem, motocyklem czy rowerem. \u00d3wczesne prawo o ruchu drogowym nie zna\u0142o poj\u0119cia tymczasowego oznakowania poziomego w kolorze \u017c\u00f3\u0142tym. Tak wi\u0119c zamiast malowa\u0107 oznakowanie osi jezdni i innych miejsc kolorem bia\u0142ym, pomalowano je na \u017c\u00f3\u0142to na ca\u0142ej trasie od Torunia przez Olsztyn po Gda\u0144sk. Powsta\u0142o te\u017c wiele dobrze opracowanych przewodnik\u00f3w i map u\u0142atwiaj\u0105cych w\u0119drowanie.<\/span><\/p>\n<p><span style=\"font-weight: 400;\">Przebieg dzisiejszego samochodowego Szlaku Kopernikowskiego nie r\u00f3\u017cni si\u0119 w zasadzie od tego sprzed 50 lat. Oczywi\u015bcie zmieni\u0142o si\u0119 z powodu istniej\u0105cych przepis\u00f3w oznakowanie. Dzi\u015b o szlaku informuj\u0105 w\u0142a\u015bciwe znaki drogowe oraz tablice. Jego przebieg mo\u017cna \u015bledzi\u0107 na urz\u0105dzeniach elektronicznych. Wci\u0105\u017c wiedzie on do interesuj\u0105cych miejscowo\u015bci pe\u0142nych zabytk\u00f3w i wsp\u00f3\u0142czesnych ciekawostek, a Miko\u0142aj Kopernik patronuje podr\u00f3\u017cnym.<\/span><\/p>\n<p>&nbsp;<\/p>\n<p><i><span style=\"font-weight: 400;\">Tekst<\/span><\/i><b> Marian Jurak<br \/>\n<\/b><span style=\"font-weight: 400;\">Przewodnik turystyczny, pasjonat turystyki rowerowej i kajakowej, dzia\u0142acz spo\u0142eczny i kulturalny Warmii i Mazur, cz\u0142onek w\u0142adz centralnych PTTK.<\/span><\/p>\n","protected":false},"excerpt":{"rendered":"Zmiany administracyjne w Europie po II wojnie \u015bwiatowej, przyznanie Polsce cz\u0119\u015bci po\u0142udniowej Prus Wschodnich z ca\u0142\u0105 Warmi\u0105, przyczyni\u0142y si\u0119 do szybkiego wzrostu zainteresowania ziemiami, na kt\u00f3rych \u017cy\u0142 i pracowa\u0142 Miko\u0142aj Kopernik przez 40 lat. Wysz\u0142o ono z miasta, w kt\u00f3rym astronom przyszed\u0142 na \u015bwiat, z Torunia, ju\u017c w 1945 roku. Jego imieniem nazwano powsta\u0142y w\u00f3wczas w tym mie\u015bcie uniwersytet. Znacz\u0105cym&nbsp;<a href=\"https:\/\/turysta2.pttk.pl\/?p=30073\" class=\"read-more\">Continue Reading<\/a>","protected":false},"author":13,"featured_media":30075,"comment_status":"closed","ping_status":"closed","sticky":false,"template":"","format":"standard","meta":{"footnotes":""},"categories":[84,11],"tags":[],"class_list":["post-30073","post","type-post","status-publish","format-standard","has-post-thumbnail","hentry","category-poznajemy-szlaki","category-turysta-poleca","cat-84-id","cat-11-id"],"aioseo_notices":[],"_links":{"self":[{"href":"https:\/\/turysta2.pttk.pl\/index.php?rest_route=\/wp\/v2\/posts\/30073","targetHints":{"allow":["GET"]}}],"collection":[{"href":"https:\/\/turysta2.pttk.pl\/index.php?rest_route=\/wp\/v2\/posts"}],"about":[{"href":"https:\/\/turysta2.pttk.pl\/index.php?rest_route=\/wp\/v2\/types\/post"}],"author":[{"embeddable":true,"href":"https:\/\/turysta2.pttk.pl\/index.php?rest_route=\/wp\/v2\/users\/13"}],"replies":[{"embeddable":true,"href":"https:\/\/turysta2.pttk.pl\/index.php?rest_route=%2Fwp%2Fv2%2Fcomments&post=30073"}],"version-history":[{"count":1,"href":"https:\/\/turysta2.pttk.pl\/index.php?rest_route=\/wp\/v2\/posts\/30073\/revisions"}],"predecessor-version":[{"id":30077,"href":"https:\/\/turysta2.pttk.pl\/index.php?rest_route=\/wp\/v2\/posts\/30073\/revisions\/30077"}],"wp:featuredmedia":[{"embeddable":true,"href":"https:\/\/turysta2.pttk.pl\/index.php?rest_route=\/wp\/v2\/media\/30075"}],"wp:attachment":[{"href":"https:\/\/turysta2.pttk.pl\/index.php?rest_route=%2Fwp%2Fv2%2Fmedia&parent=30073"}],"wp:term":[{"taxonomy":"category","embeddable":true,"href":"https:\/\/turysta2.pttk.pl\/index.php?rest_route=%2Fwp%2Fv2%2Fcategories&post=30073"},{"taxonomy":"post_tag","embeddable":true,"href":"https:\/\/turysta2.pttk.pl\/index.php?rest_route=%2Fwp%2Fv2%2Ftags&post=30073"}],"curies":[{"name":"wp","href":"https:\/\/api.w.org\/{rel}","templated":true}]}}