{"id":30023,"date":"2023-10-06T14:39:11","date_gmt":"2023-10-06T12:39:11","guid":{"rendered":"https:\/\/turysta2.pttk.pl\/?p=30023"},"modified":"2023-10-06T14:39:11","modified_gmt":"2023-10-06T12:39:11","slug":"jedyne-takie-miejsce-w-polsce","status":"publish","type":"post","link":"https:\/\/turysta2.pttk.pl\/?p=30023","title":{"rendered":"Jedyne takie miejsce w Polsce"},"content":{"rendered":"<p>Spa\u0142a jest jedn\u0105 z najpopularniejszych miejscowo\u015bci turystyczno-rekreacyjnych w wojew\u00f3dztwie \u0142\u00f3dzkim. Zwiedzaj\u0105c j\u0105, warto dotrze\u0107 do pi\u0119knej, drewnianej le\u015bnicz\u00f3wki, znajduj\u0105cej si\u0119 za mostem, przy al. Prezydenta I. Mo\u015bcickiego 21, obok najstarszego murowanego obiektu w Spale, kapliczki \u015bw. Jana Nepomucena z 1874 roku. Znajduje si\u0119 tu Dom Pami\u0119ci Walki i M\u0119cze\u0144stwa Le\u015bnik\u00f3w i Drzewiarzy Polskich im. Adama Loreta. Reprezentacyjn\u0105 le\u015bnicz\u00f3wk\u0119, wybudowan\u0105 w 1983 roku, przeznaczono na symboliczny dom pami\u0119ci le\u015bnik\u00f3w i drzewiarzy, kt\u00f3rzy oddali swoje \u017cycie za wolno\u015b\u0107 ojczyzny. Opiek\u0119 nad plac\u00f3wk\u0105 obj\u0119\u0142o Nadle\u015bnictwo Spa\u0142a. W muzeum, dzi\u0119ki trzem wystawom historycznym, mo\u017cna si\u0119 zapozna\u0107 z dziejami rodzin le\u015bnych od zabor\u00f3w poprzez okres mi\u0119dzywojenny i II wojn\u0119 \u015bwiatow\u0105 a\u017c do czas\u00f3w wsp\u00f3\u0142czesnych. W centralnym miejscu domu, na wprost wej\u015bcia, znajduje si\u0119 Izba Pami\u0119ci po\u015bwi\u0119cona poleg\u0142ym w s\u0142u\u017cbie na frontach II wojny \u015bwiatowej. Stoj\u0105 w niej urny z ziemi\u0105 z wybranych miejsc bitew \u017co\u0142nierzy polskich, oddzia\u0142\u00f3w partyzanckich oraz osad le\u015bnych, w kt\u00f3rych okupanci niemieccy mordowali le\u015bnik\u00f3w wraz z rodzinami. Na \u015bcianach wisz\u0105 zdj\u0119cia bohaterskich le\u015bnik\u00f3w i drzewiarzy oraz ich bliskich. Ka\u017cde z nich wi\u0105\u017ce si\u0119 z tragiczn\u0105 histori\u0105. Znajduj\u0105 si\u0119 tu m.in. zdj\u0119cia le\u015bniczych Miko\u0142aja Koziarskiego i Eugeniusza Wr\u00f3blewskiego, kt\u00f3rzy za wsp\u00f3\u0142dzia\u0142anie z Wydzielonym Oddzia\u0142em Wojska Polskiego mjr. Henryka Dobrza\u0144skiego \u201eHubala\u201d zostali zamordowani w 1941 roku w O\u015bwi\u0119cimiu, czy zdj\u0119cia Bronis\u0142awy i Janiny Caban, kt\u00f3re wraz z ojcami zosta\u0142y aresztowane w 1941 roku przez Niemc\u00f3w za dzia\u0142alno\u015b\u0107 konspiracyjn\u0105 w siedzibie Naczelnego Dow\u00f3dztwa Wojsk \u201eWsch\u00f3d\u201d (tzw. Oberost) w Spale. W 1942 roku zosta\u0142y rozstrzelane w Ravensbr\u00fcck, a ich ojcowie zamordowani w O\u015bwi\u0119cimiu. Mapa Europy na pod\u0142odze wskazuje miejsca walk i \u015bmierci le\u015bnik\u00f3w podczas II wojny \u015bwiatowej. W Izbie Konspiracji Zbrojnej znajduje si\u0119 ekspozycja po\u015bwi\u0119cona walce le\u015bnik\u00f3w partyzant\u00f3w na terenie okupowanego kraju. W gablotach i na sztalugach zgromadzono wiele eksponat\u00f3w, w tym bro\u0144, elementy stroj\u00f3w i wyposa\u017cenia partyzanckiego, zdj\u0119cia, obrazy, listy, mapy. W\u015br\u00f3d nich mo\u017cemy obejrze\u0107 m.in. odznak\u0119 my\u015bliwsk\u0105 przyznawan\u0105 przez prezydenta RP Ignacego Mo\u015bcickiego, ksi\u0105\u017ceczk\u0119 oficersk\u0105 le\u015bnika. Wyeksponowane jest te\u017c zdj\u0119cie Adama Loreta, dyrektora naczelnego Las\u00f3w Pa\u0144stwowych II Rzeczypospolitej, kt\u00f3ry w pierwszych dniach sowieckiego ataku zosta\u0142 aresztowany, a nast\u0119pnie deportowany do Zwi\u0105zku Radzieckiego, gdzie zagin\u0105\u0142 bez wie\u015bci na prze\u0142omie 1940 i 1941 roku. W 2002 roku zosta\u0142 on patronem Domu Pami\u0119ci. W Izbie Ho\u0142du znajduje si\u0119 ekspozycja dotycz\u0105ca tragicznych wydarze\u0144 zwi\u0105zanych z niemieckim i sowieckim okupantem, kt\u00f3ra podzielona zosta\u0142a na dwie cz\u0119\u015bci. \u015aciana \u0142agru z oknem przedstawia losy le\u015bnik\u00f3w zes\u0142anych, uwi\u0119zionych w \u0142agrach i obozach koncentracyjnych, natomiast w drugiej Marcin Reczycki Przewodnik turystyczny, instruktor krajoznawstwa regionu i ochrony przyrody PTTK, organizator turystyki, pilot, spo\u0142eczny opiekun zabytk\u00f3w, specjalista ds. ochrony d\u00f3br kultury. W gablotach i na sztalugach zgromadzono wiele eksponat\u00f3w Ma\u0142a p\u0142yta po\u015bwi\u0119cona harcerkom straconym w 1942 roku oraz ich ojcom. Za krzy\u017cem pomnik z napisem: Le\u015bnikom i drzewiarzom polskim poleg\u0142ym i zam\u0119czonym w okresie II wojny \u015bwiatowej \u2013 Koledzy cz\u0119\u015bci wida\u0107 bezimienn\u0105, le\u015bn\u0105 masow\u0105 mogi\u0142\u0119, nad kt\u00f3r\u0105 wy\u015bwietlane s\u0105 rozmazane twarze. W\u015br\u00f3d eksponat\u00f3w mo\u017cna zobaczy\u0107 cz\u0119\u015bci ubioru oraz przedmioty codziennego u\u017cytku obozowego \u017cycia. W tle s\u0142ycha\u0107 przejmuj\u0105c\u0105 muzyk\u0119 przerywan\u0105 tekstem Apelu Poleg\u0142ych. W centrum znajduje si\u0119 \u015bciana z sosnowych kloc\u00f3w, na kt\u00f3rych wypisano imiona i nazwiska wszystkich znanych le\u015bnik\u00f3w i drzewiarzy poleg\u0142ych w niemieckich i sowieckich obozach.<\/p>\n<p><em>Tekst i zdj\u0119cia <\/em><strong>Marcin Reczycki<\/strong><br \/>\nPrzewodnik turystyczny, instruktor krajoznawstwa regionu i ochrony przyrody PTTK, organizator turystyki, pilot, spo\u0142eczny opiekun zabytk\u00f3w, specjalista ds. ochrony d\u00f3br kultury.<\/p>\n<div id=\"attachment_30027\" style=\"width: 310px\" class=\"wp-caption alignnone\"><a href=\"https:\/\/turysta2.pttk.pl\/wp-content\/uploads\/2023\/10\/Izba-Holdu-fot.-Reczycki.jpg\"><img loading=\"lazy\" decoding=\"async\" aria-describedby=\"caption-attachment-30027\" class=\"size-medium wp-image-30027\" src=\"https:\/\/turysta2.pttk.pl\/wp-content\/uploads\/2023\/10\/Izba-Holdu-fot.-Reczycki-300x196.jpg\" alt=\"\" width=\"300\" height=\"196\" srcset=\"https:\/\/turysta2.pttk.pl\/wp-content\/uploads\/2023\/10\/Izba-Holdu-fot.-Reczycki-300x196.jpg 300w, https:\/\/turysta2.pttk.pl\/wp-content\/uploads\/2023\/10\/Izba-Holdu-fot.-Reczycki-1024x671.jpg 1024w, https:\/\/turysta2.pttk.pl\/wp-content\/uploads\/2023\/10\/Izba-Holdu-fot.-Reczycki-768x503.jpg 768w, https:\/\/turysta2.pttk.pl\/wp-content\/uploads\/2023\/10\/Izba-Holdu-fot.-Reczycki-1536x1006.jpg 1536w, https:\/\/turysta2.pttk.pl\/wp-content\/uploads\/2023\/10\/Izba-Holdu-fot.-Reczycki.jpg 2008w\" sizes=\"auto, (max-width: 300px) 100vw, 300px\" \/><\/a><p id=\"caption-attachment-30027\" class=\"wp-caption-text\">Izba Ho\u0142du po\u015bwi\u0119cona zosta\u0142a ofiarom egzekucji, zsy\u0142ek i masowych mord\u00f3w<\/p><\/div>\n<div id=\"attachment_30029\" style=\"width: 310px\" class=\"wp-caption alignnone\"><a href=\"https:\/\/turysta2.pttk.pl\/wp-content\/uploads\/2023\/10\/Izba-Konspiracji-Zbrojnej-.-fot.-Marcin-Reczycki.jpg\"><img loading=\"lazy\" decoding=\"async\" aria-describedby=\"caption-attachment-30029\" class=\"size-medium wp-image-30029\" src=\"https:\/\/turysta2.pttk.pl\/wp-content\/uploads\/2023\/10\/Izba-Konspiracji-Zbrojnej-.-fot.-Marcin-Reczycki-300x191.jpg\" alt=\"\" width=\"300\" height=\"191\" srcset=\"https:\/\/turysta2.pttk.pl\/wp-content\/uploads\/2023\/10\/Izba-Konspiracji-Zbrojnej-.-fot.-Marcin-Reczycki-300x191.jpg 300w, https:\/\/turysta2.pttk.pl\/wp-content\/uploads\/2023\/10\/Izba-Konspiracji-Zbrojnej-.-fot.-Marcin-Reczycki-1024x654.jpg 1024w, https:\/\/turysta2.pttk.pl\/wp-content\/uploads\/2023\/10\/Izba-Konspiracji-Zbrojnej-.-fot.-Marcin-Reczycki-768x490.jpg 768w, https:\/\/turysta2.pttk.pl\/wp-content\/uploads\/2023\/10\/Izba-Konspiracji-Zbrojnej-.-fot.-Marcin-Reczycki-1536x980.jpg 1536w, https:\/\/turysta2.pttk.pl\/wp-content\/uploads\/2023\/10\/Izba-Konspiracji-Zbrojnej-.-fot.-Marcin-Reczycki-2048x1307.jpg 2048w\" sizes=\"auto, (max-width: 300px) 100vw, 300px\" \/><\/a><p id=\"caption-attachment-30029\" class=\"wp-caption-text\">Izba Konspiracji Zbrojnej \u2013 diorama przedstawiaj\u0105ca \u017co\u0142nierza na polowym stanowisku strzeleckim<\/p><\/div>\n<div id=\"attachment_30031\" style=\"width: 310px\" class=\"wp-caption alignnone\"><a href=\"https:\/\/turysta2.pttk.pl\/wp-content\/uploads\/2023\/10\/Izba-Pamieci-fot.-Marcin-Reczycki.jpg\"><img loading=\"lazy\" decoding=\"async\" aria-describedby=\"caption-attachment-30031\" class=\"size-medium wp-image-30031\" src=\"https:\/\/turysta2.pttk.pl\/wp-content\/uploads\/2023\/10\/Izba-Pamieci-fot.-Marcin-Reczycki-300x211.jpg\" alt=\"\" width=\"300\" height=\"211\" srcset=\"https:\/\/turysta2.pttk.pl\/wp-content\/uploads\/2023\/10\/Izba-Pamieci-fot.-Marcin-Reczycki-300x211.jpg 300w, https:\/\/turysta2.pttk.pl\/wp-content\/uploads\/2023\/10\/Izba-Pamieci-fot.-Marcin-Reczycki-1024x721.jpg 1024w, https:\/\/turysta2.pttk.pl\/wp-content\/uploads\/2023\/10\/Izba-Pamieci-fot.-Marcin-Reczycki-768x540.jpg 768w, https:\/\/turysta2.pttk.pl\/wp-content\/uploads\/2023\/10\/Izba-Pamieci-fot.-Marcin-Reczycki-1536x1081.jpg 1536w, https:\/\/turysta2.pttk.pl\/wp-content\/uploads\/2023\/10\/Izba-Pamieci-fot.-Marcin-Reczycki-2048x1441.jpg 2048w\" sizes=\"auto, (max-width: 300px) 100vw, 300px\" \/><\/a><p id=\"caption-attachment-30031\" class=\"wp-caption-text\">Izba Pami\u0119ci upami\u0119tnia poleg\u0142ych w s\u0142u\u017cbie wojskowej na frontach drugiej wojny \u015bwiatowej<\/p><\/div>\n","protected":false},"excerpt":{"rendered":"Spa\u0142a jest jedn\u0105 z najpopularniejszych miejscowo\u015bci turystyczno-rekreacyjnych w wojew\u00f3dztwie \u0142\u00f3dzkim. Zwiedzaj\u0105c j\u0105, warto dotrze\u0107 do pi\u0119knej, drewnianej le\u015bnicz\u00f3wki, znajduj\u0105cej si\u0119 za mostem, przy al. Prezydenta I. Mo\u015bcickiego 21, obok najstarszego murowanego obiektu w Spale, kapliczki \u015bw. Jana Nepomucena z 1874 roku. Znajduje si\u0119 tu Dom Pami\u0119ci Walki i M\u0119cze\u0144stwa Le\u015bnik\u00f3w i Drzewiarzy Polskich im. Adama Loreta. Reprezentacyjn\u0105 le\u015bnicz\u00f3wk\u0119, wybudowan\u0105 w&nbsp;<a href=\"https:\/\/turysta2.pttk.pl\/?p=30023\" class=\"read-more\">Continue Reading<\/a>","protected":false},"author":13,"featured_media":30025,"comment_status":"closed","ping_status":"closed","sticky":false,"template":"","format":"standard","meta":{"footnotes":""},"categories":[95,41],"tags":[],"class_list":["post-30023","post","type-post","status-publish","format-standard","has-post-thumbnail","hentry","category-musisz-zobaczyc","category-turystyka-pttk","cat-95-id","cat-41-id"],"aioseo_notices":[],"_links":{"self":[{"href":"https:\/\/turysta2.pttk.pl\/index.php?rest_route=\/wp\/v2\/posts\/30023","targetHints":{"allow":["GET"]}}],"collection":[{"href":"https:\/\/turysta2.pttk.pl\/index.php?rest_route=\/wp\/v2\/posts"}],"about":[{"href":"https:\/\/turysta2.pttk.pl\/index.php?rest_route=\/wp\/v2\/types\/post"}],"author":[{"embeddable":true,"href":"https:\/\/turysta2.pttk.pl\/index.php?rest_route=\/wp\/v2\/users\/13"}],"replies":[{"embeddable":true,"href":"https:\/\/turysta2.pttk.pl\/index.php?rest_route=%2Fwp%2Fv2%2Fcomments&post=30023"}],"version-history":[{"count":2,"href":"https:\/\/turysta2.pttk.pl\/index.php?rest_route=\/wp\/v2\/posts\/30023\/revisions"}],"predecessor-version":[{"id":30035,"href":"https:\/\/turysta2.pttk.pl\/index.php?rest_route=\/wp\/v2\/posts\/30023\/revisions\/30035"}],"wp:featuredmedia":[{"embeddable":true,"href":"https:\/\/turysta2.pttk.pl\/index.php?rest_route=\/wp\/v2\/media\/30025"}],"wp:attachment":[{"href":"https:\/\/turysta2.pttk.pl\/index.php?rest_route=%2Fwp%2Fv2%2Fmedia&parent=30023"}],"wp:term":[{"taxonomy":"category","embeddable":true,"href":"https:\/\/turysta2.pttk.pl\/index.php?rest_route=%2Fwp%2Fv2%2Fcategories&post=30023"},{"taxonomy":"post_tag","embeddable":true,"href":"https:\/\/turysta2.pttk.pl\/index.php?rest_route=%2Fwp%2Fv2%2Ftags&post=30023"}],"curies":[{"name":"wp","href":"https:\/\/api.w.org\/{rel}","templated":true}]}}