{"id":30007,"date":"2023-10-06T14:27:28","date_gmt":"2023-10-06T12:27:28","guid":{"rendered":"https:\/\/turysta2.pttk.pl\/?p=30007"},"modified":"2023-10-06T14:27:28","modified_gmt":"2023-10-06T12:27:28","slug":"o-wojennej-pocztowce-okiem-krajoznawcy","status":"publish","type":"post","link":"https:\/\/turysta2.pttk.pl\/?p=30007","title":{"rendered":"O wojennej poczt\u00f3wce okiem krajoznawcy"},"content":{"rendered":"<p>W czasie zbierania materia\u0142\u00f3w ikonograficznych dotycz\u0105cych jakiego\u015b regionu cz\u0119sto pos\u0142uguj\u0119 si\u0119 poczt\u00f3wk\u0105. Dla mnie, jako fotografa i krajoznawcy, jest to niewyczerpane \u017ar\u00f3d\u0142o informacji. Prezentuj\u0119 tu u\u0142amek rodzinnej kolekcji, przedstawiaj\u0105cy sceny z okolic \u0141owicza w latach 1914\u20131915. Poczt\u00f3wki z okresu I wojny \u015bwiatowej prezentuj\u0105 bogate tre\u015bci nie tylko historyczne, ale tak\u017ce spo\u0142eczne i krajoznawcze. Okazuje si\u0119 bowiem, \u017ce wojna pozycyjna dawa\u0142a \u017co\u0142nierzom d\u0142ugie dni wolne od walk, kt\u00f3re wykorzystywali na robienie zdj\u0119\u0107 nie tylko sobie, ale r\u00f3wnie\u017c najbli\u017cszej okolicy i jej mieszka\u0144com. Najlepsze zdj\u0119cia cz\u0119sto potem publikowano jako poczt\u00f3wki wojenne, nierzadko propagandowe, wyst\u0119puj\u0105ce w ca\u0142ych seriach, w gotowych zestawach \u2013 ksi\u0105\u017ceczkach. Na poczt\u00f3wkach widzimy przede wszystkim \u017co\u0142nierzy niemieckich i rosyjskich w r\u00f3\u017cnych codziennych sytuacjach, jak r\u00f3wnie\u017c w czasie uroczysto\u015bci, np. ods\u0142oni\u0119cia obelisku ku czci poleg\u0142ych \u017co\u0142nierzy. Cz\u0119sto w ich tle mo\u017cemy dostrzec znajom\u0105 zabudow\u0119 miejsk\u0105 czy swojsk\u0105 strzech\u0119. Do\u015bwiadczone oko dostrze\u017ce tak\u017ce szczeg\u00f3\u0142y wiejskiego obej\u015bcia czy stroju sfotografowanej grupy. Do szczeg\u00f3lnie cz\u0119sto ukazywanych nale\u017c\u0105 okolice \u0141owicza ze swoj\u0105 charakterystyczn\u0105 kultur\u0105 ludow\u0105, kobiety i dzieci w kolorowych strojach, niespotykanych nigdzie indziej. Fotografuj\u0105cych ciekawi zwyczajne \u017cycie okolicznych mieszka\u0144c\u00f3w. Widzimy wi\u0119c sceny sprzed ko\u015bcio\u0142a, pogrzeby, wiejskie zagrody czy obrazy przedstawiaj\u0105ce ca\u0142e rodziny pozuj\u0105ce \u017co\u0142nierzom do fotografii. Mamy te\u017c serie poczt\u00f3wek ukazuj\u0105cych urod\u0119 krajobrazu wsi \u0142owickiej oraz okolic Bzury. Oczywi\u015bcie znajdziemy r\u00f3wnie\u017c widoki zniszcze\u0144 wojennych oraz przyk\u0142ady wykorzystywania r\u00f3\u017cnych obiekt\u00f3w, np. ko\u015bcio\u0142\u00f3w, na cele wojskowe. Ciekawostk\u0105 jest to, \u017ce zgodnie z \u00f3wczesn\u0105 mod\u0105 niekt\u00f3re z poczt\u00f3wek r\u0119cznie podmalowywano, chc\u0105c osi\u0105gn\u0105\u0107 spektakularny kolorowy efekt. Ju\u017c w XIX wieku retusz fotografii by\u0142 powszechny. Stosowano ingerencj\u0119 w klisz\u0119, z kt\u00f3rej p\u00f3\u017aniej wywo\u0142ywano ulepszone r\u0119cznie odbitki. Aby uzyska\u0107 zdj\u0119cie, trzeba by\u0142o najpierw wywo\u0142a\u0107 negatyw, a nast\u0119pnie u\u017cy\u0107 powi\u0119kszalnika, aby na\u015bwietli\u0107 na papier fotograficzny obraz. Do tego potrzebowano specjalnie wyposa\u017conej ciemni i ca\u0142ego zestawu odczynnik\u00f3w chemicznych. Jako\u015b\u0107 zdj\u0119cia zale\u017ca\u0142a wi\u0119c zar\u00f3wno od umiej\u0119tno\u015bci fotografuj\u0105cego, jak i osoby wywo\u0142uj\u0105cej zdj\u0119cia. Manipulacji zdj\u0119ciowych dokonywano za pomoc\u0105 starannie wycinanych \u201emasek\u201d, kt\u00f3re p\u00f3\u017aniej nak\u0142adano na elementy przeznaczone do usuni\u0119cia. Dopiero p\u00f3\u017aniej na\u015bwietlone miejsca uzupe\u0142niane by\u0142y innymi elementami zdj\u0119cia, tak aby wygl\u0105da\u0142y jak najbardziej naturalnie. Do retuszu stosowano ostro zatemperowany o\u0142\u00f3wek, pi\u00f3rko, tusz chi\u0144ski lub akwarel\u0119. Ingerowano w wybrane fragmenty negatyw\u00f3w poprzez ich przyciemnianie lub rozja\u015bnianie, domalowywano \u015bnieg, chmury, li\u015bcie, a nawet elementy garderoby. Do zdj\u0119\u0107 wykorzystywanych p\u00f3\u017aniej jako poczt\u00f3wki dorabiano na kliszy napisy z nazwami miejscowo\u015bci czy \u017cyczeniami \u015bwi\u0105tecznymi. Czasem stosowano r\u00f3wnie\u017c teksty propagandowe b\u0105d\u017a \u2013 w przypadku poczt\u00f3wek sprzedawanych w celach charytatywnych \u2013 informacje dotycz\u0105ce instytucji lub osoby zajmuj\u0105cej si\u0119 zbi\u00f3rk\u0105 dar\u00f3w.<\/p>\n<p><em>Tekst<\/em> <strong>Izabela Ruci\u0144ska<\/strong><\/p>\n<div id=\"attachment_30011\" style=\"width: 310px\" class=\"wp-caption alignnone\"><a href=\"https:\/\/turysta2.pttk.pl\/wp-content\/uploads\/2023\/10\/2.-Zolnierze-niemieccy-wraz-z-Ksiezakami-w-Lowiczu.jpg\"><img loading=\"lazy\" decoding=\"async\" aria-describedby=\"caption-attachment-30011\" class=\"size-medium wp-image-30011\" src=\"https:\/\/turysta2.pttk.pl\/wp-content\/uploads\/2023\/10\/2.-Zolnierze-niemieccy-wraz-z-Ksiezakami-w-Lowiczu-300x202.jpg\" alt=\"\" width=\"300\" height=\"202\" srcset=\"https:\/\/turysta2.pttk.pl\/wp-content\/uploads\/2023\/10\/2.-Zolnierze-niemieccy-wraz-z-Ksiezakami-w-Lowiczu-300x202.jpg 300w, https:\/\/turysta2.pttk.pl\/wp-content\/uploads\/2023\/10\/2.-Zolnierze-niemieccy-wraz-z-Ksiezakami-w-Lowiczu-1024x688.jpg 1024w, https:\/\/turysta2.pttk.pl\/wp-content\/uploads\/2023\/10\/2.-Zolnierze-niemieccy-wraz-z-Ksiezakami-w-Lowiczu-768x516.jpg 768w, https:\/\/turysta2.pttk.pl\/wp-content\/uploads\/2023\/10\/2.-Zolnierze-niemieccy-wraz-z-Ksiezakami-w-Lowiczu-1536x1032.jpg 1536w, https:\/\/turysta2.pttk.pl\/wp-content\/uploads\/2023\/10\/2.-Zolnierze-niemieccy-wraz-z-Ksiezakami-w-Lowiczu.jpg 1772w\" sizes=\"auto, (max-width: 300px) 100vw, 300px\" \/><\/a><p id=\"caption-attachment-30011\" class=\"wp-caption-text\">\u017bo\u0142nierze niemieccy wraz z Ksi\u0119\u017cakami w \u0141owiczu. Poczt\u00f3wka wyd. J. Themal, Pozna\u0144<\/p><\/div>\n<div id=\"attachment_30013\" style=\"width: 310px\" class=\"wp-caption alignnone\"><a href=\"https:\/\/turysta2.pttk.pl\/wp-content\/uploads\/2023\/10\/2.-Lowickie-dzieci-na-tle-ruin-fabryki-chemicznej-w-Lowiczu_aj.jpg\"><img loading=\"lazy\" decoding=\"async\" aria-describedby=\"caption-attachment-30013\" class=\"size-medium wp-image-30013\" src=\"https:\/\/turysta2.pttk.pl\/wp-content\/uploads\/2023\/10\/2.-Lowickie-dzieci-na-tle-ruin-fabryki-chemicznej-w-Lowiczu_aj-300x201.jpg\" alt=\"\" width=\"300\" height=\"201\" srcset=\"https:\/\/turysta2.pttk.pl\/wp-content\/uploads\/2023\/10\/2.-Lowickie-dzieci-na-tle-ruin-fabryki-chemicznej-w-Lowiczu_aj-300x201.jpg 300w, https:\/\/turysta2.pttk.pl\/wp-content\/uploads\/2023\/10\/2.-Lowickie-dzieci-na-tle-ruin-fabryki-chemicznej-w-Lowiczu_aj-1024x688.jpg 1024w, https:\/\/turysta2.pttk.pl\/wp-content\/uploads\/2023\/10\/2.-Lowickie-dzieci-na-tle-ruin-fabryki-chemicznej-w-Lowiczu_aj-768x516.jpg 768w, https:\/\/turysta2.pttk.pl\/wp-content\/uploads\/2023\/10\/2.-Lowickie-dzieci-na-tle-ruin-fabryki-chemicznej-w-Lowiczu_aj-1536x1032.jpg 1536w, https:\/\/turysta2.pttk.pl\/wp-content\/uploads\/2023\/10\/2.-Lowickie-dzieci-na-tle-ruin-fabryki-chemicznej-w-Lowiczu_aj.jpg 1766w\" sizes=\"auto, (max-width: 300px) 100vw, 300px\" \/><\/a><p id=\"caption-attachment-30013\" class=\"wp-caption-text\">\u0141owickie dzieci na tle ruin fabryki chemicznej<br \/>w \u0141owiczu. Seria: Polskie Typy Ludowe, wyd.<br \/>J. Themal, Pozna\u0144<\/p><\/div>\n<div id=\"attachment_30015\" style=\"width: 310px\" class=\"wp-caption alignnone\"><a href=\"https:\/\/turysta2.pttk.pl\/wp-content\/uploads\/2023\/10\/3.-Na-kolowrotku.-Seria-pt.-Polskie-typy-ludowe_aj.jpg\"><img loading=\"lazy\" decoding=\"async\" aria-describedby=\"caption-attachment-30015\" class=\"size-medium wp-image-30015\" src=\"https:\/\/turysta2.pttk.pl\/wp-content\/uploads\/2023\/10\/3.-Na-kolowrotku.-Seria-pt.-Polskie-typy-ludowe_aj-300x199.jpg\" alt=\"\" width=\"300\" height=\"199\" srcset=\"https:\/\/turysta2.pttk.pl\/wp-content\/uploads\/2023\/10\/3.-Na-kolowrotku.-Seria-pt.-Polskie-typy-ludowe_aj-300x199.jpg 300w, https:\/\/turysta2.pttk.pl\/wp-content\/uploads\/2023\/10\/3.-Na-kolowrotku.-Seria-pt.-Polskie-typy-ludowe_aj-1024x681.jpg 1024w, https:\/\/turysta2.pttk.pl\/wp-content\/uploads\/2023\/10\/3.-Na-kolowrotku.-Seria-pt.-Polskie-typy-ludowe_aj-768x511.jpg 768w, https:\/\/turysta2.pttk.pl\/wp-content\/uploads\/2023\/10\/3.-Na-kolowrotku.-Seria-pt.-Polskie-typy-ludowe_aj-1536x1021.jpg 1536w, https:\/\/turysta2.pttk.pl\/wp-content\/uploads\/2023\/10\/3.-Na-kolowrotku.-Seria-pt.-Polskie-typy-ludowe_aj.jpg 1772w\" sizes=\"auto, (max-width: 300px) 100vw, 300px\" \/><\/a><p id=\"caption-attachment-30015\" class=\"wp-caption-text\">Na ko\u0142owrotku. Seria: Polskie Typy Ludowe, wyd. J. Themal, Pozna\u0144<\/p><\/div>\n<div id=\"attachment_30017\" style=\"width: 310px\" class=\"wp-caption alignnone\"><a href=\"https:\/\/turysta2.pttk.pl\/wp-content\/uploads\/2023\/10\/4.-Wzajemne-zrozumienie.-Seria-pt.-Polskie-typy-ludowe.jpg\"><img loading=\"lazy\" decoding=\"async\" aria-describedby=\"caption-attachment-30017\" class=\"size-medium wp-image-30017\" src=\"https:\/\/turysta2.pttk.pl\/wp-content\/uploads\/2023\/10\/4.-Wzajemne-zrozumienie.-Seria-pt.-Polskie-typy-ludowe-300x196.jpg\" alt=\"\" width=\"300\" height=\"196\" srcset=\"https:\/\/turysta2.pttk.pl\/wp-content\/uploads\/2023\/10\/4.-Wzajemne-zrozumienie.-Seria-pt.-Polskie-typy-ludowe-300x196.jpg 300w, https:\/\/turysta2.pttk.pl\/wp-content\/uploads\/2023\/10\/4.-Wzajemne-zrozumienie.-Seria-pt.-Polskie-typy-ludowe-1024x670.jpg 1024w, https:\/\/turysta2.pttk.pl\/wp-content\/uploads\/2023\/10\/4.-Wzajemne-zrozumienie.-Seria-pt.-Polskie-typy-ludowe-768x503.jpg 768w, https:\/\/turysta2.pttk.pl\/wp-content\/uploads\/2023\/10\/4.-Wzajemne-zrozumienie.-Seria-pt.-Polskie-typy-ludowe-1536x1006.jpg 1536w, https:\/\/turysta2.pttk.pl\/wp-content\/uploads\/2023\/10\/4.-Wzajemne-zrozumienie.-Seria-pt.-Polskie-typy-ludowe.jpg 1767w\" sizes=\"auto, (max-width: 300px) 100vw, 300px\" \/><\/a><p id=\"caption-attachment-30017\" class=\"wp-caption-text\">Wzajemne zrozumienie. Seria: Polskie<br \/>Typy Ludowe. wyd. J. Themal, Pozna\u0144<\/p><\/div>\n","protected":false},"excerpt":{"rendered":"W czasie zbierania materia\u0142\u00f3w ikonograficznych dotycz\u0105cych jakiego\u015b regionu cz\u0119sto pos\u0142uguj\u0119 si\u0119 poczt\u00f3wk\u0105. Dla mnie, jako fotografa i krajoznawcy, jest to niewyczerpane \u017ar\u00f3d\u0142o informacji. Prezentuj\u0119 tu u\u0142amek rodzinnej kolekcji, przedstawiaj\u0105cy sceny z okolic \u0141owicza w latach 1914\u20131915. Poczt\u00f3wki z okresu I wojny \u015bwiatowej prezentuj\u0105 bogate tre\u015bci nie tylko historyczne, ale tak\u017ce spo\u0142eczne i krajoznawcze. Okazuje si\u0119 bowiem, \u017ce wojna pozycyjna dawa\u0142a&nbsp;<a href=\"https:\/\/turysta2.pttk.pl\/?p=30007\" class=\"read-more\">Continue Reading<\/a>","protected":false},"author":13,"featured_media":30009,"comment_status":"closed","ping_status":"closed","sticky":false,"template":"","format":"standard","meta":{"footnotes":""},"categories":[81,14],"tags":[],"class_list":["post-30007","post","type-post","status-publish","format-standard","has-post-thumbnail","hentry","category-kolekcjonerstwo","category-krajoznawstwo","cat-81-id","cat-14-id"],"aioseo_notices":[],"_links":{"self":[{"href":"https:\/\/turysta2.pttk.pl\/index.php?rest_route=\/wp\/v2\/posts\/30007","targetHints":{"allow":["GET"]}}],"collection":[{"href":"https:\/\/turysta2.pttk.pl\/index.php?rest_route=\/wp\/v2\/posts"}],"about":[{"href":"https:\/\/turysta2.pttk.pl\/index.php?rest_route=\/wp\/v2\/types\/post"}],"author":[{"embeddable":true,"href":"https:\/\/turysta2.pttk.pl\/index.php?rest_route=\/wp\/v2\/users\/13"}],"replies":[{"embeddable":true,"href":"https:\/\/turysta2.pttk.pl\/index.php?rest_route=%2Fwp%2Fv2%2Fcomments&post=30007"}],"version-history":[{"count":2,"href":"https:\/\/turysta2.pttk.pl\/index.php?rest_route=\/wp\/v2\/posts\/30007\/revisions"}],"predecessor-version":[{"id":30021,"href":"https:\/\/turysta2.pttk.pl\/index.php?rest_route=\/wp\/v2\/posts\/30007\/revisions\/30021"}],"wp:featuredmedia":[{"embeddable":true,"href":"https:\/\/turysta2.pttk.pl\/index.php?rest_route=\/wp\/v2\/media\/30009"}],"wp:attachment":[{"href":"https:\/\/turysta2.pttk.pl\/index.php?rest_route=%2Fwp%2Fv2%2Fmedia&parent=30007"}],"wp:term":[{"taxonomy":"category","embeddable":true,"href":"https:\/\/turysta2.pttk.pl\/index.php?rest_route=%2Fwp%2Fv2%2Fcategories&post=30007"},{"taxonomy":"post_tag","embeddable":true,"href":"https:\/\/turysta2.pttk.pl\/index.php?rest_route=%2Fwp%2Fv2%2Ftags&post=30007"}],"curies":[{"name":"wp","href":"https:\/\/api.w.org\/{rel}","templated":true}]}}