{"id":29987,"date":"2023-10-06T14:13:43","date_gmt":"2023-10-06T12:13:43","guid":{"rendered":"https:\/\/turysta2.pttk.pl\/?p=29987"},"modified":"2023-10-06T14:15:58","modified_gmt":"2023-10-06T12:15:58","slug":"szlakiem-postaci-z-bajek","status":"publish","type":"post","link":"https:\/\/turysta2.pttk.pl\/?p=29987","title":{"rendered":"Szlakiem postaci z bajek"},"content":{"rendered":"<p>Na dobranockach o Misiu Uszatku, wr\u00f3belku \u0106wirku, Plastusiu czy zaczarowanym o\u0142\u00f3wku wychowa\u0142o si\u0119 kilka pokole\u0144 Polak\u00f3w. Wszystkie powsta\u0142y w Studiu Ma\u0142ych Form Filmowych Se-ma-for. O dorobku \u0142\u00f3dzkiej animacji przypomina szlak turystyczny \u0141\u00f3d\u017a Bajkowa. To atrakcyjna, lubiana trasa, obowi\u0105zkowa dla wybieraj\u0105cych si\u0119 do \u0141odzi turyst\u00f3w z dzie\u0107mi. Pomniki kultowych bohater\u00f3w kresk\u00f3wek ulokowane s\u0105 w miejscach atrakcyjnych dla turyst\u00f3w, najcz\u0119\u015bciej zwiedzanych. W latach 2009\u20132018 postawiono ich dziesi\u0119\u0107, zosta\u0142y sfinansowane z bud\u017cetu miejskiego, funduszy unijnych, a jeden \u2013 przez prywatnego inwestora. Przed siedzib\u0105 Centrum Informacji Turystycznej, przy Piotrkowskiej 28\/2U, stoi Mi\u015b Uszatek \u2013 rze\u017aba ods\u0142oni\u0119ta na szlaku jako pierwsza. Mi\u015b o klapni\u0119tym uszku ma plan miasta i plecak, zdaje si\u0119 zach\u0119ca\u0107 do zwiedzania \u0141odzi. Nieopodal, przy ul. Traugutta 18, Piotru\u015b, bohater bajki \u201eZaczarowany o\u0142\u00f3wek\u201d, rysuje co\u015b na \u015bcianie budynku \u0141\u00f3dzkiego Domu Kultury, a jego pies przymierza si\u0119 do ucieczki z obrazka. Przy parku im. Henryka Sienkiewicza i pobliskiej szkole podstawowej mo\u017cemy spotka\u0107 Plastusia opieraj\u0105cego si\u0119 o sw\u00f3j pami\u0119tnik. Pomnik ma oko\u0142o metra wysoko\u015bci i wa\u017cy kilkadziesi\u0105t kilogram\u00f3w. Id\u0105c w kierunku Muzeum Kinematografii, trafimy na rze\u017ab\u0119 przedstawiaj\u0105c\u0105 kota Filemona i Bonifacego. Z kolei wr\u00f3belek \u0106wirek zaprasza turyst\u00f3w do Palmiarni w parku \u0179r\u00f3dliska I. Na szlaku Bajkowej \u0141odzi spotka\u0107 mo\u017cna jeszcze pomniki ma\u0142ego pingwina Pik-Poka, Trzech Misi\u00f3w, Maurycego i Hawranka, Ferdynanda Wspania\u0142ego, Misia Colargola. Na tym nie koniec \u2013 planuje si\u0119 postawienie jeszcze siedmiu rze\u017ab.<\/p>\n<p><a href=\"https:\/\/turysta2.pttk.pl\/wp-content\/uploads\/2023\/10\/3.-fot.-Izabela-Rucinska.jpg\"><img loading=\"lazy\" decoding=\"async\" class=\"alignnone size-medium wp-image-29989\" src=\"https:\/\/turysta2.pttk.pl\/wp-content\/uploads\/2023\/10\/3.-fot.-Izabela-Rucinska-300x225.jpg\" alt=\"\" width=\"300\" height=\"225\" srcset=\"https:\/\/turysta2.pttk.pl\/wp-content\/uploads\/2023\/10\/3.-fot.-Izabela-Rucinska-300x225.jpg 300w, https:\/\/turysta2.pttk.pl\/wp-content\/uploads\/2023\/10\/3.-fot.-Izabela-Rucinska-1024x768.jpg 1024w, https:\/\/turysta2.pttk.pl\/wp-content\/uploads\/2023\/10\/3.-fot.-Izabela-Rucinska-768x576.jpg 768w, https:\/\/turysta2.pttk.pl\/wp-content\/uploads\/2023\/10\/3.-fot.-Izabela-Rucinska-1536x1152.jpg 1536w, https:\/\/turysta2.pttk.pl\/wp-content\/uploads\/2023\/10\/3.-fot.-Izabela-Rucinska-200x150.jpg 200w, https:\/\/turysta2.pttk.pl\/wp-content\/uploads\/2023\/10\/3.-fot.-Izabela-Rucinska.jpg 1772w\" sizes=\"auto, (max-width: 300px) 100vw, 300px\" \/><\/a>\u00a0<a href=\"https:\/\/turysta2.pttk.pl\/wp-content\/uploads\/2023\/10\/1.-fot.-Izabela-Rucinska.jpg\"><img loading=\"lazy\" decoding=\"async\" class=\"alignnone wp-image-29993\" src=\"https:\/\/turysta2.pttk.pl\/wp-content\/uploads\/2023\/10\/1.-fot.-Izabela-Rucinska-225x300.jpg\" alt=\"\" width=\"167\" height=\"223\" srcset=\"https:\/\/turysta2.pttk.pl\/wp-content\/uploads\/2023\/10\/1.-fot.-Izabela-Rucinska-225x300.jpg 225w, https:\/\/turysta2.pttk.pl\/wp-content\/uploads\/2023\/10\/1.-fot.-Izabela-Rucinska-768x1024.jpg 768w, https:\/\/turysta2.pttk.pl\/wp-content\/uploads\/2023\/10\/1.-fot.-Izabela-Rucinska-1152x1536.jpg 1152w, https:\/\/turysta2.pttk.pl\/wp-content\/uploads\/2023\/10\/1.-fot.-Izabela-Rucinska-1536x2048.jpg 1536w, https:\/\/turysta2.pttk.pl\/wp-content\/uploads\/2023\/10\/1.-fot.-Izabela-Rucinska.jpg 1772w\" sizes=\"auto, (max-width: 167px) 100vw, 167px\" \/><\/a><a href=\"https:\/\/turysta2.pttk.pl\/wp-content\/uploads\/2023\/10\/2.-fot.-Izabela-Rucinska.jpg\"><img loading=\"lazy\" decoding=\"async\" class=\"alignnone size-medium wp-image-29995\" src=\"https:\/\/turysta2.pttk.pl\/wp-content\/uploads\/2023\/10\/2.-fot.-Izabela-Rucinska-300x200.jpg\" alt=\"\" width=\"300\" height=\"200\" srcset=\"https:\/\/turysta2.pttk.pl\/wp-content\/uploads\/2023\/10\/2.-fot.-Izabela-Rucinska-300x200.jpg 300w, https:\/\/turysta2.pttk.pl\/wp-content\/uploads\/2023\/10\/2.-fot.-Izabela-Rucinska-1024x683.jpg 1024w, https:\/\/turysta2.pttk.pl\/wp-content\/uploads\/2023\/10\/2.-fot.-Izabela-Rucinska-768x512.jpg 768w, https:\/\/turysta2.pttk.pl\/wp-content\/uploads\/2023\/10\/2.-fot.-Izabela-Rucinska-1536x1024.jpg 1536w, https:\/\/turysta2.pttk.pl\/wp-content\/uploads\/2023\/10\/2.-fot.-Izabela-Rucinska.jpg 2008w\" sizes=\"auto, (max-width: 300px) 100vw, 300px\" \/><\/a><\/p>\n<p><em>Tekst<\/em> <strong>KJ<\/strong><br \/>\n<em>Zdj\u0119cia<\/em> <strong>Izabela Ruci\u0144ska, Magdalena Szcze\u015bniak<\/strong><\/p>\n","protected":false},"excerpt":{"rendered":"Na dobranockach o Misiu Uszatku, wr\u00f3belku \u0106wirku, Plastusiu czy zaczarowanym o\u0142\u00f3wku wychowa\u0142o si\u0119 kilka pokole\u0144 Polak\u00f3w. Wszystkie powsta\u0142y w Studiu Ma\u0142ych Form Filmowych Se-ma-for. O dorobku \u0142\u00f3dzkiej animacji przypomina szlak turystyczny \u0141\u00f3d\u017a Bajkowa. To atrakcyjna, lubiana trasa, obowi\u0105zkowa dla wybieraj\u0105cych si\u0119 do \u0141odzi turyst\u00f3w z dzie\u0107mi. Pomniki kultowych bohater\u00f3w kresk\u00f3wek ulokowane s\u0105 w miejscach atrakcyjnych dla turyst\u00f3w, najcz\u0119\u015bciej zwiedzanych. W&nbsp;<a href=\"https:\/\/turysta2.pttk.pl\/?p=29987\" class=\"read-more\">Continue Reading<\/a>","protected":false},"author":13,"featured_media":29991,"comment_status":"closed","ping_status":"closed","sticky":false,"template":"","format":"standard","meta":{"footnotes":""},"categories":[68,41],"tags":[],"class_list":["post-29987","post","type-post","status-publish","format-standard","has-post-thumbnail","hentry","category-turystyka-piesza","category-turystyka-pttk","cat-68-id","cat-41-id"],"aioseo_notices":[],"_links":{"self":[{"href":"https:\/\/turysta2.pttk.pl\/index.php?rest_route=\/wp\/v2\/posts\/29987","targetHints":{"allow":["GET"]}}],"collection":[{"href":"https:\/\/turysta2.pttk.pl\/index.php?rest_route=\/wp\/v2\/posts"}],"about":[{"href":"https:\/\/turysta2.pttk.pl\/index.php?rest_route=\/wp\/v2\/types\/post"}],"author":[{"embeddable":true,"href":"https:\/\/turysta2.pttk.pl\/index.php?rest_route=\/wp\/v2\/users\/13"}],"replies":[{"embeddable":true,"href":"https:\/\/turysta2.pttk.pl\/index.php?rest_route=%2Fwp%2Fv2%2Fcomments&post=29987"}],"version-history":[{"count":5,"href":"https:\/\/turysta2.pttk.pl\/index.php?rest_route=\/wp\/v2\/posts\/29987\/revisions"}],"predecessor-version":[{"id":29999,"href":"https:\/\/turysta2.pttk.pl\/index.php?rest_route=\/wp\/v2\/posts\/29987\/revisions\/29999"}],"wp:featuredmedia":[{"embeddable":true,"href":"https:\/\/turysta2.pttk.pl\/index.php?rest_route=\/wp\/v2\/media\/29991"}],"wp:attachment":[{"href":"https:\/\/turysta2.pttk.pl\/index.php?rest_route=%2Fwp%2Fv2%2Fmedia&parent=29987"}],"wp:term":[{"taxonomy":"category","embeddable":true,"href":"https:\/\/turysta2.pttk.pl\/index.php?rest_route=%2Fwp%2Fv2%2Fcategories&post=29987"},{"taxonomy":"post_tag","embeddable":true,"href":"https:\/\/turysta2.pttk.pl\/index.php?rest_route=%2Fwp%2Fv2%2Ftags&post=29987"}],"curies":[{"name":"wp","href":"https:\/\/api.w.org\/{rel}","templated":true}]}}