{"id":29969,"date":"2023-10-06T14:06:19","date_gmt":"2023-10-06T12:06:19","guid":{"rendered":"https:\/\/turysta2.pttk.pl\/?p=29969"},"modified":"2023-10-06T14:06:19","modified_gmt":"2023-10-06T12:06:19","slug":"swiat-ich-docenil","status":"publish","type":"post","link":"https:\/\/turysta2.pttk.pl\/?p=29969","title":{"rendered":"\u015awiat ich doceni\u0142"},"content":{"rendered":"<p>Jan Karski, Artur Rubinstein, Gra\u017cyna Bacewicz, W\u0142adys\u0142aw Reymont, Jerzy Kosi\u0144ski, Katarzyna Kobro, Karl Dedecius... Znanych \u0142odzian, kt\u00f3rzy mieli wp\u0142yw na rozw\u00f3j kultury, a nawet na bieg historii, by\u0142o wielu. Przypomnijmy sylwetki trzech niezwyk\u0142ych os\u00f3b, kt\u00f3rych \u017cyciorysy to gotowe scenariusze filmowe.<\/p>\n<p><strong>Zdzis\u0142aw Starostecki, tw\u00f3rca rakiet Patriot<\/strong><br \/>\nPrzyszed\u0142 na \u015bwiat 8 lutego 1919 roku w \u0141odzi przy ulicy Kili\u0144skiego 13, jego s\u0105siadem by\u0142 Jan Karski, legendarny kurier Polskiego Pa\u0144stwa Podziemnego. W czasie wojny zosta\u0142 zmobilizowany do Samodzielnej Grupy Operacyjnej \u201ePolesie\u201d genera\u0142a Franciszka Kleeberga. P\u00f3\u017aniej zaanga\u017cowa\u0142 si\u0119 w dzia\u0142alno\u015b\u0107 konspiracyjn\u0105. Z\u0142apany, trafi\u0142 do kopalni z\u0142ota na Ko\u0142ymie. W 1941 roku, kiedy genera\u0142 Anders zacz\u0105\u0142 formowa\u0107 wojsko, Starostecki dosta\u0142 si\u0119 do jego armii i przeszed\u0142 z ni\u0105 ca\u0142y szlak od Bliskiego Wschodu po Monte Cassino. Starostecki i jego rodzina zdecydowali si\u0119 w 1952 roku na wyjazd do Ameryki. Zamieszkali niedaleko Nowego Jorku. Zdzis\u0142aw zacz\u0105\u0142 od prac porz\u0105dkowych w fabryce, p\u00f3\u017aniej pracowa\u0142 jako tokarz. Przypadek zadecydowa\u0142 o dalszej drodze jego \u017cycia. Prze\u0142o\u017ceni zauwa\u017cyli, \u017ce jest bystry i zna si\u0119 na rysunkach technicznych. Na pr\u00f3b\u0119 zosta\u0142 zatrudniony w charakterze kre\u015blarza w Edison Laboratories i rozpocz\u0105\u0142 studia wieczorowe na politechnice, kt\u00f3re uko\u0144czy\u0142 z tytu\u0142em in\u017cyniera. By\u0142 to czas, kiedy zimna wojna osi\u0105gn\u0119\u0142a swoje apogeum. Amerykanie szukali ludzi zdolnych, wykszta\u0142conych, kt\u00f3rych zaliczano do grupy wojennych wrog\u00f3w Zwi\u0105zku Radzieckiego. Jako in\u017cynier ciesz\u0105cy si\u0119 znakomit\u0105 opini\u0105 otrzyma\u0142 prac\u0119 w Centrum Bada\u0144 Obronnych Armii USA w Dover w New Jersey. Na pocz\u0105tku lat 80. powierzono mu funkcj\u0119 przewodnicz\u0105cego 40-osobowej grupy projektuj\u0105cej radar i g\u0142owic\u0119 rakiety przeznaczonej do zwalczania samolot\u00f3w. Projekt zadziwi\u0142 wszystkich. Opracowano system zdolny do niszczenia rakiet du\u017cego i \u015bredniego zasi\u0119gu z \u0142adunkiem j\u0105drowym. Rozpocz\u0119to prace nad pierwsz\u0105 tzw. antyrakiet\u0105. Tak narodzi\u0142 si\u0119 system rakietowy Patriot. Nazwa ta to skr\u00f3t oznaczaj\u0105cy matrycowo fazowane \u015bledzenie przechwytuj\u0105ce cel. Starostecki zawsze podkre\u015bla\u0142 zas\u0142ugi ca\u0142ej grupy pracuj\u0105cej nad tym projektem, sobie przypisywa\u0142 80 procent sukcesu. System trafi\u0142 do armii USA w 1989 roku. Z miejsca sta\u0142 si\u0119 obiektem zainteresowania wywiad\u00f3w innych pa\u0144stw. Do autor\u00f3w systemu przylgn\u0119\u0142a opinia, \u017ce s\u0105 \u201etechnicznym bohaterem wojny w Zatoce Perskiej\u201d. W czasie prezydentury Billa Clintona Starostecki w dniu swoich urodzin otrzyma\u0142 prywatny list od prezydenta USA. Rodzina nie ujawni\u0142a jego tre\u015bci. Wiadomo jednak, \u017ce pad\u0142y w nim nast\u0119puj\u0105ce zwroty: \u201eDrogi Zdzis\u0142awie\u201d i \u201eTw\u00f3j Bill Clinton\u201d. W 2008 roku minister obrony narodowej mianowa\u0142 Starosteckiego na stopie\u0144 pu\u0142kownika, a 11 listopada 2009 roku prezydent Lech Kaczy\u0144ski wr\u0119czy\u0142 mu nominacj\u0119 generalsk\u0105. Zdzis\u0142aw Starostecki zmar\u0142 31 grudnia 2010 roku w swoim domu na Florydzie.<\/p>\n<div id=\"attachment_29973\" style=\"width: 207px\" class=\"wp-caption alignnone\"><a href=\"https:\/\/turysta2.pttk.pl\/wp-content\/uploads\/2023\/10\/fot.-NAC-scaled.jpg\"><img loading=\"lazy\" decoding=\"async\" aria-describedby=\"caption-attachment-29973\" class=\"size-medium wp-image-29973\" src=\"https:\/\/turysta2.pttk.pl\/wp-content\/uploads\/2023\/10\/fot.-NAC-197x300.jpg\" alt=\"\" width=\"197\" height=\"300\" srcset=\"https:\/\/turysta2.pttk.pl\/wp-content\/uploads\/2023\/10\/fot.-NAC-197x300.jpg 197w, https:\/\/turysta2.pttk.pl\/wp-content\/uploads\/2023\/10\/fot.-NAC-671x1024.jpg 671w, https:\/\/turysta2.pttk.pl\/wp-content\/uploads\/2023\/10\/fot.-NAC-768x1172.jpg 768w, https:\/\/turysta2.pttk.pl\/wp-content\/uploads\/2023\/10\/fot.-NAC-1006x1536.jpg 1006w, https:\/\/turysta2.pttk.pl\/wp-content\/uploads\/2023\/10\/fot.-NAC-1342x2048.jpg 1342w, https:\/\/turysta2.pttk.pl\/wp-content\/uploads\/2023\/10\/fot.-NAC-scaled.jpg 1677w\" sizes=\"auto, (max-width: 197px) 100vw, 197px\" \/><\/a><p id=\"caption-attachment-29973\" class=\"wp-caption-text\">Zdzis\u0142aw Starostecki, podporucznik z 3 szwadronu<br \/>4 Pu\u0142ku Pancernego \u201eSkorpion\u201d<\/p><\/div>\n<p><strong>Daniel Libeskind, wielki architekt<\/strong><br \/>\n11 wrze\u015bnia 2001 roku oczy niemal ca\u0142ego \u015bwiata by\u0142y zwr\u00f3cone na ruiny World Trade Center. Zastanawiano si\u0119, co w przysz\u0142o\u015bci stanie si\u0119 z tym miejscem. Decyzj\u0119 o ponownym zagospodarowania strefy Ground Zero podj\u0119to bardzo szybko. Projekt opracowa\u0142 wybitny architekt \u015bwiatowej s\u0142awy, \u0142odzianin Daniel Libeskind. Urodzi\u0142 si\u0119 12 maja 1946 roku w \u0141odzi, p\u00f3\u017aniej rodzina mieszka\u0142a w Krakowie oraz w Warszawie. Daniel przejawia\u0142 wybitne zdolno\u015bci muzyczne. Korzystaj\u0105c z postalinowskiej odwil\u017cy, rodzina wyjecha\u0142a do Izraela. Daniel kontynuowa\u0142 nauk\u0119 muzyki. W 1959 roku otrzyma\u0142 stypendium Ameryka\u0144sko-Izraelskiej Fundacji Kulturalnej. Latem tego samego roku Libeskindowie przeprowadzili si\u0119 do Nowego Jorku. W1965 roku Daniel otrzyma\u0142 obywatelstwo ameryka\u0144skie. Podj\u0105\u0142 te\u017c wa\u017cn\u0105 decyzj\u0119: porzuci\u0142 nauk\u0119 muzyki na rzecz studi\u00f3w architektonicznych. Obecnie to ceniony wyk\u0142adowca uczelni ameryka\u0144skich i niemieckich oraz wybitny architekt. Tworzy \u015bmia\u0142e, bezkompromisowe i pe\u0142ne rozmachu bry\u0142y, kt\u00f3re mimo ogromnych gabaryt\u00f3w cechuj\u0105 si\u0119 lekko\u015bci\u0105 formy. Z jego deski kre\u015blarskiej zesz\u0142y tak znane obiekty, jak: Muzeum \u017bydowskie w Berlinie, Muzeum Felixa Nussbauma w Osnabr\u00fcck, Imperial War Museum North w Manchesterze czy Apartamentowiec Z\u0142ota 44 w Warszawie. Nie zapomina o swoich \u0142\u00f3dzkich pocz\u0105tkach. O \u0141odzi m\u00f3wi, \u017ce to jedno z najbardziej zapadaj\u0105cych w pami\u0119\u0107 miast w Europie i na \u015bwiecie. Czuj\u0119 si\u0119 tak, jakbym nigdy st\u0105d nie wyje\u017cd\u017ca\u0142. Polska to\u017csamo\u015b\u0107, poczucie wolno\u015bci, pomog\u0142o mi osi\u0105gn\u0105\u0107 to, co osi\u0105gn\u0105\u0142em. Jestem nie ameryka\u0144skim, nie \u017cydowskim, ale polskim architektem.<\/p>\n<div id=\"attachment_29975\" style=\"width: 250px\" class=\"wp-caption alignnone\"><a href=\"https:\/\/turysta2.pttk.pl\/wp-content\/uploads\/2023\/10\/fot.-Pawel-Lacheta-UML.jpg\"><img loading=\"lazy\" decoding=\"async\" aria-describedby=\"caption-attachment-29975\" class=\"size-medium wp-image-29975\" src=\"https:\/\/turysta2.pttk.pl\/wp-content\/uploads\/2023\/10\/fot.-Pawel-Lacheta-UML-240x300.jpg\" alt=\"\" width=\"240\" height=\"300\" srcset=\"https:\/\/turysta2.pttk.pl\/wp-content\/uploads\/2023\/10\/fot.-Pawel-Lacheta-UML-240x300.jpg 240w, https:\/\/turysta2.pttk.pl\/wp-content\/uploads\/2023\/10\/fot.-Pawel-Lacheta-UML-819x1024.jpg 819w, https:\/\/turysta2.pttk.pl\/wp-content\/uploads\/2023\/10\/fot.-Pawel-Lacheta-UML-768x960.jpg 768w, https:\/\/turysta2.pttk.pl\/wp-content\/uploads\/2023\/10\/fot.-Pawel-Lacheta-UML-1229x1536.jpg 1229w, https:\/\/turysta2.pttk.pl\/wp-content\/uploads\/2023\/10\/fot.-Pawel-Lacheta-UML-1638x2048.jpg 1638w, https:\/\/turysta2.pttk.pl\/wp-content\/uploads\/2023\/10\/fot.-Pawel-Lacheta-UML.jpg 2008w\" sizes=\"auto, (max-width: 240px) 100vw, 240px\" \/><\/a><p id=\"caption-attachment-29975\" class=\"wp-caption-text\">Daniel Libeskind w 2020 roku zosta\u0142 honorowym obywatelem \u0141odzi<\/p><\/div>\n<p><strong>Jan Kowalewski, genialny szyfrant<\/strong><br \/>\nJak wiadomo, polscy kryptolodzy z\u0142amali kod niemieckiej maszyny szyfruj\u0105cej Enigma. Wszystko zacz\u0119\u0142o si\u0119 jednak od Jana Kowalewskiego (1892\u20131965), \u0142\u00f3dzkiego szyfranta, kt\u00f3ry wraz ze swoj\u0105 ekip\u0105 przyczyni\u0142 si\u0119 do rozgromienia wojsk sowieckich pod Warszaw\u0105 w 1920 roku. Gdyby wykorzystano osi\u0105gni\u0119cia plac\u00f3wki, kt\u00f3r\u0105 kierowa\u0142 ju\u017c w czasie II wojny \u015bwiatowej, najprawdopodobniej inaczej wygl\u0105da\u0142by jej koniec i inaczej potoczy\u0142yby si\u0119 losy Europy \u015arodkowo- -Wschodniej! To on w czasie wojny z bolszewikami utworzy\u0142 kom\u00f3rk\u0119 deszyfracyjn\u0105. Do wsp\u00f3\u0142pracy zatrudni\u0142 znakomitych polskich matematyk\u00f3w. Zosta\u0142a za\u0142o\u017cona sie\u0107 stacji nas\u0142uchowych, kt\u00f3re przy pomocy telegrafu by\u0142y po\u0142\u0105czone ze sztabem g\u0142\u00f3wnym. Przynios\u0142o to bardzo szybko nadspodziewane efekty. W sierpniu 1919 roku uda\u0142o si\u0119 z\u0142ama\u0107 klucze szyfrowe Armii Czerwonej. To dzi\u0119ki tym sukcesom zwr\u00f3cono uwag\u0119 na rol\u0119 dekrypta\u017cu i powo\u0142ano p\u00f3\u017aniej zesp\u00f3\u0142, kt\u00f3ry pracowa\u0142 nad odczytaniem Enigmy. Przez lata nie m\u00f3wiono i nie doceniano wk\u0142adu Kowalewskiego w wojn\u0119 1920 roku. Tymczasem dow\u00f3dztwo wojsk polskich na czele z J\u00f3zefem Pi\u0142sudskim podejmowa\u0142o decyzje, opieraj\u0105c si\u0119 na depeszach rozszyfrowanych przez Kowalewskiego. Najwa\u017cniejsze dla przebiegu Bitwy Warszawskiej by\u0142o odszyfrowanie depeszy informuj\u0105cej, \u017ce dow\u00f3dca \u201eGrupy Mozyrskiej\u201d, kt\u00f3ra zabezpiecza\u0142a \u015brodkowy odcinek frontu, nie daje sobie rady i ma do obrony coraz d\u0142u\u017cszy odcinek frontu. Grupa Kowalewskiego nie ogranicza\u0142a si\u0119 tylko do \u0142amania szyfr\u00f3w. Zag\u0142usza\u0142a r\u00f3wnie\u017c bolszewickie stacje radiotelegraficzne, emituj\u0105c w eterze tekst Pisma \u015awi\u0119tego. Na pocz\u0105tku 1920 roku Kowalewskiemu uda\u0142o si\u0119 r\u00f3wnie\u017c z\u0142ama\u0107 szyfry niemieckie. Za nieocenione zas\u0142ugi w czasie wojny marsza\u0142ek odznaczy\u0142 go Krzy\u017cem Srebrnym Orderu Virtuti Militari, co by\u0142o wyj\u0105tkiem, gdy\u017c otrzyma\u0142 go jako jeden z nielicznych oficer\u00f3w \u201eniefrontowych\u201d. W czasie wr\u0119czania odznaczenia us\u0142ysza\u0142: To za wygran\u0105 wojn\u0119! W 1923 roku wyjecha\u0142 do Japonii, gdzie prowadzi\u0142 kursy kryptologiczne i radio wywiadowcze. I zn\u00f3w zosta\u0142 doceniony. Odznaczono go Orderem Wschodz\u0105cego S\u0142o\u0144ca V klasy \u2013 najwy\u017cszym orderem japo\u0144skiego imperium. Otrzyma\u0142 awans na majora. O donios\u0142o\u015bci misji pu\u0142kownika Jana Kowalewskiego w czasie II wojny najlepiej \u015bwiadczy to, co wydarzy\u0142o si\u0119 na konferencji w Teheranie w 1943 roku. Stalin za\u017c\u0105da\u0142 natychmiastowego odwo\u0142ania go z plac\u00f3wki w Lizbonie! Stanowi\u0142 przeszkod\u0119 w planach sowietyzacji Europy \u015arodkowej. Tak wi\u0119c Stalin ju\u017c po raz drugi uzna\u0142 go za osob\u0119 niepo\u017c\u0105dan\u0105... Po wojnie Kowalewski pozosta\u0142 na emigracji w Londynie. Do ko\u0144ca \u017cycia zachowa\u0142 przenikliwo\u015b\u0107 umys\u0142u, m.in. dwa lata przed \u015bmierci\u0105 z\u0142ama\u0142 szyfr, kt\u00f3rym pos\u0142ugiwa\u0142 si\u0119 Romuald Traugutt podczas powstania styczniowego.<\/p>\n<div id=\"attachment_29977\" style=\"width: 219px\" class=\"wp-caption alignnone\"><a href=\"https:\/\/turysta2.pttk.pl\/wp-content\/uploads\/2023\/10\/Jan-Kowalewski-fot.-NAC.jpg\"><img loading=\"lazy\" decoding=\"async\" aria-describedby=\"caption-attachment-29977\" class=\"size-medium wp-image-29977\" src=\"https:\/\/turysta2.pttk.pl\/wp-content\/uploads\/2023\/10\/Jan-Kowalewski-fot.-NAC-209x300.jpg\" alt=\"\" width=\"209\" height=\"300\" srcset=\"https:\/\/turysta2.pttk.pl\/wp-content\/uploads\/2023\/10\/Jan-Kowalewski-fot.-NAC-209x300.jpg 209w, https:\/\/turysta2.pttk.pl\/wp-content\/uploads\/2023\/10\/Jan-Kowalewski-fot.-NAC-712x1024.jpg 712w, https:\/\/turysta2.pttk.pl\/wp-content\/uploads\/2023\/10\/Jan-Kowalewski-fot.-NAC-768x1104.jpg 768w, https:\/\/turysta2.pttk.pl\/wp-content\/uploads\/2023\/10\/Jan-Kowalewski-fot.-NAC-1068x1536.jpg 1068w, https:\/\/turysta2.pttk.pl\/wp-content\/uploads\/2023\/10\/Jan-Kowalewski-fot.-NAC.jpg 1252w\" sizes=\"auto, (max-width: 209px) 100vw, 209px\" \/><\/a><p id=\"caption-attachment-29977\" class=\"wp-caption-text\">Jan Kowalewski jako attach\u00e9 wojskowy w Moskwie<br \/>w latach 1928\u20131933<\/p><\/div>\n<div id=\"attachment_29979\" style=\"width: 256px\" class=\"wp-caption alignnone\"><a href=\"https:\/\/turysta2.pttk.pl\/wp-content\/uploads\/2023\/10\/fot.-Pawel-Lacheta-UML-1.jpg\"><img loading=\"lazy\" decoding=\"async\" aria-describedby=\"caption-attachment-29979\" class=\"size-medium wp-image-29979\" src=\"https:\/\/turysta2.pttk.pl\/wp-content\/uploads\/2023\/10\/fot.-Pawel-Lacheta-UML-1-246x300.jpg\" alt=\"\" width=\"246\" height=\"300\" srcset=\"https:\/\/turysta2.pttk.pl\/wp-content\/uploads\/2023\/10\/fot.-Pawel-Lacheta-UML-1-246x300.jpg 246w, https:\/\/turysta2.pttk.pl\/wp-content\/uploads\/2023\/10\/fot.-Pawel-Lacheta-UML-1-841x1024.jpg 841w, https:\/\/turysta2.pttk.pl\/wp-content\/uploads\/2023\/10\/fot.-Pawel-Lacheta-UML-1-768x935.jpg 768w, https:\/\/turysta2.pttk.pl\/wp-content\/uploads\/2023\/10\/fot.-Pawel-Lacheta-UML-1-1261x1536.jpg 1261w, https:\/\/turysta2.pttk.pl\/wp-content\/uploads\/2023\/10\/fot.-Pawel-Lacheta-UML-1-1682x2048.jpg 1682w, https:\/\/turysta2.pttk.pl\/wp-content\/uploads\/2023\/10\/fot.-Pawel-Lacheta-UML-1.jpg 2008w\" sizes=\"auto, (max-width: 246px) 100vw, 246px\" \/><\/a><p id=\"caption-attachment-29979\" class=\"wp-caption-text\">Mural po\u015bwi\u0119cony Kowalewskiemu powsta\u0142 przy u\u017cyciu 15 tysi\u0119cy szablon\u00f3w liter i cyfr.<br \/>\u0141\u00f3d\u017a, ulica Nawrot 7<\/p><\/div>\n<p><em>Tekst <\/em><strong>Jacek Perzy\u0144ski<br \/>\n<\/strong><em>Zdj\u0119cia:<\/em><strong> Izabela Ruci\u0144ska, Pawe\u0142 \u0141acheta (UM\u0141), NAC<\/strong><\/p>\n","protected":false},"excerpt":{"rendered":"Jan Karski, Artur Rubinstein, Gra\u017cyna Bacewicz, W\u0142adys\u0142aw Reymont, Jerzy Kosi\u0144ski, Katarzyna Kobro, Karl Dedecius... Znanych \u0142odzian, kt\u00f3rzy mieli wp\u0142yw na rozw\u00f3j kultury, a nawet na bieg historii, by\u0142o wielu. Przypomnijmy sylwetki trzech niezwyk\u0142ych os\u00f3b, kt\u00f3rych \u017cyciorysy to gotowe scenariusze filmowe. Zdzis\u0142aw Starostecki, tw\u00f3rca rakiet Patriot Przyszed\u0142 na \u015bwiat 8 lutego 1919 roku w \u0141odzi przy ulicy Kili\u0144skiego 13, jego s\u0105siadem&nbsp;<a href=\"https:\/\/turysta2.pttk.pl\/?p=29969\" class=\"read-more\">Continue Reading<\/a>","protected":false},"author":13,"featured_media":29971,"comment_status":"closed","ping_status":"closed","sticky":false,"template":"","format":"standard","meta":{"footnotes":""},"categories":[87,11],"tags":[],"class_list":["post-29969","post","type-post","status-publish","format-standard","has-post-thumbnail","hentry","category-dawniej-bywalo","category-turysta-poleca","cat-87-id","cat-11-id"],"aioseo_notices":[],"_links":{"self":[{"href":"https:\/\/turysta2.pttk.pl\/index.php?rest_route=\/wp\/v2\/posts\/29969","targetHints":{"allow":["GET"]}}],"collection":[{"href":"https:\/\/turysta2.pttk.pl\/index.php?rest_route=\/wp\/v2\/posts"}],"about":[{"href":"https:\/\/turysta2.pttk.pl\/index.php?rest_route=\/wp\/v2\/types\/post"}],"author":[{"embeddable":true,"href":"https:\/\/turysta2.pttk.pl\/index.php?rest_route=\/wp\/v2\/users\/13"}],"replies":[{"embeddable":true,"href":"https:\/\/turysta2.pttk.pl\/index.php?rest_route=%2Fwp%2Fv2%2Fcomments&post=29969"}],"version-history":[{"count":2,"href":"https:\/\/turysta2.pttk.pl\/index.php?rest_route=\/wp\/v2\/posts\/29969\/revisions"}],"predecessor-version":[{"id":29983,"href":"https:\/\/turysta2.pttk.pl\/index.php?rest_route=\/wp\/v2\/posts\/29969\/revisions\/29983"}],"wp:featuredmedia":[{"embeddable":true,"href":"https:\/\/turysta2.pttk.pl\/index.php?rest_route=\/wp\/v2\/media\/29971"}],"wp:attachment":[{"href":"https:\/\/turysta2.pttk.pl\/index.php?rest_route=%2Fwp%2Fv2%2Fmedia&parent=29969"}],"wp:term":[{"taxonomy":"category","embeddable":true,"href":"https:\/\/turysta2.pttk.pl\/index.php?rest_route=%2Fwp%2Fv2%2Fcategories&post=29969"},{"taxonomy":"post_tag","embeddable":true,"href":"https:\/\/turysta2.pttk.pl\/index.php?rest_route=%2Fwp%2Fv2%2Ftags&post=29969"}],"curies":[{"name":"wp","href":"https:\/\/api.w.org\/{rel}","templated":true}]}}