{"id":29957,"date":"2023-10-05T13:38:26","date_gmt":"2023-10-05T11:38:26","guid":{"rendered":"https:\/\/turysta2.pttk.pl\/?p=29957"},"modified":"2023-10-05T13:38:26","modified_gmt":"2023-10-05T11:38:26","slug":"lowicz-kusi-zabytkami","status":"publish","type":"post","link":"https:\/\/turysta2.pttk.pl\/?p=29957","title":{"rendered":"\u0141owicz kusi zabytkami"},"content":{"rendered":"<p>Kolorowe, t\u0142umne procesje Bo\u017cego Cia\u0142a \u2013 tak, z tego znany jest \u0141owicz, i to od dziesi\u0105tk\u00f3w lat. Nie jest to, oczywi\u015bcie, jedyny magnes, kt\u00f3rym zabytkowe miasteczko przyci\u0105ga rzesze turyst\u00f3w. Spacer po pami\u0119taj\u0105cych dawne wieki uliczkach i zak\u0105tkach dostarczy turystom wielu wra\u017ce\u0144 i informacji. Od niedawna mo\u017cna zwiedza\u0107 krypty prymas\u00f3w Polski i podziemn\u0105 tras\u0119, kt\u00f3ra liczy ponad 100 metr\u00f3w. \u0141owicz i region \u0142owicki zawsze stanowi\u0142y pewn\u0105 odr\u0119bno\u015b\u0107 w\u0142asno\u015bciow\u0105, administracyjn\u0105, kulturow\u0105 i etnograficzn\u0105. Pierwsze wzmianki \u017ar\u00f3d\u0142owe si\u0119gaj\u0105 XII wieku, cho\u0107 osadnictwo na tym terenie, zwanym p\u00f3\u017anej Ksi\u0119stwem \u0141owickim, jest znacznie wcze\u015bniejsze. Ksi\u0119stwo to dawne dobra sto\u0142owe arcybiskup\u00f3w gnie\u017anie\u0144skich i prymas\u00f3w Polski. Stanowi\u0142y one najwi\u0119kszy zwarty kompleks d\u00f3br ziemskich nale\u017c\u0105cych do Ko\u015bcio\u0142a w I Rzeczypospolitej. Mieszka\u0144cy \u015bwiadomi byli wyj\u0105tkowo\u015bci i odr\u0119bno\u015bci regionu. Z czasem bycie Ksi\u0119\u017cakiem sta\u0142o si\u0119 powodem do dumy.<br \/>\nPo bezpotomnej \u015bmierci Zygmunta Augusta, na zjazdach m.in. w \u0141owiczu, uchwalono, \u017ce w okresie bezkr\u00f3lewia monarch\u0119 ma zast\u0119powa\u0107 prymas. Jego rezydencja znajdowa\u0142a si\u0119 w \u0141owiczu, wi\u0119c to tu przybywali pos\u0142owie, kandydaci na kr\u00f3l\u00f3w, a nast\u0119pnie kr\u00f3lowie Rzeczypospolitej. Miasto w \u017ar\u00f3d\u0142ach por\u00f3wnywano z Krakowem, Lwowem, Poznaniem, a nawet Norymberg\u0105. O\u015brodek o tak starym rodowodzie ma zachowany \u015bredniowieczny uk\u0142ad urbanistyczny i liczne zabytki. Sercem miasta jest Stary Rynek. Bruk rynku, kamienice, obiekty sakralne i \u015bwieckie kryj\u0105 swoje tajemnice. Rynek to miejsce jarmark\u00f3w \u0142owickich, wizyt kr\u00f3l\u00f3w polskich, kr\u00f3l\u00f3w pruskich, cesarza Napoleona, papie\u017ca Jana Paw\u0142a II, wodz\u00f3w Tadeusza Ko\u015bciuszki, ks. J\u00f3zefa Poniatowskiego, gen. Henryka D\u0105browskiego. \u015alady tej wielkiej historii \u015bci\u0105gaj\u0105 do miasta rzesze turyst\u00f3w.<\/p>\n<p><strong>Nowe atrakcje turystyczne w katedrze<\/strong><br \/>\nNad rynkiem g\u00f3ruje katedra \u0142owicka. Pocz\u0105tki \u015bwi\u0105tyni w tym miejscu si\u0119gaj\u0105 pono\u0107 1100 roku. Wpo\u0142owie XIV wieku powsta\u0142 ko\u015bci\u00f3\u0142 murowany. Gotycka kolegiata w po\u0142owie XVII wieku zosta\u0142a przebudowana przez arcybiskupa Macieja \u0141ubie\u0144skiego. Jej wn\u0119trze zachwyca bogactwem o\u0142tarzy, dekoracji i pi\u0119cioma kaplicami prymasowskimi z okresu od renesansu do baroku (ko\u015bci\u00f3\u0142 sta\u0142 si\u0119 mauzoleum dwunastu prymas\u00f3w Polski z okresu I Rzeczypospolitej). Dzia\u0142a\u0142o tu wielu mistrz\u00f3w, m.in. Jan Micha\u0142owicz z Urz\u0119dowa, Jan Maria Padovano, Henryk Richter, Willem van den Blocke, Efraim Schroeger, Jan Chrzciciel Falconi, Tomasz Dolabella, Adam Swach, Jan i Bogumi\u0142 Plersch czy Jakub Fontana. Nad ch\u00f3rem, na wysoko\u015bci 17 metr\u00f3w, mo\u017cna przej\u015b\u0107 wewn\u0119trznym tarasem mi\u0119dzy wie\u017cami i dotrze\u0107 do Muzeum Diecezjalnego z setkami obiekt\u00f3w sakralnych, kt\u00f3re dotychczas przechowywane by\u0142y w skarbcu. To chyba jedyna w Polsce taka atrakcja. Mo\u017cna wej\u015b\u0107 wy\u017cej na taras widokowy na jednej z wie\u017c, po\u0142o\u017cony na blisko 35 metrach. Jednak najnowsz\u0105 atrakcj\u0105 s\u0105 krypty prymas\u00f3w Polski, podziemna trasa turystyczna licz\u0105ca ponad 100 metr\u00f3w. W trakcie w\u0119dr\u00f3wki labiryntem korytarzy docieramy do krypt prymas\u00f3w i grobowc\u00f3w os\u00f3b \u015bwieckich i duchownych. Ponadto s\u0105 tam ekspozycje artefakt\u00f3w znalezionych w trakcie prac archeologicznych. Krypty s\u0105 podziemnym cmentarzem, na kt\u00f3rym znaleziono ponad 400 poch\u00f3wk\u00f3w, zwiedzaj\u0105cy mog\u0105 zapozna\u0107 si\u0119 ze sztuk\u0105 sepulkraln\u0105 w XVI\u2013XVIII wieku.<\/p>\n<p><strong>Pere\u0142ki w\u015br\u00f3d kamienic<\/strong><br \/>\nPo s\u0105siedzku z katedr\u0105 znajduje si\u0119 kilka interesuj\u0105cych obiekt\u00f3w. Ca\u0142a pierzeja zachodnia to zesp\u00f3\u0142 kanonii si\u0119gaj\u0105cych wiek\u00f3w XVI i XVII. Od strony p\u00f3\u0142nocnej zachowana zosta\u0142a tzw. proboszcz\u00f3wka z XVIII wieku, brama prymasowska z XVII wieku, dalej obecna siedziba biskupa \u0142owickiego, czyli dawna dziekania z XVII wieku, nast\u0119pnie za\u015b wikariatki z niewielkim dziedzi\u0144cem i kapliczk\u0105 \u015bw. Jana Nepomucena. W centralnej cz\u0119\u015bci p\u00f3\u0142nocnej pierzei usytuowany jest klasycystyczny ratusz z 1828 roku, jeden z ciekawszych obiekt\u00f3w municypalnych w stylu klasycystycznym w Polsce. Wschodni\u0105 pierzej\u0119 zamyka okaza\u0142y gmach dawnego seminarium duchownego wg projektu Tylmana van Gameren, z barokow\u0105 kaplic\u0105 \u015bw. Karola Boromeusza i freskami Micha\u0142a Anio\u0142a Palloniego. S\u0105 one uznawane za jedne z najciekawszych fresk\u00f3w barokowych iluzjonistycznych na p\u00f3\u0142noc od Alp. Pierzeja po\u0142udniowa zabudowana jest kamienicami, w\u015br\u00f3d nich pere\u0142ka renesansowa (pod numerem 14), kt\u00f3ra od strony podw\u00f3rza ma zachowane kru\u017cganki.<\/p>\n<p><strong>Symbol upadku<\/strong><br \/>\nW\u0119druj\u0105c po mie\u015bcie, spotkamy kilka zabytkowych obiekt\u00f3w sakralnych, dawnych klasztor\u00f3w, ko\u015bci\u00f3\u0142 ewangelicki, liczne kamienice. Unikatem jest drugi z \u0142owickich rynk\u00f3w, ma on kszta\u0142t tr\u00f3jk\u0105ta r\u00f3wnobocznego z zachowanym \u015bredniowiecznym uk\u0142adem urbanistycznym. Pozostaje \u017ca\u0142owa\u0107, \u017ce nie zachowa\u0142 si\u0119 stoj\u0105cy tam niegdy\u015b ratusz. Tu\u017c przed potopem przewr\u00f3ci\u0142a si\u0119 na niego wie\u017ca ratuszowa, co sta\u0142o si\u0119 symbolem upadku jednego z najwa\u017cniejszych miast Rzeczypospolitej. \u0141owicz ju\u017c nigdy si\u0119 nie pod\u017awign\u0105\u0142, a o jego historii przypominaj\u0105 dzi\u015b zabytki, a tak\u017ce tablice opisuj\u0105ce dzieje obiekt\u00f3w, kt\u00f3re nie dotrwa\u0142y do naszych czas\u00f3w. Jest co w \u0141owiczu ogl\u0105da\u0107 i nie zawsze tym, co \u015bci\u0105ga turyst\u00f3w do miasta, jest barwna procesja Bo\u017cego Cia\u0142a czy znany w \u015bwiecie folklor \u0142owicki.<\/p>\n<p><em>Tekst i zdj\u0119cie<\/em> <strong>Zdzis\u0142aw Kry\u015bciak<\/strong><\/p>\n<p>&nbsp;<\/p>\n<p>&nbsp;<\/p>\n","protected":false},"excerpt":{"rendered":"Kolorowe, t\u0142umne procesje Bo\u017cego Cia\u0142a \u2013 tak, z tego znany jest \u0141owicz, i to od dziesi\u0105tk\u00f3w lat. Nie jest to, oczywi\u015bcie, jedyny magnes, kt\u00f3rym zabytkowe miasteczko przyci\u0105ga rzesze turyst\u00f3w. Spacer po pami\u0119taj\u0105cych dawne wieki uliczkach i zak\u0105tkach dostarczy turystom wielu wra\u017ce\u0144 i informacji. Od niedawna mo\u017cna zwiedza\u0107 krypty prymas\u00f3w Polski i podziemn\u0105 tras\u0119, kt\u00f3ra liczy ponad 100 metr\u00f3w. \u0141owicz i&nbsp;<a href=\"https:\/\/turysta2.pttk.pl\/?p=29957\" class=\"read-more\">Continue Reading<\/a>","protected":false},"author":13,"featured_media":29959,"comment_status":"closed","ping_status":"closed","sticky":false,"template":"","format":"standard","meta":{"footnotes":""},"categories":[41],"tags":[],"class_list":["post-29957","post","type-post","status-publish","format-standard","has-post-thumbnail","hentry","category-turystyka-pttk","cat-41-id"],"aioseo_notices":[],"_links":{"self":[{"href":"https:\/\/turysta2.pttk.pl\/index.php?rest_route=\/wp\/v2\/posts\/29957","targetHints":{"allow":["GET"]}}],"collection":[{"href":"https:\/\/turysta2.pttk.pl\/index.php?rest_route=\/wp\/v2\/posts"}],"about":[{"href":"https:\/\/turysta2.pttk.pl\/index.php?rest_route=\/wp\/v2\/types\/post"}],"author":[{"embeddable":true,"href":"https:\/\/turysta2.pttk.pl\/index.php?rest_route=\/wp\/v2\/users\/13"}],"replies":[{"embeddable":true,"href":"https:\/\/turysta2.pttk.pl\/index.php?rest_route=%2Fwp%2Fv2%2Fcomments&post=29957"}],"version-history":[{"count":2,"href":"https:\/\/turysta2.pttk.pl\/index.php?rest_route=\/wp\/v2\/posts\/29957\/revisions"}],"predecessor-version":[{"id":29963,"href":"https:\/\/turysta2.pttk.pl\/index.php?rest_route=\/wp\/v2\/posts\/29957\/revisions\/29963"}],"wp:featuredmedia":[{"embeddable":true,"href":"https:\/\/turysta2.pttk.pl\/index.php?rest_route=\/wp\/v2\/media\/29959"}],"wp:attachment":[{"href":"https:\/\/turysta2.pttk.pl\/index.php?rest_route=%2Fwp%2Fv2%2Fmedia&parent=29957"}],"wp:term":[{"taxonomy":"category","embeddable":true,"href":"https:\/\/turysta2.pttk.pl\/index.php?rest_route=%2Fwp%2Fv2%2Fcategories&post=29957"},{"taxonomy":"post_tag","embeddable":true,"href":"https:\/\/turysta2.pttk.pl\/index.php?rest_route=%2Fwp%2Fv2%2Ftags&post=29957"}],"curies":[{"name":"wp","href":"https:\/\/api.w.org\/{rel}","templated":true}]}}