{"id":29881,"date":"2023-09-27T10:14:35","date_gmt":"2023-09-27T08:14:35","guid":{"rendered":"https:\/\/turysta2.pttk.pl\/?p=29881"},"modified":"2023-09-27T11:48:28","modified_gmt":"2023-09-27T09:48:28","slug":"centrum-fotografii-krajoznawczej-pttk","status":"publish","type":"post","link":"https:\/\/turysta2.pttk.pl\/?p=29881","title":{"rendered":"Centrum Fotografii Krajoznawczej PTTK"},"content":{"rendered":"<p>W \u0141odzi, przy ulicy Wigury 12a, stoi zabytkowa willa wzniesiona w latach 90. XIX wieku dla przemys\u0142owca Wilhelma Teschemachera. W ci\u0105gu stu lat kilka razy zmienia\u0142a w\u0142a\u015bciciela, niszcza\u0142a. W 1984 roku budynek uratowa\u0142 Zarz\u0105d Wojew\u00f3dzki PTTK w \u0141odzi \u2013 podj\u0105\u0142 decyzj\u0119 o generalnym remoncie. Od 1988 roku mie\u015bci si\u0119 tu powo\u0142ane w\u00f3wczas Centrum Fotografii Krajoznawczej PTTK. Pomys\u0142odawc\u0105 plac\u00f3wki by\u0142 wybitny fotografik, krajoznawca, regionalista Fryderyk Kremser (1930\u20131995) \u2013 wieloletni przewodnicz\u0105cy Komisji Fotografii Krajoznawczej ZG PTTK, a g\u0142\u00f3wnym organizatorem \u2013 Waldemar Doniec (1922\u20132010), entuzjasta fotografii, Cz\u0142onek Honorowy PTTK i r\u00f3wnie\u017c przewodnicz\u0105cy KFK ZG PTTK. Dyrektorem jednostki od jej powo\u0142ania do 2020 roku by\u0142 Andrzej Danowski \u2013 fotograf, krajoznawca, kontynuator idei fotografii krajoznawczej jako cz\u0142onek KFK ZG PTTK i do dzi\u015b przewodnicz\u0105cy Komisji Opieki nad Zabytkami ZG PTTK. CFK PTTK zajmuje si\u0119 ju\u017c od 35 lat archiwizacj\u0105 i udost\u0119pnianiem zbior\u00f3w fotograficznych o tematyce krajoznawczej oraz zwi\u0105zanej z dzia\u0142alno\u015bci\u0105 Polskiego Towarzystwa Turystyczno-Krajoznawczego. Gromadzi czasopisma, ksi\u0105\u017cki, katalogi dotycz\u0105ce fotografii krajoznawczej. W zbiorach Centrum znajduje si\u0119 kilkadziesi\u0105t tysi\u0119cy skatalogowanych fotografii i negatyw\u00f3w oraz kilkana\u015bcie tysi\u0119cy prze\u017aroczy. Pe\u0142na lista muzealnych artefakt\u00f3w mo\u017ce wynie\u015b\u0107 znacznie ponad 100 tysi\u0119cy. Zakres chronologiczny zasobu obejmuje okres od pocz\u0105tku XX wieku do wsp\u00f3\u0142czesno\u015bci.<br \/>\nCz\u0119\u015b\u0107 archiwali\u00f3w mog\u0142a ujrze\u0107 \u015bwiat\u0142o dzienne dopiero niedawno, po odpowiednim opracowaniu, ale zawsze by\u0142y one pieczo\u0142owicie przechowywane. Ca\u0142o\u015b\u0107 zbior\u00f3w (dzi\u015b zapewne wielomilionowej warto\u015bci czy wr\u0119cz bezcenna) zosta\u0142a przekazana nieodp\u0142atnie przez dzia\u0142aczy PTTK, a tak\u017ce przez rodziny wybitnych polskich fotografik\u00f3w niezwi\u0105zanych z Towarzystwem. Zgromadzono zdj\u0119cia ponad 250 autor\u00f3w, w\u015br\u00f3d nich s\u0105 nazwiska bardzo znanych artyst\u00f3w (np. Jan Bu\u0142hak, Edward Falkowski, Henryk Podd\u0119bski, Fryderyk Kremser, W\u0142odzimierz Puchalski, Leonard Sempoli\u0144ski, Pawe\u0142 Pier\u015bci\u0144ski). Nie mo\u017cna pomin\u0105\u0107 zas\u0142ug Komisji Fotografii Krajoznawczej ZG PTTK i instruktor\u00f3w z ca\u0142ej Polski dla sta\u0142ego rozbudowywania zbior\u00f3w CFK PTTK. Centrum s\u0142u\u017cy swymi zasobami nie tylko fotografom krajoznawcom i Towarzystwu, ale tak\u017ce wszystkim osobom, kt\u00f3re potrzebuj\u0105 wsparcia w pracy naukowej, artystycznej, edukacyjnej czy popularyzatorskiej. Dla u\u0142atwienia dost\u0119pu do zbior\u00f3w prowadzony jest komputerowy rejestr archiwali\u00f3w. S\u0142u\u017cy temu og\u00f3lnodost\u0119pna platforma OSA (Og\u00f3lnopolski System Archiwizacji) na stworzonym dla Centrum koncie pod adresem <a href=\"https:\/\/osa.archiwa.org\/archiwa\/PL_1038\">https:\/\/osa.archiwa.org\/archiwa\/PL_1038<\/a>. CFK PTTK wsp\u00f3\u0142pracuje z Archiwum Pa\u0144stwowym w \u0141odzi, ze stowarzyszeniami, szko\u0142ami, uczelniami, Regionaln\u0105 Organizacj\u0105 Turystyczn\u0105 i wieloma innymi. Jest patronem dw\u00f3ch klas: fotograficznej w Lublinie i turystycznej w \u0141odzi. Ma umow\u0119 z Narodowym Archiwum Cyfrowym w sprawie wprowadzania zbior\u00f3w do Zintegrowanego Systemu Informacji Archiwalnej (ZoSIA) i upowszechniania fotografii na og\u00f3lnopolskiej stronie www.szukajwarchiwach.gov.pl dzi\u0119ki zgodzie Naczelnego Dyrektora Archiw\u00f3w Pa\u0144stwowych, kt\u00f3ry nada\u0142 CFK indywidualny numer.<br \/>\nOpr\u00f3cz prezentacji zbior\u00f3w na stronach rz\u0105dowych CFK PTTK planuje stworzenie nowoczesnego portalu w pe\u0142ni dostosowanego dla os\u00f3b z r\u00f3\u017cnego rodzaju niepe\u0142nosprawno\u015bciami. Te ambitne dzia\u0142ania, na miar\u0119 XXI wieku, wymagaj\u0105 sprz\u0119tu<br \/>\ndigitalizacyjnego najwy\u017cszej klasy. Unowocze\u015bnianie wyposa\u017cenia jest jednym z g\u0142\u00f3wnych cel\u00f3w CFK PTTK. To wa\u017cne, by Centrum, kt\u00f3re jest dzisiaj statutow\u0105, og\u00f3lnopolsk\u0105 jednostk\u0105 programow\u0105 Zarz\u0105du G\u0142\u00f3wnego PTTK w zakresie ca\u0142okszta\u0142tu zagadnie\u0144 zwi\u0105zanych z fotografi\u0105 krajoznawcz\u0105, by\u0142o wizyt\u00f3wk\u0105 dzia\u0142a\u0144 ca\u0142ego Towarzystwa. W Centrum na bie\u017c\u0105co wykonywana jest digitalizacja zbior\u00f3w, a w niekt\u00f3rych przypadkach \u2013 rekonstrukcja cyfrowa obrazu fotograficznego. Do tej pory zdigitalizowano kilka tysi\u0119cy fotografii, przede wszystkim sprzed II wojny \u015bwiatowej, jak i tu\u017c po wyzwoleniu. Wa\u017cnym zadaniem CFK jest te\u017c pozyskiwanie zdj\u0119\u0107 i materia\u0142\u00f3w w\u015br\u00f3d cz\u0142onk\u00f3w PTTK oraz wsp\u00f3\u0142czesne dokumentowanie fotograficzne Polski \u2013 krajobraz\u00f3w, zabytk\u00f3w, przyrody, sztuki ludowej, imprez krajoznawczych, spotka\u0144, szkole\u0144, zjazd\u00f3w PTTK itp. W czasach, kiedy dzia\u0142a\u0142o Polskie Towarzystwo Krajoznawcze (1907\u20131950), wykonywanie zdj\u0119\u0107 by\u0142o kosztowne, skomplikowane technicznie, wymaga\u0142o du\u017cej sprawno\u015bci fizycznej, a tak\u017ce wiedzy chemicznej, mechanicznej, optycznej itd. Niemniej jednak fotografi\u0119 krajoznawcz\u0105 uznawano w\u00f3wczas za bardzo wa\u017cn\u0105 form\u0119 dzia\u0142alno\u015bci. Tak jest i dzisiaj, cho\u0107 \u017cyjemy w epoce cyfrowej, wkracza zaawansowana technologia ze sztuczn\u0105 inteligencj\u0105 w\u0142\u0105cznie.<\/p>\n<p><em><strong>Tekst i zdj\u0119cia<\/strong><\/em> Marek Lawin<\/p>\n<p>&nbsp;<\/p>\n<div id=\"attachment_29883\" style=\"width: 310px\" class=\"wp-caption alignnone\"><a href=\"https:\/\/turysta2.pttk.pl\/wp-content\/uploads\/2023\/09\/fot.-M.-Lawin.jpg\"><img loading=\"lazy\" decoding=\"async\" aria-describedby=\"caption-attachment-29883\" class=\"size-medium wp-image-29883\" src=\"https:\/\/turysta2.pttk.pl\/wp-content\/uploads\/2023\/09\/fot.-M.-Lawin-300x223.jpg\" alt=\"\" width=\"300\" height=\"223\" srcset=\"https:\/\/turysta2.pttk.pl\/wp-content\/uploads\/2023\/09\/fot.-M.-Lawin-300x223.jpg 300w, https:\/\/turysta2.pttk.pl\/wp-content\/uploads\/2023\/09\/fot.-M.-Lawin-1024x761.jpg 1024w, https:\/\/turysta2.pttk.pl\/wp-content\/uploads\/2023\/09\/fot.-M.-Lawin-768x571.jpg 768w, https:\/\/turysta2.pttk.pl\/wp-content\/uploads\/2023\/09\/fot.-M.-Lawin-1536x1142.jpg 1536w, https:\/\/turysta2.pttk.pl\/wp-content\/uploads\/2023\/09\/fot.-M.-Lawin-200x150.jpg 200w, https:\/\/turysta2.pttk.pl\/wp-content\/uploads\/2023\/09\/fot.-M.-Lawin.jpg 2008w\" sizes=\"auto, (max-width: 300px) 100vw, 300px\" \/><\/a><p id=\"caption-attachment-29883\" class=\"wp-caption-text\">Zesp\u00f3\u0142 Centrum Fotografii Krajoznawczej PTTK, westybul w siedzibie Centrum. Na zdj\u0119ciu siedz\u0105 od lewej: Sylwia Nowak, Michalina Kraszkiewicz, Danuta Jankowska, w drugim rz\u0119dzie \u2013 Marek Lawin<\/p><\/div>\n<p>&nbsp;<\/p>\n<div id=\"attachment_29895\" style=\"width: 310px\" class=\"wp-caption alignnone\"><a href=\"https:\/\/turysta2.pttk.pl\/wp-content\/uploads\/2023\/09\/2A.-fot_Marek_Lawin.jpg\"><img loading=\"lazy\" decoding=\"async\" aria-describedby=\"caption-attachment-29895\" class=\"size-medium wp-image-29895\" src=\"https:\/\/turysta2.pttk.pl\/wp-content\/uploads\/2023\/09\/2A.-fot_Marek_Lawin-300x226.jpg\" alt=\"\" width=\"300\" height=\"226\" srcset=\"https:\/\/turysta2.pttk.pl\/wp-content\/uploads\/2023\/09\/2A.-fot_Marek_Lawin-300x226.jpg 300w, https:\/\/turysta2.pttk.pl\/wp-content\/uploads\/2023\/09\/2A.-fot_Marek_Lawin-1024x773.jpg 1024w, https:\/\/turysta2.pttk.pl\/wp-content\/uploads\/2023\/09\/2A.-fot_Marek_Lawin-768x579.jpg 768w, https:\/\/turysta2.pttk.pl\/wp-content\/uploads\/2023\/09\/2A.-fot_Marek_Lawin-1536x1159.jpg 1536w, https:\/\/turysta2.pttk.pl\/wp-content\/uploads\/2023\/09\/2A.-fot_Marek_Lawin-200x150.jpg 200w, https:\/\/turysta2.pttk.pl\/wp-content\/uploads\/2023\/09\/2A.-fot_Marek_Lawin.jpg 2008w\" sizes=\"auto, (max-width: 300px) 100vw, 300px\" \/><\/a><p id=\"caption-attachment-29895\" class=\"wp-caption-text\">Ro\u015bnie zbi\u00f3r eksponat\u00f3w w dziale zabytkowego sprz\u0119tu fotograficznego. Prezentowane s\u0105 tu zar\u00f3wno aparaty fotograficzne, jak i projektory filmowe, kamery oraz sprz\u0119t ciemniowy<\/p><\/div>\n<p><a href=\"https:\/\/turysta2.pttk.pl\/wp-content\/uploads\/2023\/09\/2B.-fot_Marek_Lawin-scaled.jpg\"><img loading=\"lazy\" decoding=\"async\" class=\"alignnone size-medium wp-image-29893\" src=\"https:\/\/turysta2.pttk.pl\/wp-content\/uploads\/2023\/09\/2B.-fot_Marek_Lawin-200x300.jpg\" alt=\"\" width=\"200\" height=\"300\" srcset=\"https:\/\/turysta2.pttk.pl\/wp-content\/uploads\/2023\/09\/2B.-fot_Marek_Lawin-200x300.jpg 200w, https:\/\/turysta2.pttk.pl\/wp-content\/uploads\/2023\/09\/2B.-fot_Marek_Lawin-683x1024.jpg 683w, https:\/\/turysta2.pttk.pl\/wp-content\/uploads\/2023\/09\/2B.-fot_Marek_Lawin-768x1152.jpg 768w, https:\/\/turysta2.pttk.pl\/wp-content\/uploads\/2023\/09\/2B.-fot_Marek_Lawin-1024x1536.jpg 1024w, https:\/\/turysta2.pttk.pl\/wp-content\/uploads\/2023\/09\/2B.-fot_Marek_Lawin-1365x2048.jpg 1365w, https:\/\/turysta2.pttk.pl\/wp-content\/uploads\/2023\/09\/2B.-fot_Marek_Lawin-scaled.jpg 1707w\" sizes=\"auto, (max-width: 200px) 100vw, 200px\" \/><\/a> <a href=\"https:\/\/turysta2.pttk.pl\/wp-content\/uploads\/2023\/09\/2C.-fot_Marek_Lawin-scaled.jpg\"><img loading=\"lazy\" decoding=\"async\" class=\"alignnone size-medium wp-image-29891\" src=\"https:\/\/turysta2.pttk.pl\/wp-content\/uploads\/2023\/09\/2C.-fot_Marek_Lawin-200x300.jpg\" alt=\"\" width=\"200\" height=\"300\" srcset=\"https:\/\/turysta2.pttk.pl\/wp-content\/uploads\/2023\/09\/2C.-fot_Marek_Lawin-200x300.jpg 200w, https:\/\/turysta2.pttk.pl\/wp-content\/uploads\/2023\/09\/2C.-fot_Marek_Lawin-682x1024.jpg 682w, https:\/\/turysta2.pttk.pl\/wp-content\/uploads\/2023\/09\/2C.-fot_Marek_Lawin-768x1153.jpg 768w, https:\/\/turysta2.pttk.pl\/wp-content\/uploads\/2023\/09\/2C.-fot_Marek_Lawin-1023x1536.jpg 1023w, https:\/\/turysta2.pttk.pl\/wp-content\/uploads\/2023\/09\/2C.-fot_Marek_Lawin-1364x2048.jpg 1364w, https:\/\/turysta2.pttk.pl\/wp-content\/uploads\/2023\/09\/2C.-fot_Marek_Lawin-scaled.jpg 1705w\" sizes=\"auto, (max-width: 200px) 100vw, 200px\" \/><\/a><\/p>\n<div id=\"attachment_29889\" style=\"width: 310px\" class=\"wp-caption alignnone\"><a href=\"https:\/\/turysta2.pttk.pl\/wp-content\/uploads\/2023\/09\/3A.-fot_Marek_Lawin.jpg\"><img loading=\"lazy\" decoding=\"async\" aria-describedby=\"caption-attachment-29889\" class=\"size-medium wp-image-29889\" src=\"https:\/\/turysta2.pttk.pl\/wp-content\/uploads\/2023\/09\/3A.-fot_Marek_Lawin-300x200.jpg\" alt=\"\" width=\"300\" height=\"200\" srcset=\"https:\/\/turysta2.pttk.pl\/wp-content\/uploads\/2023\/09\/3A.-fot_Marek_Lawin-300x200.jpg 300w, https:\/\/turysta2.pttk.pl\/wp-content\/uploads\/2023\/09\/3A.-fot_Marek_Lawin-1024x683.jpg 1024w, https:\/\/turysta2.pttk.pl\/wp-content\/uploads\/2023\/09\/3A.-fot_Marek_Lawin-768x512.jpg 768w, https:\/\/turysta2.pttk.pl\/wp-content\/uploads\/2023\/09\/3A.-fot_Marek_Lawin-1536x1024.jpg 1536w, https:\/\/turysta2.pttk.pl\/wp-content\/uploads\/2023\/09\/3A.-fot_Marek_Lawin.jpg 2008w\" sizes=\"auto, (max-width: 300px) 100vw, 300px\" \/><\/a><p id=\"caption-attachment-29889\" class=\"wp-caption-text\">Pieczo\u0142owicie chronione i zewidencjonowane archiwalia<\/p><\/div>\n<div id=\"attachment_29885\" style=\"width: 310px\" class=\"wp-caption alignnone\"><a href=\"https:\/\/turysta2.pttk.pl\/wp-content\/uploads\/2023\/09\/4.-fot_Marek_Lawin-51aj.jpg\"><img loading=\"lazy\" decoding=\"async\" aria-describedby=\"caption-attachment-29885\" class=\"size-medium wp-image-29885\" src=\"https:\/\/turysta2.pttk.pl\/wp-content\/uploads\/2023\/09\/4.-fot_Marek_Lawin-51aj-300x193.jpg\" alt=\"\" width=\"300\" height=\"193\" srcset=\"https:\/\/turysta2.pttk.pl\/wp-content\/uploads\/2023\/09\/4.-fot_Marek_Lawin-51aj-300x193.jpg 300w, https:\/\/turysta2.pttk.pl\/wp-content\/uploads\/2023\/09\/4.-fot_Marek_Lawin-51aj-1024x660.jpg 1024w, https:\/\/turysta2.pttk.pl\/wp-content\/uploads\/2023\/09\/4.-fot_Marek_Lawin-51aj-768x495.jpg 768w, https:\/\/turysta2.pttk.pl\/wp-content\/uploads\/2023\/09\/4.-fot_Marek_Lawin-51aj-1536x991.jpg 1536w, https:\/\/turysta2.pttk.pl\/wp-content\/uploads\/2023\/09\/4.-fot_Marek_Lawin-51aj.jpg 2008w\" sizes=\"auto, (max-width: 300px) 100vw, 300px\" \/><\/a><p id=\"caption-attachment-29885\" class=\"wp-caption-text\">W czytelni i sali wystawowej w siedzibie Centrum wisz\u0105 prace znanego \u0142\u00f3dzkiego fotografa Stefana Sztromajera, prezentuj\u0105ce wiele nieistniej\u0105cych ju\u017c obiekt\u00f3w oraz dokumentuj\u0105ce codzienne \u017cycie \u0141odzi<\/p><\/div>\n","protected":false},"excerpt":{"rendered":"W \u0141odzi, przy ulicy Wigury 12a, stoi zabytkowa willa wzniesiona w latach 90. XIX wieku dla przemys\u0142owca Wilhelma Teschemachera. W ci\u0105gu stu lat kilka razy zmienia\u0142a w\u0142a\u015bciciela, niszcza\u0142a. W 1984 roku budynek uratowa\u0142 Zarz\u0105d Wojew\u00f3dzki PTTK w \u0141odzi \u2013 podj\u0105\u0142 decyzj\u0119 o generalnym remoncie. Od 1988 roku mie\u015bci si\u0119 tu powo\u0142ane w\u00f3wczas Centrum Fotografii Krajoznawczej PTTK. Pomys\u0142odawc\u0105 plac\u00f3wki by\u0142 wybitny&nbsp;<a href=\"https:\/\/turysta2.pttk.pl\/?p=29881\" class=\"read-more\">Continue Reading<\/a>","protected":false},"author":13,"featured_media":29897,"comment_status":"closed","ping_status":"closed","sticky":false,"template":"","format":"standard","meta":{"footnotes":""},"categories":[11,88],"tags":[],"class_list":["post-29881","post","type-post","status-publish","format-standard","has-post-thumbnail","hentry","category-turysta-poleca","category-z-aparatem","cat-11-id","cat-88-id"],"aioseo_notices":[],"_links":{"self":[{"href":"https:\/\/turysta2.pttk.pl\/index.php?rest_route=\/wp\/v2\/posts\/29881","targetHints":{"allow":["GET"]}}],"collection":[{"href":"https:\/\/turysta2.pttk.pl\/index.php?rest_route=\/wp\/v2\/posts"}],"about":[{"href":"https:\/\/turysta2.pttk.pl\/index.php?rest_route=\/wp\/v2\/types\/post"}],"author":[{"embeddable":true,"href":"https:\/\/turysta2.pttk.pl\/index.php?rest_route=\/wp\/v2\/users\/13"}],"replies":[{"embeddable":true,"href":"https:\/\/turysta2.pttk.pl\/index.php?rest_route=%2Fwp%2Fv2%2Fcomments&post=29881"}],"version-history":[{"count":4,"href":"https:\/\/turysta2.pttk.pl\/index.php?rest_route=\/wp\/v2\/posts\/29881\/revisions"}],"predecessor-version":[{"id":29901,"href":"https:\/\/turysta2.pttk.pl\/index.php?rest_route=\/wp\/v2\/posts\/29881\/revisions\/29901"}],"wp:featuredmedia":[{"embeddable":true,"href":"https:\/\/turysta2.pttk.pl\/index.php?rest_route=\/wp\/v2\/media\/29897"}],"wp:attachment":[{"href":"https:\/\/turysta2.pttk.pl\/index.php?rest_route=%2Fwp%2Fv2%2Fmedia&parent=29881"}],"wp:term":[{"taxonomy":"category","embeddable":true,"href":"https:\/\/turysta2.pttk.pl\/index.php?rest_route=%2Fwp%2Fv2%2Fcategories&post=29881"},{"taxonomy":"post_tag","embeddable":true,"href":"https:\/\/turysta2.pttk.pl\/index.php?rest_route=%2Fwp%2Fv2%2Ftags&post=29881"}],"curies":[{"name":"wp","href":"https:\/\/api.w.org\/{rel}","templated":true}]}}