{"id":29583,"date":"2023-08-03T14:15:19","date_gmt":"2023-08-03T12:15:19","guid":{"rendered":"https:\/\/turysta2.pttk.pl\/?p=29583"},"modified":"2023-08-10T09:16:08","modified_gmt":"2023-08-10T07:16:08","slug":"rajdy-dla-frajdy","status":"publish","type":"post","link":"https:\/\/turysta2.pttk.pl\/?p=29583","title":{"rendered":"\u201eRajdy dla Frajdy\u201d"},"content":{"rendered":"<p><strong>Gdyby tak wznieci\u0107 w\u015br\u00f3d m\u0142odych ludzi mi\u0142o\u015b\u0107 do turystyki, pobudza\u0107 ich naturaln\u0105 ch\u0119\u0107 poznawania tego co pi\u0119kne, wyrusza\u0107 z nimi w trasy fascynuj\u0105ce i ciekawe. Gdyby tak pokaza\u0107 im magi\u0119 miejsc bliskich i dobrze im znanych. Gdyby tak dzieli\u0107 si\u0119 krajoznawcz\u0105 pasj\u0105 z m\u0142odym pokoleniem mi\u0142o\u015bnik\u00f3w turystyki pieszej\u2026 Ta my\u015bl zrodzi\u0142a pomys\u0142 na Projekt \u201eRajdy dla Frajdy\u201d.<\/strong><\/p>\n<p>Niespe\u0142na 1000 mi\u0142o\u015bnik\u00f3w turystyki pieszej \u2013 uczni\u00f3w, rodzic\u00f3w, nauczycieli oraz przewodnik\u00f3w turystycznych \u2013 stawi\u0142o si\u0119 na trasach dziewi\u0119ciu rajd\u00f3w zorganizowanych w ramach projektu \u201eRajdy dla Frajdy\u201d w roku szkolnym 2022\/2023 w Grudzi\u0105dzu.<\/p>\n<div id=\"attachment_29625\" style=\"width: 310px\" class=\"wp-caption alignleft\"><a href=\"https:\/\/turysta2.pttk.pl\/wp-content\/uploads\/2023\/08\/2-fot.-Alicja-Kuziemska-Machnicka-scaled.jpg\"><img loading=\"lazy\" decoding=\"async\" aria-describedby=\"caption-attachment-29625\" class=\"wp-image-29625 size-medium\" src=\"https:\/\/turysta2.pttk.pl\/wp-content\/uploads\/2023\/08\/2-fot.-Alicja-Kuziemska-Machnicka-300x200.jpg\" alt=\"\" width=\"300\" height=\"200\" srcset=\"https:\/\/turysta2.pttk.pl\/wp-content\/uploads\/2023\/08\/2-fot.-Alicja-Kuziemska-Machnicka-300x200.jpg 300w, https:\/\/turysta2.pttk.pl\/wp-content\/uploads\/2023\/08\/2-fot.-Alicja-Kuziemska-Machnicka-1024x683.jpg 1024w, https:\/\/turysta2.pttk.pl\/wp-content\/uploads\/2023\/08\/2-fot.-Alicja-Kuziemska-Machnicka-768x512.jpg 768w, https:\/\/turysta2.pttk.pl\/wp-content\/uploads\/2023\/08\/2-fot.-Alicja-Kuziemska-Machnicka-1536x1024.jpg 1536w, https:\/\/turysta2.pttk.pl\/wp-content\/uploads\/2023\/08\/2-fot.-Alicja-Kuziemska-Machnicka-2048x1365.jpg 2048w\" sizes=\"auto, (max-width: 300px) 100vw, 300px\" \/><\/a><p id=\"caption-attachment-29625\" class=\"wp-caption-text\">Nagrody, puchary i dyplomy wr\u0119czane podczas podsumowania Projektu \u201eRajdy dla Frajdy\u201d<\/p><\/div>\n<p>Szkolne Ko\u0142o Krajoznawczo-Turystyczne PTTK nr 61 \u201eSznur\u00f3wki\u201d przy Szkole Podstawowej nr 12 im. Syn\u00f3w Pu\u0142ku w Grudzi\u0105dzu przygotowa\u0142o przedsi\u0119wzi\u0119cie pod patronatem prezydenta miasta Grudzi\u0105dza, Macieja Glamowskiego. Wraz z Oddzia\u0142em PTTK im. ks. pp\u0142k. dr. W\u0142adys\u0142awa \u0141\u0119gi w Grudzi\u0105dzu oraz Ko\u0142em Przewodnik\u00f3w Turystycznych PTTK im. J\u00f3zefa B\u0142achnio w Grudzi\u0105dzu integrowa\u0142o turystyczn\u0105 spo\u0142eczno\u015b\u0107 grudzi\u0105dzkich szk\u00f3\u0142, by wsp\u00f3lnie wyruszy\u0107 na trasy. Do realizacji projektu w\u0142\u0105czy\u0142o si\u0119 dziesi\u0119\u0107 plac\u00f3wek, w kt\u00f3rych nauczyciele pasjonaci przygotowywali imprezy turystyczne, organizowali wyj\u015bcia uczni\u00f3w na rajdy piesze, rozbudzali zami\u0142owania krajoznawczo-turystyczne w\u015br\u00f3d dzieci i m\u0142odzie\u017cy.<\/p>\n<p>\u201eTurystyka \u2013 moja mi\u0142o\u015b\u0107\u201d, \u201eWiosna w przyrodzie\u201d, \u201eGwia\u017adzistym Szlakiem Miko\u0142aja Kopernika i Powitania Wiosny\u201d, \u201e\u015awi\u0119tujemy Dzie\u0144 Ziemi\u201d czy \u201ePami\u0119ci gen. Tadeusza Bora-Komorowskiego\u201d \u2013 to tylko niekt\u00f3re z imprez, kt\u00f3re w ramach projektu przygotowano dla dzieci i m\u0142odzie\u017cy szkolnej.<\/p>\n<p>Tu\u017c przed zako\u0144czeniem roku szkolnego nast\u0105pi\u0142o podsumowanie projektu, podczas kt\u00f3rego nagrodzono opiekun\u00f3w grup szkolnych i wszystkie szko\u0142y aktywne na trasach rajd\u00f3w.<\/p>\n<p>\u201eSznur\u00f3wki\u201d zn\u00f3w rusz\u0105 na trasy od wrze\u015bnia, a dzia\u0142ania te mo\u017cna \u015bledzi\u0107 na stronie www.sp12grudziadz.szkolnastrona.pl (zak\u0142adka SKKT-PTTK nr 61 \u201eSznur\u00f3wki\u201d).<\/p>\n<p><em><strong>Tekst <\/strong><\/em><strong>Alicja Kuziemska-Machowska,<\/strong> opiekunka SKKT-PTTK nr 61 \u201eSznur\u00f3wki\u201d<br \/>\n<strong><em>Zdj\u0119cia <\/em>Alicja Kuziemska-Machowska, Agata Saja<\/strong><\/p>\n<div id=\"attachment_29655\" style=\"width: 310px\" class=\"wp-caption alignleft\"><a href=\"https:\/\/turysta2.pttk.pl\/wp-content\/uploads\/2023\/08\/DSC_1846.jpg\"><img loading=\"lazy\" decoding=\"async\" aria-describedby=\"caption-attachment-29655\" class=\"wp-image-29655 size-medium\" src=\"https:\/\/turysta2.pttk.pl\/wp-content\/uploads\/2023\/08\/DSC_1846-300x200.jpg\" alt=\"\" width=\"300\" height=\"200\" srcset=\"https:\/\/turysta2.pttk.pl\/wp-content\/uploads\/2023\/08\/DSC_1846-300x200.jpg 300w, https:\/\/turysta2.pttk.pl\/wp-content\/uploads\/2023\/08\/DSC_1846-1024x683.jpg 1024w, https:\/\/turysta2.pttk.pl\/wp-content\/uploads\/2023\/08\/DSC_1846-768x512.jpg 768w, https:\/\/turysta2.pttk.pl\/wp-content\/uploads\/2023\/08\/DSC_1846-1536x1024.jpg 1536w, https:\/\/turysta2.pttk.pl\/wp-content\/uploads\/2023\/08\/DSC_1846.jpg 1728w\" sizes=\"auto, (max-width: 300px) 100vw, 300px\" \/><\/a><p id=\"caption-attachment-29655\" class=\"wp-caption-text\">Pami\u0105tkowe zdj\u0119cie uczestnik\u00f3w i opiekun\u00f3w<\/p><\/div>\n<div id=\"attachment_29673\" style=\"width: 310px\" class=\"wp-caption alignleft\"><a href=\"https:\/\/turysta2.pttk.pl\/wp-content\/uploads\/2023\/08\/DSC_1766.jpg\"><img loading=\"lazy\" decoding=\"async\" aria-describedby=\"caption-attachment-29673\" class=\"wp-image-29673 size-medium\" src=\"https:\/\/turysta2.pttk.pl\/wp-content\/uploads\/2023\/08\/DSC_1766-300x200.jpg\" alt=\"\" width=\"300\" height=\"200\" srcset=\"https:\/\/turysta2.pttk.pl\/wp-content\/uploads\/2023\/08\/DSC_1766-300x200.jpg 300w, https:\/\/turysta2.pttk.pl\/wp-content\/uploads\/2023\/08\/DSC_1766-1024x683.jpg 1024w, https:\/\/turysta2.pttk.pl\/wp-content\/uploads\/2023\/08\/DSC_1766-768x512.jpg 768w, https:\/\/turysta2.pttk.pl\/wp-content\/uploads\/2023\/08\/DSC_1766-1536x1024.jpg 1536w, https:\/\/turysta2.pttk.pl\/wp-content\/uploads\/2023\/08\/DSC_1766.jpg 1728w\" sizes=\"auto, (max-width: 300px) 100vw, 300px\" \/><\/a><p id=\"caption-attachment-29673\" class=\"wp-caption-text\">Opiekunowie grup szkolnych podczas inauguracji rajdu<\/p><\/div>\n<p>&nbsp;<\/p>\n<div id=\"attachment_29671\" style=\"width: 310px\" class=\"wp-caption alignleft\"><a href=\"https:\/\/turysta2.pttk.pl\/wp-content\/uploads\/2023\/08\/DSC_1761.jpg\"><img loading=\"lazy\" decoding=\"async\" aria-describedby=\"caption-attachment-29671\" class=\"wp-image-29671 size-medium\" src=\"https:\/\/turysta2.pttk.pl\/wp-content\/uploads\/2023\/08\/DSC_1761-300x200.jpg\" alt=\"\" width=\"300\" height=\"200\" srcset=\"https:\/\/turysta2.pttk.pl\/wp-content\/uploads\/2023\/08\/DSC_1761-300x200.jpg 300w, https:\/\/turysta2.pttk.pl\/wp-content\/uploads\/2023\/08\/DSC_1761-1024x683.jpg 1024w, https:\/\/turysta2.pttk.pl\/wp-content\/uploads\/2023\/08\/DSC_1761-768x512.jpg 768w, https:\/\/turysta2.pttk.pl\/wp-content\/uploads\/2023\/08\/DSC_1761-1536x1024.jpg 1536w, https:\/\/turysta2.pttk.pl\/wp-content\/uploads\/2023\/08\/DSC_1761.jpg 1728w\" sizes=\"auto, (max-width: 300px) 100vw, 300px\" \/><\/a><p id=\"caption-attachment-29671\" class=\"wp-caption-text\">Zbi\u00f3rka uczestnik\u00f3w na starcie rajdu w Parku Miejskim<\/p><\/div>\n<div id=\"attachment_29667\" style=\"width: 310px\" class=\"wp-caption alignleft\"><a href=\"https:\/\/turysta2.pttk.pl\/wp-content\/uploads\/2023\/08\/DSC_0310-scaled.jpg\"><img loading=\"lazy\" decoding=\"async\" aria-describedby=\"caption-attachment-29667\" class=\"wp-image-29667 size-medium\" src=\"https:\/\/turysta2.pttk.pl\/wp-content\/uploads\/2023\/08\/DSC_0310-300x200.jpg\" alt=\"\" width=\"300\" height=\"200\" srcset=\"https:\/\/turysta2.pttk.pl\/wp-content\/uploads\/2023\/08\/DSC_0310-300x200.jpg 300w, https:\/\/turysta2.pttk.pl\/wp-content\/uploads\/2023\/08\/DSC_0310-1024x683.jpg 1024w, https:\/\/turysta2.pttk.pl\/wp-content\/uploads\/2023\/08\/DSC_0310-768x512.jpg 768w, https:\/\/turysta2.pttk.pl\/wp-content\/uploads\/2023\/08\/DSC_0310-1536x1024.jpg 1536w, https:\/\/turysta2.pttk.pl\/wp-content\/uploads\/2023\/08\/DSC_0310-2048x1365.jpg 2048w\" sizes=\"auto, (max-width: 300px) 100vw, 300px\" \/><\/a><p id=\"caption-attachment-29667\" class=\"wp-caption-text\">Pami\u0105tkowe breloczki dla uczestnik\u00f3w rajdu podsumowuj\u0105cego projekt<\/p><\/div>\n<div id=\"attachment_29657\" style=\"width: 310px\" class=\"wp-caption alignleft\"><a href=\"https:\/\/turysta2.pttk.pl\/wp-content\/uploads\/2023\/08\/DSC_0084-scaled.jpg\"><img loading=\"lazy\" decoding=\"async\" aria-describedby=\"caption-attachment-29657\" class=\"wp-image-29657 size-medium\" src=\"https:\/\/turysta2.pttk.pl\/wp-content\/uploads\/2023\/08\/DSC_0084-300x200.jpg\" alt=\"\" width=\"300\" height=\"200\" srcset=\"https:\/\/turysta2.pttk.pl\/wp-content\/uploads\/2023\/08\/DSC_0084-300x200.jpg 300w, https:\/\/turysta2.pttk.pl\/wp-content\/uploads\/2023\/08\/DSC_0084-1024x683.jpg 1024w, https:\/\/turysta2.pttk.pl\/wp-content\/uploads\/2023\/08\/DSC_0084-768x512.jpg 768w, https:\/\/turysta2.pttk.pl\/wp-content\/uploads\/2023\/08\/DSC_0084-1536x1024.jpg 1536w, https:\/\/turysta2.pttk.pl\/wp-content\/uploads\/2023\/08\/DSC_0084-2048x1365.jpg 2048w\" sizes=\"auto, (max-width: 300px) 100vw, 300px\" \/><\/a><p id=\"caption-attachment-29657\" class=\"wp-caption-text\">Alicja Kuziemska-Machowska, opiekun SKKT-PTTK nr 61 \u201eSznur\u00f3wki\u201d oraz Piotr \u0141ukiewski, prezes Oddzia\u0142u PTTK im. ks. pp\u0142k. dr. W\u0142adys\u0142awa \u0141\u0119gi w Grudzi\u0105dzu<\/p><\/div>\n<div id=\"attachment_29659\" style=\"width: 310px\" class=\"wp-caption alignleft\"><a href=\"https:\/\/turysta2.pttk.pl\/wp-content\/uploads\/2023\/08\/DSC_0178-scaled.jpg\"><img loading=\"lazy\" decoding=\"async\" aria-describedby=\"caption-attachment-29659\" class=\"wp-image-29659 size-medium\" src=\"https:\/\/turysta2.pttk.pl\/wp-content\/uploads\/2023\/08\/DSC_0178-300x200.jpg\" alt=\"\" width=\"300\" height=\"200\" srcset=\"https:\/\/turysta2.pttk.pl\/wp-content\/uploads\/2023\/08\/DSC_0178-300x200.jpg 300w, https:\/\/turysta2.pttk.pl\/wp-content\/uploads\/2023\/08\/DSC_0178-1024x683.jpg 1024w, https:\/\/turysta2.pttk.pl\/wp-content\/uploads\/2023\/08\/DSC_0178-768x512.jpg 768w, https:\/\/turysta2.pttk.pl\/wp-content\/uploads\/2023\/08\/DSC_0178-1536x1024.jpg 1536w, https:\/\/turysta2.pttk.pl\/wp-content\/uploads\/2023\/08\/DSC_0178-2048x1365.jpg 2048w\" sizes=\"auto, (max-width: 300px) 100vw, 300px\" \/><\/a><p id=\"caption-attachment-29659\" class=\"wp-caption-text\">Rodzinny udzia\u0142 w rajdzie - pami\u0105tkowe zdj\u0119cie Oskara z mam\u0105<\/p><\/div>\n<div id=\"attachment_29665\" style=\"width: 310px\" class=\"wp-caption alignleft\"><a href=\"https:\/\/turysta2.pttk.pl\/wp-content\/uploads\/2023\/08\/DSC_0274-scaled.jpg\"><img loading=\"lazy\" decoding=\"async\" aria-describedby=\"caption-attachment-29665\" class=\"wp-image-29665 size-medium\" src=\"https:\/\/turysta2.pttk.pl\/wp-content\/uploads\/2023\/08\/DSC_0274-300x200.jpg\" alt=\"\" width=\"300\" height=\"200\" srcset=\"https:\/\/turysta2.pttk.pl\/wp-content\/uploads\/2023\/08\/DSC_0274-300x200.jpg 300w, https:\/\/turysta2.pttk.pl\/wp-content\/uploads\/2023\/08\/DSC_0274-1024x683.jpg 1024w, https:\/\/turysta2.pttk.pl\/wp-content\/uploads\/2023\/08\/DSC_0274-768x512.jpg 768w, https:\/\/turysta2.pttk.pl\/wp-content\/uploads\/2023\/08\/DSC_0274-1536x1024.jpg 1536w, https:\/\/turysta2.pttk.pl\/wp-content\/uploads\/2023\/08\/DSC_0274-2048x1365.jpg 2048w\" sizes=\"auto, (max-width: 300px) 100vw, 300px\" \/><\/a><p id=\"caption-attachment-29665\" class=\"wp-caption-text\">Uroczyste podsumowanie Projektu \u201eRajdy dla Frajdy\u201d \u2013 wr\u0119czenia puchar\u00f3w i dyplom\u00f3w dla szk\u00f3\u0142<\/p><\/div>\n<div id=\"attachment_29609\" style=\"width: 310px\" class=\"wp-caption alignleft\"><a href=\"https:\/\/turysta2.pttk.pl\/wp-content\/uploads\/2023\/08\/5-fot.-Alicja-Kuziemska-Machnicka-scaled.jpg\"><img loading=\"lazy\" decoding=\"async\" aria-describedby=\"caption-attachment-29609\" class=\"wp-image-29609 size-medium\" src=\"https:\/\/turysta2.pttk.pl\/wp-content\/uploads\/2023\/08\/5-fot.-Alicja-Kuziemska-Machnicka-300x200.jpg\" alt=\"\" width=\"300\" height=\"200\" srcset=\"https:\/\/turysta2.pttk.pl\/wp-content\/uploads\/2023\/08\/5-fot.-Alicja-Kuziemska-Machnicka-300x200.jpg 300w, https:\/\/turysta2.pttk.pl\/wp-content\/uploads\/2023\/08\/5-fot.-Alicja-Kuziemska-Machnicka-1024x683.jpg 1024w, https:\/\/turysta2.pttk.pl\/wp-content\/uploads\/2023\/08\/5-fot.-Alicja-Kuziemska-Machnicka-768x512.jpg 768w, https:\/\/turysta2.pttk.pl\/wp-content\/uploads\/2023\/08\/5-fot.-Alicja-Kuziemska-Machnicka-1536x1024.jpg 1536w, https:\/\/turysta2.pttk.pl\/wp-content\/uploads\/2023\/08\/5-fot.-Alicja-Kuziemska-Machnicka-2048x1365.jpg 2048w\" sizes=\"auto, (max-width: 300px) 100vw, 300px\" \/><\/a><p id=\"caption-attachment-29609\" class=\"wp-caption-text\">Uczestnicy rajdu pieszego na trasie w Parku Miejskim<\/p><\/div>\n<div id=\"attachment_29611\" style=\"width: 310px\" class=\"wp-caption alignleft\"><a href=\"https:\/\/turysta2.pttk.pl\/wp-content\/uploads\/2023\/08\/4-fot.-Alicja-Kuziemska-Machnicka-scaled.jpg\"><img loading=\"lazy\" decoding=\"async\" aria-describedby=\"caption-attachment-29611\" class=\"wp-image-29611 size-medium\" src=\"https:\/\/turysta2.pttk.pl\/wp-content\/uploads\/2023\/08\/4-fot.-Alicja-Kuziemska-Machnicka-300x200.jpg\" alt=\"\" width=\"300\" height=\"200\" srcset=\"https:\/\/turysta2.pttk.pl\/wp-content\/uploads\/2023\/08\/4-fot.-Alicja-Kuziemska-Machnicka-300x200.jpg 300w, https:\/\/turysta2.pttk.pl\/wp-content\/uploads\/2023\/08\/4-fot.-Alicja-Kuziemska-Machnicka-1024x683.jpg 1024w, https:\/\/turysta2.pttk.pl\/wp-content\/uploads\/2023\/08\/4-fot.-Alicja-Kuziemska-Machnicka-768x512.jpg 768w, https:\/\/turysta2.pttk.pl\/wp-content\/uploads\/2023\/08\/4-fot.-Alicja-Kuziemska-Machnicka-1536x1024.jpg 1536w, https:\/\/turysta2.pttk.pl\/wp-content\/uploads\/2023\/08\/4-fot.-Alicja-Kuziemska-Machnicka-2048x1365.jpg 2048w\" sizes=\"auto, (max-width: 300px) 100vw, 300px\" \/><\/a><p id=\"caption-attachment-29611\" class=\"wp-caption-text\">Cz\u0142onkowie SKKT-PTTK nr 61 \u201eSznur\u00f3wki\u201d z pucharem za pomys\u0142 i koordynacj\u0119 \u201eRajd\u00f3w dla Frajdy\u201d. Na drugim planie Pan Piotr \u0141ukiewski \u2013 prezes Oddzia\u0142u PTTK im. ks. pp\u0142k. dr. W\u0142adys\u0142awa \u0141\u0119gi w Grudzi\u0105dzu oraz pan \u0141ukasz Fr\u0105cek z Wydzia\u0142u Kultury i Sportu Urz\u0119du Miejskiego w Grudzi\u0105dzu<\/p><\/div>\n<div id=\"attachment_29613\" style=\"width: 310px\" class=\"wp-caption alignleft\"><a href=\"https:\/\/turysta2.pttk.pl\/wp-content\/uploads\/2023\/08\/3-fot.-Alicja-Kuziemska-Machnicka-scaled.jpg\"><img loading=\"lazy\" decoding=\"async\" aria-describedby=\"caption-attachment-29613\" class=\"wp-image-29613 size-medium\" src=\"https:\/\/turysta2.pttk.pl\/wp-content\/uploads\/2023\/08\/3-fot.-Alicja-Kuziemska-Machnicka-300x200.jpg\" alt=\"\" width=\"300\" height=\"200\" srcset=\"https:\/\/turysta2.pttk.pl\/wp-content\/uploads\/2023\/08\/3-fot.-Alicja-Kuziemska-Machnicka-300x200.jpg 300w, https:\/\/turysta2.pttk.pl\/wp-content\/uploads\/2023\/08\/3-fot.-Alicja-Kuziemska-Machnicka-1024x683.jpg 1024w, https:\/\/turysta2.pttk.pl\/wp-content\/uploads\/2023\/08\/3-fot.-Alicja-Kuziemska-Machnicka-768x512.jpg 768w, https:\/\/turysta2.pttk.pl\/wp-content\/uploads\/2023\/08\/3-fot.-Alicja-Kuziemska-Machnicka-1536x1024.jpg 1536w, https:\/\/turysta2.pttk.pl\/wp-content\/uploads\/2023\/08\/3-fot.-Alicja-Kuziemska-Machnicka-2048x1365.jpg 2048w\" sizes=\"auto, (max-width: 300px) 100vw, 300px\" \/><\/a><p id=\"caption-attachment-29613\" class=\"wp-caption-text\">Wsp\u00f3lny posi\u0142ek uczestnik\u00f3w rajdu pieszego<\/p><\/div>\n<p>&nbsp;<\/p>\n<p>&nbsp;<\/p>\n","protected":false},"excerpt":{"rendered":"Gdyby tak wznieci\u0107 w\u015br\u00f3d m\u0142odych ludzi mi\u0142o\u015b\u0107 do turystyki, pobudza\u0107 ich naturaln\u0105 ch\u0119\u0107 poznawania tego co pi\u0119kne, wyrusza\u0107 z nimi w trasy fascynuj\u0105ce i ciekawe. Gdyby tak pokaza\u0107 im magi\u0119 miejsc bliskich i dobrze im znanych. Gdyby tak dzieli\u0107 si\u0119 krajoznawcz\u0105 pasj\u0105 z m\u0142odym pokoleniem mi\u0142o\u015bnik\u00f3w turystyki pieszej\u2026 Ta my\u015bl zrodzi\u0142a pomys\u0142 na Projekt \u201eRajdy dla Frajdy\u201d. Niespe\u0142na 1000 mi\u0142o\u015bnik\u00f3w&nbsp;<a href=\"https:\/\/turysta2.pttk.pl\/?p=29583\" class=\"read-more\">Continue Reading<\/a>","protected":false},"author":12,"featured_media":29585,"comment_status":"closed","ping_status":"closed","sticky":false,"template":"","format":"standard","meta":{"footnotes":""},"categories":[73],"tags":[],"class_list":["post-29583","post","type-post","status-publish","format-standard","has-post-thumbnail","hentry","category-turystyka-srodowiskowa","cat-73-id"],"aioseo_notices":[],"_links":{"self":[{"href":"https:\/\/turysta2.pttk.pl\/index.php?rest_route=\/wp\/v2\/posts\/29583","targetHints":{"allow":["GET"]}}],"collection":[{"href":"https:\/\/turysta2.pttk.pl\/index.php?rest_route=\/wp\/v2\/posts"}],"about":[{"href":"https:\/\/turysta2.pttk.pl\/index.php?rest_route=\/wp\/v2\/types\/post"}],"author":[{"embeddable":true,"href":"https:\/\/turysta2.pttk.pl\/index.php?rest_route=\/wp\/v2\/users\/12"}],"replies":[{"embeddable":true,"href":"https:\/\/turysta2.pttk.pl\/index.php?rest_route=%2Fwp%2Fv2%2Fcomments&post=29583"}],"version-history":[{"count":16,"href":"https:\/\/turysta2.pttk.pl\/index.php?rest_route=\/wp\/v2\/posts\/29583\/revisions"}],"predecessor-version":[{"id":29701,"href":"https:\/\/turysta2.pttk.pl\/index.php?rest_route=\/wp\/v2\/posts\/29583\/revisions\/29701"}],"wp:featuredmedia":[{"embeddable":true,"href":"https:\/\/turysta2.pttk.pl\/index.php?rest_route=\/wp\/v2\/media\/29585"}],"wp:attachment":[{"href":"https:\/\/turysta2.pttk.pl\/index.php?rest_route=%2Fwp%2Fv2%2Fmedia&parent=29583"}],"wp:term":[{"taxonomy":"category","embeddable":true,"href":"https:\/\/turysta2.pttk.pl\/index.php?rest_route=%2Fwp%2Fv2%2Fcategories&post=29583"},{"taxonomy":"post_tag","embeddable":true,"href":"https:\/\/turysta2.pttk.pl\/index.php?rest_route=%2Fwp%2Fv2%2Ftags&post=29583"}],"curies":[{"name":"wp","href":"https:\/\/api.w.org\/{rel}","templated":true}]}}