{"id":29451,"date":"2023-08-02T14:36:16","date_gmt":"2023-08-02T12:36:16","guid":{"rendered":"https:\/\/turysta2.pttk.pl\/?p=29451"},"modified":"2023-08-02T14:52:37","modified_gmt":"2023-08-02T12:52:37","slug":"swiat-mariana-kowalskiego","status":"publish","type":"post","link":"https:\/\/turysta2.pttk.pl\/?p=29451","title":{"rendered":"\u015awiat Mariana Kowalskiego"},"content":{"rendered":"<p><strong><em>Ma\u0142e Muzeum u Kowalskich, zapraszamy wszystkich \u2013 <\/em><\/strong><strong>wita go\u015bci napis na bramie. A \u017cegnaj\u0105 s\u0142owa: <em>Zachowaj to w sercu. <\/em>Wizyta u Mariana Kowalskiego, entuzjasty, kt\u00f3ry z wielkim uporem i wytrwa\u0142o\u015bci\u0105 od przesz\u0142o 60 lat propaguje na Dolnym \u015al\u0105sku kultur\u0119 ludow\u0105, z pewno\u015bci\u0105 d\u0142ugo pozostanie w pami\u0119ci.<br \/>\n<\/strong>Marian Kowalski wybudowa\u0142 pierwszy obiekt obok domu na swojej 47-hektarowej dzia\u0142ce w Marcinowie w gminie Trzebnica. Kolekcjoner zamieni\u0142 si\u0119 w murarza, dekarza i cie\u015bl\u0119. Aby przygotowa\u0107 pomieszczenie muzealne, dojazd czy p\u0142oty, przerzuci\u0142 w\u0142asnor\u0119cznie 360 ton ziemi! Wykona\u0142 te\u017c wszystkie misterne ozdoby, kt\u00f3re nadaj\u0105 niepowtarzalny charakter temu ma\u0142emu prywatnemu muzeum ludowemu. Dopracowany jest tu ka\u017cdy szczeg\u00f3\u0142. Za budynkiem z izbami wype\u0142nionymi ponad 5 tysi\u0105cami eksponat\u00f3w znajduje si\u0119 skansen maszyn rolniczych.<\/p>\n<p><strong>Dzieci\u0144stwo i m\u0142odo\u015b\u0107<\/strong><\/p>\n<p>Pan Marian urodzi\u0142 si\u0119 2 sierpnia 1938 roku w Warszawie (a faktycznie 2 lipca 1937 roku \u2013 b\u0142\u0119dnie zosta\u0142 wype\u0142niony formularz w ko\u015bciele). Matka, Rozalia, pochodzi\u0142a z Kurpi, a ojciec, te\u017c Marian, z Warszawy. W 1943 roku Niemcy aresztowali ojca, zosta\u0142 przewieziony do Auschwitz i tam zgin\u0105\u0142. Rok p\u00f3\u017aniej zgin\u0119\u0142a te\u017c starsza, 7-letnia siostra, Irena. Ch\u0142opiec zosta\u0142 sam z matk\u0105, musieli ucieka\u0107. W sierpniu 1945 roku przeprowadzili si\u0119 do Wroc\u0142awia, gdzie mieszkali przez pi\u0119\u0107 lat. Matka Mariana Kowalskiego kocha\u0142a przyrod\u0119, ziemi\u0119 i koniecznie chcia\u0142a zamieszka\u0107 z dala od wielkich miast. Przenie\u015bli si\u0119 wi\u0119c najpierw do Trzebnicy, a nast\u0119pnie w 1950 roku do Marcinowa, do domu odziedziczonego po staruszce, kt\u00f3r\u0105 si\u0119 opiekowali.<\/p>\n<p>Ta wie\u015b r\u00f3\u017cni\u0142a si\u0119 od tych, kt\u00f3re zachowa\u0142 we wspomnieniach z dzieci\u0144stwa. Mieszka\u0144cy pochodzili z r\u00f3\u017cnych region\u00f3w, u\u017cywali przywiezionych ze sob\u0105 sprz\u0119t\u00f3w i narz\u0119dzi rolniczych, nosili rozmaite stroje. Stopniowo repatrianci, reemigranci i osadnicy zacz\u0119li stapia\u0107 si\u0119 w jednorodn\u0105 dolno\u015bl\u0105sk\u0105 ludno\u015b\u0107. Wp\u0142yw miasta przyspiesza\u0142 standaryzacj\u0119 kultury materialnej. Widz\u0105c post\u0119puj\u0105ce zmiany, ulepszenia techniczno-cywilizacyjne, nios\u0105ce nieuniknione odchodzenie od przedmiot\u00f3w tradycyjnych, Marian Kowalski postanowi\u0142 ratowa\u0107 gin\u0105ce zabytki.<\/p>\n<p>Sk\u0105d u rodowitego warszawiaka pasja zbierania wszelkiego rodzaju wiejskich staroci? Niewykluczone, \u017ce wszystko zacz\u0119\u0142o si\u0119 jeszcze w czasie wojny, kt\u00f3ra rzuci\u0142a go wraz z rodzin\u0105 na kurpiowsk\u0105 wie\u015b. Jako dziecko zetkn\u0105\u0142 si\u0119 z \u017cyciem, prac\u0105 i kultur\u0105 tamtejszych mieszka\u0144c\u00f3w. By\u0107 mo\u017ce to w\u0142a\u015bnie folklor Puszczy Zielonej rozbudzi\u0142 w wyobra\u017ani wra\u017cliwego ch\u0142opca zainteresowanie kultur\u0105 ludow\u0105. Co\u015b, co zosta\u0142o w nim na ca\u0142e \u017cycie.<\/p>\n<p><strong>Miara sukcesu<\/strong><\/p>\n<p>Od kilkudziesi\u0119ciu lat Marian Kowalski przeczesuje wiejskie strychy, stodo\u0142y, obory, stajnie, ch\u0142opskie obej\u015bcia w poszukiwaniu przer\u00f3\u017cnych przedmiot\u00f3w, kt\u00f3re wychodz\u0105 ju\u017c z u\u017cycia albo o kt\u00f3rych dawno zapomniano. Potem sam wszystko naprawia i konserwuje, stara si\u0119 uchroni\u0107 przed zatraceniem rzeczy wa\u017cne dla naszej kultury, folkloru. Zgromadzi\u0142 w ten spos\u00f3b ogromny zbi\u00f3r wiejskich narz\u0119dzi i naczy\u0144. W muzeum s\u0105 meble, \u017celazka, lampy naftowe, zegary, lalki oraz w\u00f3zki dzieci\u0119ce. Nie brak nawet sprz\u0119tu stra\u017cackiego, maszyn wojskowych oraz kolekcji broni.<\/p>\n<p>Marian Kowalski swoje \u017cycie ocenia jako sukces, m\u00f3wi: <em>spe\u0142ni\u0142y si\u0119 moje marzenia<\/em>. Przechowuje na pami\u0105tk\u0119 wycinki gazet, dyplomy i listy z podzi\u0119kowaniami od turyst\u00f3w. Cieszy si\u0119, gdy jego trud w ratowaniu chocia\u017c u\u0142amka kultury zostaje dostrze\u017cony i doceniony. Tak pisze o tym w swoich wierszu:<\/p>\n<p><strong><em><u>\u00a0Zap\u0142ata<\/u><\/em><\/strong><\/p>\n<p><em>Dostrzec prace ludzi \u2013 pi\u0119kna to cecha!<br \/>\n<\/em><em>Ujrze\u0107 pi\u0119kno tej pracy \u2013 cenna zaleta!<br \/>\n<\/em><em>Stworzy\u0107 samemu dzie\u0142o \u2013 ci\u0119\u017cka to praca!<br \/>\n<\/em><em>Ochroni\u0107 to wszystko \u2013 to w\u0142a\u015bnie zap\u0142ata!<\/em><\/p>\n<p>O sukcesie pana Mariana \u015bwiadczy nie tylko to, \u017ce rocznie jego muzeum odwiedza 5\u20136 tysi\u0119cy os\u00f3b nie tylko z Polski, ale z ca\u0142ej Europy \u2013 grupy, indywidualni tury\u015bci, wycieczki szkolne (zdarzy\u0142o si\u0119, \u017ce jednorazowo oprowadza\u0142 250 uczni\u00f3w!). Od 1982 roku by\u0142o u niego 460 tys. go\u015bci! Marian Kowalski otrzyma\u0142 w 2002 roku Nagrod\u0119 im. Oskara Kolberga \u2013 to najstarsze i najwa\u017cniejsze wyr\u00f3\u017cnienie w dziedzinie kultury tradycyjnej w Polsce, przyznawane przez ministra kultury i dziedzictwa narodowego. W 2005 roku zosta\u0142 odznaczony Krzy\u017cem Kawalerskim Orderu Odrodzenia Polski.<\/p>\n<p>Marian Kowalski to nie tylko w\u0142a\u015bciciel bogatej kolekcji etnograficznej. Od wielu lat jest te\u017c czynnym muzykiem, za\u0142o\u017cycielem kapeli ludowej \u201eMarciny\u201d, dla kt\u00f3rej pisze teksty i komponuje muzyk\u0119. Gra przede wszystkim na akordeonie, ale tak\u017ce na perkusji, saksofonie, kontrabasie i klarnecie. I \u015bpiewa z optymizmem:<\/p>\n<p><em>Marcinowskim polem ma\u0142a rzeczka p\u0142ynie<br \/>\n<\/em><em>ludowa muzyka nigdy nie zaginie!<\/em><\/p>\n<p><strong><em>Tekst<\/em><\/strong><strong> Jerzy Maciejewski<br \/>\n<\/strong><strong><em>Zdj\u0119cia<\/em><\/strong><strong> Krzysztof Maciejewski<\/strong><\/p>\n<div id=\"attachment_29501\" style=\"width: 310px\" class=\"wp-caption alignleft\"><a href=\"https:\/\/turysta2.pttk.pl\/wp-content\/uploads\/2023\/08\/3.-fot.-Krzysztof-Maciejewski-1.jpg\"><img loading=\"lazy\" decoding=\"async\" aria-describedby=\"caption-attachment-29501\" class=\"wp-image-29501 size-medium\" src=\"https:\/\/turysta2.pttk.pl\/wp-content\/uploads\/2023\/08\/3.-fot.-Krzysztof-Maciejewski-1-300x221.jpg\" alt=\"\" width=\"300\" height=\"221\" srcset=\"https:\/\/turysta2.pttk.pl\/wp-content\/uploads\/2023\/08\/3.-fot.-Krzysztof-Maciejewski-1-300x221.jpg 300w, https:\/\/turysta2.pttk.pl\/wp-content\/uploads\/2023\/08\/3.-fot.-Krzysztof-Maciejewski-1-1024x755.jpg 1024w, https:\/\/turysta2.pttk.pl\/wp-content\/uploads\/2023\/08\/3.-fot.-Krzysztof-Maciejewski-1-768x566.jpg 768w, https:\/\/turysta2.pttk.pl\/wp-content\/uploads\/2023\/08\/3.-fot.-Krzysztof-Maciejewski-1-1536x1133.jpg 1536w, https:\/\/turysta2.pttk.pl\/wp-content\/uploads\/2023\/08\/3.-fot.-Krzysztof-Maciejewski-1.jpg 2008w\" sizes=\"auto, (max-width: 300px) 100vw, 300px\" \/><\/a><p id=\"caption-attachment-29501\" class=\"wp-caption-text\">Ta izba zosta\u0142a nazwana \u201eSal\u0105 zacisza domowego\u201d<\/p><\/div>\n<div id=\"attachment_29513\" style=\"width: 310px\" class=\"wp-caption alignleft\"><a href=\"https:\/\/turysta2.pttk.pl\/wp-content\/uploads\/2023\/08\/9.-fot.-krzysztof-Maciejewski-1.jpg\"><img loading=\"lazy\" decoding=\"async\" aria-describedby=\"caption-attachment-29513\" class=\"wp-image-29513 size-medium\" src=\"https:\/\/turysta2.pttk.pl\/wp-content\/uploads\/2023\/08\/9.-fot.-krzysztof-Maciejewski-1-300x234.jpg\" alt=\"\" width=\"300\" height=\"234\" srcset=\"https:\/\/turysta2.pttk.pl\/wp-content\/uploads\/2023\/08\/9.-fot.-krzysztof-Maciejewski-1-300x234.jpg 300w, https:\/\/turysta2.pttk.pl\/wp-content\/uploads\/2023\/08\/9.-fot.-krzysztof-Maciejewski-1-1024x799.jpg 1024w, https:\/\/turysta2.pttk.pl\/wp-content\/uploads\/2023\/08\/9.-fot.-krzysztof-Maciejewski-1-768x599.jpg 768w, https:\/\/turysta2.pttk.pl\/wp-content\/uploads\/2023\/08\/9.-fot.-krzysztof-Maciejewski-1-1536x1198.jpg 1536w, https:\/\/turysta2.pttk.pl\/wp-content\/uploads\/2023\/08\/9.-fot.-krzysztof-Maciejewski-1.jpg 2008w\" sizes=\"auto, (max-width: 300px) 100vw, 300px\" \/><\/a><p id=\"caption-attachment-29513\" class=\"wp-caption-text\">Sala zegarowa<\/p><\/div>\n<div id=\"attachment_29503\" style=\"width: 310px\" class=\"wp-caption alignleft\"><a href=\"https:\/\/turysta2.pttk.pl\/wp-content\/uploads\/2023\/08\/4.-fot.-krzysztof-Maciejewski-2-1.jpg\"><img loading=\"lazy\" decoding=\"async\" aria-describedby=\"caption-attachment-29503\" class=\"wp-image-29503 size-medium\" src=\"https:\/\/turysta2.pttk.pl\/wp-content\/uploads\/2023\/08\/4.-fot.-krzysztof-Maciejewski-2-1-300x190.jpg\" alt=\"\" width=\"300\" height=\"190\" srcset=\"https:\/\/turysta2.pttk.pl\/wp-content\/uploads\/2023\/08\/4.-fot.-krzysztof-Maciejewski-2-1-300x190.jpg 300w, https:\/\/turysta2.pttk.pl\/wp-content\/uploads\/2023\/08\/4.-fot.-krzysztof-Maciejewski-2-1-1024x650.jpg 1024w, https:\/\/turysta2.pttk.pl\/wp-content\/uploads\/2023\/08\/4.-fot.-krzysztof-Maciejewski-2-1-768x487.jpg 768w, https:\/\/turysta2.pttk.pl\/wp-content\/uploads\/2023\/08\/4.-fot.-krzysztof-Maciejewski-2-1-1536x975.jpg 1536w, https:\/\/turysta2.pttk.pl\/wp-content\/uploads\/2023\/08\/4.-fot.-krzysztof-Maciejewski-2-1.jpg 2008w\" sizes=\"auto, (max-width: 300px) 100vw, 300px\" \/><\/a><p id=\"caption-attachment-29503\" class=\"wp-caption-text\">\u00a0Ta izba zosta\u0142a nazwana \u201eSal\u0105 zacisza domowego\u201d<\/p><\/div>\n<div id=\"attachment_29507\" style=\"width: 310px\" class=\"wp-caption alignleft\"><a href=\"https:\/\/turysta2.pttk.pl\/wp-content\/uploads\/2023\/08\/6.-fot.-Krzysztof-Maciejewski-1.jpg\"><img loading=\"lazy\" decoding=\"async\" aria-describedby=\"caption-attachment-29507\" class=\"wp-image-29507 size-medium\" src=\"https:\/\/turysta2.pttk.pl\/wp-content\/uploads\/2023\/08\/6.-fot.-Krzysztof-Maciejewski-1-300x214.jpg\" alt=\"\" width=\"300\" height=\"214\" srcset=\"https:\/\/turysta2.pttk.pl\/wp-content\/uploads\/2023\/08\/6.-fot.-Krzysztof-Maciejewski-1-300x214.jpg 300w, https:\/\/turysta2.pttk.pl\/wp-content\/uploads\/2023\/08\/6.-fot.-Krzysztof-Maciejewski-1-1024x730.jpg 1024w, https:\/\/turysta2.pttk.pl\/wp-content\/uploads\/2023\/08\/6.-fot.-Krzysztof-Maciejewski-1-768x548.jpg 768w, https:\/\/turysta2.pttk.pl\/wp-content\/uploads\/2023\/08\/6.-fot.-Krzysztof-Maciejewski-1-1536x1095.jpg 1536w, https:\/\/turysta2.pttk.pl\/wp-content\/uploads\/2023\/08\/6.-fot.-Krzysztof-Maciejewski-1.jpg 2008w\" sizes=\"auto, (max-width: 300px) 100vw, 300px\" \/><\/a><p id=\"caption-attachment-29507\" class=\"wp-caption-text\">W warsztacie tkackim powstawa\u0142y niegdy\u015b makatki, nakrycia na \u0142\u00f3\u017cko, p\u0142\u00f3tno lniane itp.<\/p><\/div>\n<div id=\"attachment_29509\" style=\"width: 310px\" class=\"wp-caption alignleft\"><a href=\"https:\/\/turysta2.pttk.pl\/wp-content\/uploads\/2023\/08\/7.-fot.-Krzysztof-Maciejewski-1-scaled.jpg\"><img loading=\"lazy\" decoding=\"async\" aria-describedby=\"caption-attachment-29509\" class=\"wp-image-29509 size-medium\" src=\"https:\/\/turysta2.pttk.pl\/wp-content\/uploads\/2023\/08\/7.-fot.-Krzysztof-Maciejewski-1-300x222.jpg\" alt=\"\" width=\"300\" height=\"222\" srcset=\"https:\/\/turysta2.pttk.pl\/wp-content\/uploads\/2023\/08\/7.-fot.-Krzysztof-Maciejewski-1-300x222.jpg 300w, https:\/\/turysta2.pttk.pl\/wp-content\/uploads\/2023\/08\/7.-fot.-Krzysztof-Maciejewski-1-1024x758.jpg 1024w, https:\/\/turysta2.pttk.pl\/wp-content\/uploads\/2023\/08\/7.-fot.-Krzysztof-Maciejewski-1-768x569.jpg 768w, https:\/\/turysta2.pttk.pl\/wp-content\/uploads\/2023\/08\/7.-fot.-Krzysztof-Maciejewski-1-1536x1137.jpg 1536w, https:\/\/turysta2.pttk.pl\/wp-content\/uploads\/2023\/08\/7.-fot.-Krzysztof-Maciejewski-1-2048x1517.jpg 2048w\" sizes=\"auto, (max-width: 300px) 100vw, 300px\" \/><\/a><p id=\"caption-attachment-29509\" class=\"wp-caption-text\">W muzealnej ku\u017ani wszystkie urz\u0105dzenia s\u0105 sprawne<\/p><\/div>\n<div id=\"attachment_29505\" style=\"width: 310px\" class=\"wp-caption alignleft\"><a href=\"https:\/\/turysta2.pttk.pl\/wp-content\/uploads\/2023\/08\/5.-fot.-krzysztof-Maciejewski-1.jpg\"><img loading=\"lazy\" decoding=\"async\" aria-describedby=\"caption-attachment-29505\" class=\"wp-image-29505 size-medium\" src=\"https:\/\/turysta2.pttk.pl\/wp-content\/uploads\/2023\/08\/5.-fot.-krzysztof-Maciejewski-1-300x223.jpg\" alt=\"\" width=\"300\" height=\"223\" srcset=\"https:\/\/turysta2.pttk.pl\/wp-content\/uploads\/2023\/08\/5.-fot.-krzysztof-Maciejewski-1-300x223.jpg 300w, https:\/\/turysta2.pttk.pl\/wp-content\/uploads\/2023\/08\/5.-fot.-krzysztof-Maciejewski-1-1024x760.jpg 1024w, https:\/\/turysta2.pttk.pl\/wp-content\/uploads\/2023\/08\/5.-fot.-krzysztof-Maciejewski-1-768x570.jpg 768w, https:\/\/turysta2.pttk.pl\/wp-content\/uploads\/2023\/08\/5.-fot.-krzysztof-Maciejewski-1-1536x1140.jpg 1536w, https:\/\/turysta2.pttk.pl\/wp-content\/uploads\/2023\/08\/5.-fot.-krzysztof-Maciejewski-1-200x150.jpg 200w, https:\/\/turysta2.pttk.pl\/wp-content\/uploads\/2023\/08\/5.-fot.-krzysztof-Maciejewski-1.jpg 2008w\" sizes=\"auto, (max-width: 300px) 100vw, 300px\" \/><\/a><p id=\"caption-attachment-29505\" class=\"wp-caption-text\">Do \u015bciany dawnej obory dobudowano wiat\u0119, w kt\u00f3rej znajduj\u0105 si\u0119 zbiory zwi\u0105zane z ko\u0144mi i zaprz\u0119gami<\/p><\/div>\n<div id=\"attachment_29511\" style=\"width: 310px\" class=\"wp-caption alignleft\"><a href=\"https:\/\/turysta2.pttk.pl\/wp-content\/uploads\/2023\/08\/8.-fot.-Krzysztof-Maciejewski.jpg\"><img loading=\"lazy\" decoding=\"async\" aria-describedby=\"caption-attachment-29511\" class=\"wp-image-29511 size-medium\" src=\"https:\/\/turysta2.pttk.pl\/wp-content\/uploads\/2023\/08\/8.-fot.-Krzysztof-Maciejewski-300x202.jpg\" alt=\"\" width=\"300\" height=\"202\" srcset=\"https:\/\/turysta2.pttk.pl\/wp-content\/uploads\/2023\/08\/8.-fot.-Krzysztof-Maciejewski-300x202.jpg 300w, https:\/\/turysta2.pttk.pl\/wp-content\/uploads\/2023\/08\/8.-fot.-Krzysztof-Maciejewski-1024x689.jpg 1024w, https:\/\/turysta2.pttk.pl\/wp-content\/uploads\/2023\/08\/8.-fot.-Krzysztof-Maciejewski-768x517.jpg 768w, https:\/\/turysta2.pttk.pl\/wp-content\/uploads\/2023\/08\/8.-fot.-Krzysztof-Maciejewski-1536x1034.jpg 1536w, https:\/\/turysta2.pttk.pl\/wp-content\/uploads\/2023\/08\/8.-fot.-Krzysztof-Maciejewski.jpg 2008w\" sizes=\"auto, (max-width: 300px) 100vw, 300px\" \/><\/a><p id=\"caption-attachment-29511\" class=\"wp-caption-text\">W izbie zwi\u0105zanej z pieczeniem chleba wyeksponowano piec, \u017carna, a tak\u017ce maj\u0105cy 2 tysi\u0105ce lat mo\u017adzierz!<\/p><\/div>\n<p>&nbsp;<\/p>\n","protected":false},"excerpt":{"rendered":"Ma\u0142e Muzeum u Kowalskich, zapraszamy wszystkich \u2013 wita go\u015bci napis na bramie. A \u017cegnaj\u0105 s\u0142owa: Zachowaj to w sercu. Wizyta u Mariana Kowalskiego, entuzjasty, kt\u00f3ry z wielkim uporem i wytrwa\u0142o\u015bci\u0105 od przesz\u0142o 60 lat propaguje na Dolnym \u015al\u0105sku kultur\u0119 ludow\u0105, z pewno\u015bci\u0105 d\u0142ugo pozostanie w pami\u0119ci. Marian Kowalski wybudowa\u0142 pierwszy obiekt obok domu na swojej 47-hektarowej dzia\u0142ce w Marcinowie w&nbsp;<a href=\"https:\/\/turysta2.pttk.pl\/?p=29451\" class=\"read-more\">Continue Reading<\/a>","protected":false},"author":12,"featured_media":29463,"comment_status":"closed","ping_status":"closed","sticky":false,"template":"","format":"standard","meta":{"footnotes":""},"categories":[1],"tags":[],"class_list":["post-29451","post","type-post","status-publish","format-standard","has-post-thumbnail","hentry","category-bez-kategorii","cat-1-id"],"aioseo_notices":[],"_links":{"self":[{"href":"https:\/\/turysta2.pttk.pl\/index.php?rest_route=\/wp\/v2\/posts\/29451","targetHints":{"allow":["GET"]}}],"collection":[{"href":"https:\/\/turysta2.pttk.pl\/index.php?rest_route=\/wp\/v2\/posts"}],"about":[{"href":"https:\/\/turysta2.pttk.pl\/index.php?rest_route=\/wp\/v2\/types\/post"}],"author":[{"embeddable":true,"href":"https:\/\/turysta2.pttk.pl\/index.php?rest_route=\/wp\/v2\/users\/12"}],"replies":[{"embeddable":true,"href":"https:\/\/turysta2.pttk.pl\/index.php?rest_route=%2Fwp%2Fv2%2Fcomments&post=29451"}],"version-history":[{"count":8,"href":"https:\/\/turysta2.pttk.pl\/index.php?rest_route=\/wp\/v2\/posts\/29451\/revisions"}],"predecessor-version":[{"id":29467,"href":"https:\/\/turysta2.pttk.pl\/index.php?rest_route=\/wp\/v2\/posts\/29451\/revisions\/29467"}],"wp:featuredmedia":[{"embeddable":true,"href":"https:\/\/turysta2.pttk.pl\/index.php?rest_route=\/wp\/v2\/media\/29463"}],"wp:attachment":[{"href":"https:\/\/turysta2.pttk.pl\/index.php?rest_route=%2Fwp%2Fv2%2Fmedia&parent=29451"}],"wp:term":[{"taxonomy":"category","embeddable":true,"href":"https:\/\/turysta2.pttk.pl\/index.php?rest_route=%2Fwp%2Fv2%2Fcategories&post=29451"},{"taxonomy":"post_tag","embeddable":true,"href":"https:\/\/turysta2.pttk.pl\/index.php?rest_route=%2Fwp%2Fv2%2Ftags&post=29451"}],"curies":[{"name":"wp","href":"https:\/\/api.w.org\/{rel}","templated":true}]}}