{"id":29293,"date":"2023-08-02T13:01:21","date_gmt":"2023-08-02T11:01:21","guid":{"rendered":"https:\/\/turysta2.pttk.pl\/?p=29293"},"modified":"2023-08-02T13:07:16","modified_gmt":"2023-08-02T11:07:16","slug":"jubileuszowy-zlot-na-warmii","status":"publish","type":"post","link":"https:\/\/turysta2.pttk.pl\/?p=29293","title":{"rendered":"Jubileuszowy zlot na Warmii"},"content":{"rendered":"<p><strong>Atrakcje Warmii i Szlaku Kopernikowskiego mogli pozna\u0107 uczestnicy XXV Og\u00f3lnopolskiego Nizinnego Zlotu Przewodnik\u00f3w PTTK. Odby\u0142 si\u0119 on w dniach 20\u201323 kwietnia br. i po\u0142\u0105czony by\u0142 z jubileuszem (obchodzonym z rocznym op\u00f3\u017anieniem) 70-lecia Ko\u0142a Przewodnik\u00f3w w Olsztynie.<\/strong><\/p>\n<p>Uroczysto\u015bci jubileuszowe odby\u0142y si\u0119 pod kopu\u0142\u0105 olszty\u0144skiego Planetarium, a okoliczno\u015bciowe spotkanie integruj\u0105ce go\u015bci i gospodarzy w jednym z olszty\u0144skich lokali. Cieszy\u0142a nas liczna reprezentacja przewodnik\u00f3w z ca\u0142ej Polski.<\/p>\n<p>Przewodnicy z naszego regionu zaprosili Kole\u017canki i Koleg\u00f3w na Warmi\u0119 nie bez przyczyny. W bie\u017c\u0105cym roku obchodzimy 550. rocznic\u0119 urodzin Miko\u0142aja Kopernika, kt\u00f3ry wprawdzie urodzi\u0142 si\u0119 w Toruniu, ale niemal ca\u0142e doros\u0142e \u017cycie mieszka\u0142 i pracowa\u0142 na Warmii \u2013 w Lidzbarku Warmi\u0144skim, Olsztynie i Fromborku, w kt\u00f3rym jest pochowany. Chcieli\u015bmy wi\u0119c pokaza\u0107 t\u0119 ziemi\u0119\u00a0 ciekawie i z wielu stron. W\u0142a\u015bnie z tego powodu drugi dzie\u0144 przebieg\u0142 pod has\u0142em \u201eOlsztyn aktywnie\u201d. Ka\u017cdy uczestnik mia\u0142 wyb\u00f3r: mo\u017cna by\u0142o wzi\u0105\u0107 udzia\u0142 w sp\u0142ywie kajakowym rzek\u0105 \u0141yn\u0105 przez miasto, rajdzie rowerowym dooko\u0142a najwi\u0119kszego olszty\u0144skiego jeziora Ukiel lub p\u00f3j\u015b\u0107 na rajd pieszy, poznaj\u0105c las miejski i nadjeziorne tereny rekreacyjne miasta. Oczywi\u015bcie uczestnicy poznali te\u017c zabytki Starego Miasta i Zamek Kapitu\u0142y Warmi\u0144skiej z jedynym na \u015bwiecie istniej\u0105cym urz\u0105dzeniem obserwacyjnym u\u017cywanym przez Kopernika. Spacer obejmowa\u0142 r\u00f3wnie\u017c nowsze dzielnice miasta i odbywa\u0142 si\u0119 pod has\u0142em \u201eOlsztyn belle \u00e9poque\u201d .<\/p>\n<p>Kolejny dzie\u0144 zlotu r\u00f3wnie\u017c obfitowa\u0142 w wiele atrakcji. Pokazali\u015bmy naszym go\u015bciom Lidzbark Warmi\u0144ski z powstaj\u0105cym uzdrowiskiem, po kt\u00f3rym oprowadzi\u0142 nas burmistrz miasta, Jacek Wi\u015bniowski. Odwiedzili\u015bmy pot\u0119\u017cny lidzbarski zamek biskup\u00f3w warmi\u0144skich.<\/p>\n<p>Nast\u0119pnym celem podr\u00f3\u017cy by\u0142 Frombork. W ostatnich latach to warmi\u0144skie miasto wzbogaci\u0142o si\u0119 o kilka nowych atrakcji (<em>pisali\u015bmy o tym w 1(9)\/2023 numerze \u201eTurysty\u201d<\/em>). Zachwyt wzbudzi\u0142 Nowy Pa\u0142ac Biskupi z pi\u0119knymi piecami kaflowymi z po\u0142owy XIX wieku i pi\u0119knie odrestaurowanym wyposa\u017ceniem. Na poddaszu katedry udost\u0119pnionym do zwiedzania w tym roku mo\u017cna podziwia\u0107 pot\u0119\u017cn\u0105 konstrukcj\u0119 dachu i historyczn\u0105 wystaw\u0119. Z Wie\u017cy Radziejowskiego podziwiali\u015bmy widok na Zalew Wi\u015blany i Wzg\u00f3rze Katedralne g\u00f3ruj\u0105ce nad miastem. Szczeg\u00f3ln\u0105 niespodziank\u0105 by\u0142o uczestnictwo, po zwiedzeniu katedry, w koncercie na ch\u00f3r i organy, kt\u00f3ry by\u0142 elementem obrony doktoratu katedralnego organisty, Marka Rogalskiego. Do Olsztyna wr\u00f3cili\u015bmy p\u00f3\u017an\u0105 noc\u0105.<\/p>\n<p>Wiele miasteczek Warmii nale\u017cy do sieci CittaSlow grupuj\u0105cej miasta z ca\u0142ej Europy. Jednym z nich jest Barczewo, kt\u00f3re uczestnicy zlotu obejrzeli ostatniego dnia, w pi\u0119kne niedzielne przedpo\u0142udnie. W tym warmi\u0144skim miasteczku przyszed\u0142 na \u015bwiat tw\u00f3rca pie\u015bni Rota, Feliks Nowowiejski, zobaczyli\u015bmy wi\u0119c salonik muzyczny istniej\u0105cy w domu jego urodzenia, obejrzeli\u015bmy te\u017c liczne zabytki miasteczka, w tym trzy z pi\u0119ciu istniej\u0105cych \u015bwi\u0105ty\u0144. Niespodziank\u0119 sprawi\u0142 burmistrz Barczewa Andrzej Maciejewski, odwiedzaj\u0105c przewodnik\u00f3w w trakcie lunchu i wr\u0119czaj\u0105c drobne pami\u0105tki.<\/p>\n<p>Przez wszystkie dni zlotu dopisa\u0142a pogoda, program zrealizowali\u015bmy w pe\u0142ni. Dzi\u0119kujemy Kole\u017cankom i Kolegom za wizyt\u0119 na Warmii. Cieszymy si\u0119, \u017ce mogli\u015bmy Wam pokaza\u0107 t\u0119 ciekaw\u0105 krain\u0119.<\/p>\n<p>Organizatorami zlotu byli Oddzia\u0142 Warmi\u0144sko-Mazurski PTTK w Olsztynie, Ko\u0142o Przewodnik\u00f3w przy tym oddziale oraz Regionalny Samorz\u0105d Przewodnik\u00f3w.<\/p>\n<p><strong><em>Tekst<\/em> Marian Jurak<br \/>\n<\/strong>Przewodnik turystyczny, pasjonat turystyki rowerowej i kajakowej, dzia\u0142acz spo\u0142eczny i kulturalny Warmii i Mazur, cz\u0142onek w\u0142adz centralnych PTTK, prezes zarz\u0105du Oddzia\u0142u Warmi\u0144sko-Mazurskiego PTTK.<br \/>\n<strong><em>Zdj\u0119cia<\/em><\/strong><strong> Kazimierz Kisielew<\/strong><\/p>\n<div id=\"attachment_29311\" style=\"width: 310px\" class=\"wp-caption alignnone\"><a href=\"https:\/\/turysta2.pttk.pl\/wp-content\/uploads\/2023\/08\/3.-fot.-Kazimierz-Kisielew.jpg\"><img loading=\"lazy\" decoding=\"async\" aria-describedby=\"caption-attachment-29311\" class=\"wp-image-29311 size-medium\" src=\"https:\/\/turysta2.pttk.pl\/wp-content\/uploads\/2023\/08\/3.-fot.-Kazimierz-Kisielew-300x212.jpg\" alt=\"\" width=\"300\" height=\"212\" srcset=\"https:\/\/turysta2.pttk.pl\/wp-content\/uploads\/2023\/08\/3.-fot.-Kazimierz-Kisielew-300x212.jpg 300w, https:\/\/turysta2.pttk.pl\/wp-content\/uploads\/2023\/08\/3.-fot.-Kazimierz-Kisielew-1024x723.jpg 1024w, https:\/\/turysta2.pttk.pl\/wp-content\/uploads\/2023\/08\/3.-fot.-Kazimierz-Kisielew-768x542.jpg 768w, https:\/\/turysta2.pttk.pl\/wp-content\/uploads\/2023\/08\/3.-fot.-Kazimierz-Kisielew-1536x1084.jpg 1536w, https:\/\/turysta2.pttk.pl\/wp-content\/uploads\/2023\/08\/3.-fot.-Kazimierz-Kisielew.jpg 2008w\" sizes=\"auto, (max-width: 300px) 100vw, 300px\" \/><\/a><p id=\"caption-attachment-29311\" class=\"wp-caption-text\">Zwiedzanie ekspozycji na poddaszu katedry fromborskiej<\/p><\/div>\n<div id=\"attachment_29313\" style=\"width: 310px\" class=\"wp-caption alignnone\"><a href=\"https:\/\/turysta2.pttk.pl\/wp-content\/uploads\/2023\/08\/1.-fot.-Kazimierz-Kisielew.jpg\"><img loading=\"lazy\" decoding=\"async\" aria-describedby=\"caption-attachment-29313\" class=\"wp-image-29313 size-medium\" src=\"https:\/\/turysta2.pttk.pl\/wp-content\/uploads\/2023\/08\/1.-fot.-Kazimierz-Kisielew-300x199.jpg\" alt=\"\" width=\"300\" height=\"199\" srcset=\"https:\/\/turysta2.pttk.pl\/wp-content\/uploads\/2023\/08\/1.-fot.-Kazimierz-Kisielew-300x199.jpg 300w, https:\/\/turysta2.pttk.pl\/wp-content\/uploads\/2023\/08\/1.-fot.-Kazimierz-Kisielew-1024x680.jpg 1024w, https:\/\/turysta2.pttk.pl\/wp-content\/uploads\/2023\/08\/1.-fot.-Kazimierz-Kisielew-768x510.jpg 768w, https:\/\/turysta2.pttk.pl\/wp-content\/uploads\/2023\/08\/1.-fot.-Kazimierz-Kisielew-1536x1020.jpg 1536w, https:\/\/turysta2.pttk.pl\/wp-content\/uploads\/2023\/08\/1.-fot.-Kazimierz-Kisielew.jpg 2008w\" sizes=\"auto, (max-width: 300px) 100vw, 300px\" \/><\/a><p id=\"caption-attachment-29313\" class=\"wp-caption-text\">Burmistrz Lidzbarka Warmi\u0144skiego, Jacek Wi\u015bniowski, opowiada o zako\u0144czonej w\u0142a\u015bnie budowie t\u0119\u017cni solankowej<\/p><\/div>\n<div id=\"attachment_29315\" style=\"width: 310px\" class=\"wp-caption alignnone\"><a href=\"https:\/\/turysta2.pttk.pl\/wp-content\/uploads\/2023\/08\/2.-fot.-Kazimierz-Kisielew.jpg\"><img loading=\"lazy\" decoding=\"async\" aria-describedby=\"caption-attachment-29315\" class=\"wp-image-29315 size-medium\" src=\"https:\/\/turysta2.pttk.pl\/wp-content\/uploads\/2023\/08\/2.-fot.-Kazimierz-Kisielew-300x195.jpg\" alt=\"\" width=\"300\" height=\"195\" srcset=\"https:\/\/turysta2.pttk.pl\/wp-content\/uploads\/2023\/08\/2.-fot.-Kazimierz-Kisielew-300x195.jpg 300w, https:\/\/turysta2.pttk.pl\/wp-content\/uploads\/2023\/08\/2.-fot.-Kazimierz-Kisielew-1024x664.jpg 1024w, https:\/\/turysta2.pttk.pl\/wp-content\/uploads\/2023\/08\/2.-fot.-Kazimierz-Kisielew-768x498.jpg 768w, https:\/\/turysta2.pttk.pl\/wp-content\/uploads\/2023\/08\/2.-fot.-Kazimierz-Kisielew-1536x996.jpg 1536w, https:\/\/turysta2.pttk.pl\/wp-content\/uploads\/2023\/08\/2.-fot.-Kazimierz-Kisielew.jpg 2008w\" sizes=\"auto, (max-width: 300px) 100vw, 300px\" \/><\/a><p id=\"caption-attachment-29315\" class=\"wp-caption-text\">Spacer po le\u015bnych i nadjeziornych terenach rekreacyjnych Olsztyna<\/p><\/div>\n<div id=\"attachment_29317\" style=\"width: 310px\" class=\"wp-caption alignnone\"><a href=\"https:\/\/turysta2.pttk.pl\/wp-content\/uploads\/2023\/08\/4.-fot.-Kazimierz-Kisielew.jpg\"><img loading=\"lazy\" decoding=\"async\" aria-describedby=\"caption-attachment-29317\" class=\"wp-image-29317 size-medium\" src=\"https:\/\/turysta2.pttk.pl\/wp-content\/uploads\/2023\/08\/4.-fot.-Kazimierz-Kisielew-300x213.jpg\" alt=\"\" width=\"300\" height=\"213\" srcset=\"https:\/\/turysta2.pttk.pl\/wp-content\/uploads\/2023\/08\/4.-fot.-Kazimierz-Kisielew-300x213.jpg 300w, https:\/\/turysta2.pttk.pl\/wp-content\/uploads\/2023\/08\/4.-fot.-Kazimierz-Kisielew-1024x727.jpg 1024w, https:\/\/turysta2.pttk.pl\/wp-content\/uploads\/2023\/08\/4.-fot.-Kazimierz-Kisielew-768x545.jpg 768w, https:\/\/turysta2.pttk.pl\/wp-content\/uploads\/2023\/08\/4.-fot.-Kazimierz-Kisielew-1536x1091.jpg 1536w, https:\/\/turysta2.pttk.pl\/wp-content\/uploads\/2023\/08\/4.-fot.-Kazimierz-Kisielew.jpg 2008w\" sizes=\"auto, (max-width: 300px) 100vw, 300px\" \/><\/a><p id=\"caption-attachment-29317\" class=\"wp-caption-text\">U st\u00f3p bazyliki archikatedralnej pw. Wniebowzi\u0119cia Naj\u015bwi\u0119tszej Maryi Panny i \u015bw. Andrzeja we Fromborku<\/p><\/div>\n","protected":false},"excerpt":{"rendered":"Atrakcje Warmii i Szlaku Kopernikowskiego mogli pozna\u0107 uczestnicy XXV Og\u00f3lnopolskiego Nizinnego Zlotu Przewodnik\u00f3w PTTK. Odby\u0142 si\u0119 on w dniach 20\u201323 kwietnia br. i po\u0142\u0105czony by\u0142 z jubileuszem (obchodzonym z rocznym op\u00f3\u017anieniem) 70-lecia Ko\u0142a Przewodnik\u00f3w w Olsztynie. Uroczysto\u015bci jubileuszowe odby\u0142y si\u0119 pod kopu\u0142\u0105 olszty\u0144skiego Planetarium, a okoliczno\u015bciowe spotkanie integruj\u0105ce go\u015bci i gospodarzy w jednym z olszty\u0144skich lokali. Cieszy\u0142a nas liczna reprezentacja&nbsp;<a href=\"https:\/\/turysta2.pttk.pl\/?p=29293\" class=\"read-more\">Continue Reading<\/a>","protected":false},"author":13,"featured_media":29295,"comment_status":"closed","ping_status":"closed","sticky":false,"template":"","format":"standard","meta":{"footnotes":""},"categories":[73,41],"tags":[],"class_list":["post-29293","post","type-post","status-publish","format-standard","has-post-thumbnail","hentry","category-turystyka-srodowiskowa","category-turystyka-pttk","cat-73-id","cat-41-id"],"aioseo_notices":[],"_links":{"self":[{"href":"https:\/\/turysta2.pttk.pl\/index.php?rest_route=\/wp\/v2\/posts\/29293","targetHints":{"allow":["GET"]}}],"collection":[{"href":"https:\/\/turysta2.pttk.pl\/index.php?rest_route=\/wp\/v2\/posts"}],"about":[{"href":"https:\/\/turysta2.pttk.pl\/index.php?rest_route=\/wp\/v2\/types\/post"}],"author":[{"embeddable":true,"href":"https:\/\/turysta2.pttk.pl\/index.php?rest_route=\/wp\/v2\/users\/13"}],"replies":[{"embeddable":true,"href":"https:\/\/turysta2.pttk.pl\/index.php?rest_route=%2Fwp%2Fv2%2Fcomments&post=29293"}],"version-history":[{"count":5,"href":"https:\/\/turysta2.pttk.pl\/index.php?rest_route=\/wp\/v2\/posts\/29293\/revisions"}],"predecessor-version":[{"id":29321,"href":"https:\/\/turysta2.pttk.pl\/index.php?rest_route=\/wp\/v2\/posts\/29293\/revisions\/29321"}],"wp:featuredmedia":[{"embeddable":true,"href":"https:\/\/turysta2.pttk.pl\/index.php?rest_route=\/wp\/v2\/media\/29295"}],"wp:attachment":[{"href":"https:\/\/turysta2.pttk.pl\/index.php?rest_route=%2Fwp%2Fv2%2Fmedia&parent=29293"}],"wp:term":[{"taxonomy":"category","embeddable":true,"href":"https:\/\/turysta2.pttk.pl\/index.php?rest_route=%2Fwp%2Fv2%2Fcategories&post=29293"},{"taxonomy":"post_tag","embeddable":true,"href":"https:\/\/turysta2.pttk.pl\/index.php?rest_route=%2Fwp%2Fv2%2Ftags&post=29293"}],"curies":[{"name":"wp","href":"https:\/\/api.w.org\/{rel}","templated":true}]}}