{"id":29255,"date":"2023-08-02T12:30:56","date_gmt":"2023-08-02T10:30:56","guid":{"rendered":"https:\/\/turysta2.pttk.pl\/?p=29255"},"modified":"2023-08-02T12:44:02","modified_gmt":"2023-08-02T10:44:02","slug":"znani-podroznicy-w-karykaturze","status":"publish","type":"post","link":"https:\/\/turysta2.pttk.pl\/?p=29255","title":{"rendered":"Znani podr\u00f3\u017cnicy w karykaturze"},"content":{"rendered":"<p><strong>El\u017cbieta Dzikowska, Krzysztof Wielicki, Marek Kami\u0144ski i wielu innych znanych\u00a0 podr\u00f3\u017cnik\u00f3w uwieczni\u0142 na rysunkach Przemys\u0142aw Tytus Krupski. 30 marca 2023 roku w siedzibie Zarz\u0105du G\u0142\u00f3wnego PTTK w Warszawie przy ulicy Senatorskiej odby\u0142 si\u0119 wernisa\u017c wystawy<\/strong><strong> prac utalentowanego artysty. \u2013 Impreza ta jest powrotem do naszych spotka\u0144 kulturalnych po przerwie spowodowanej pandemi\u0105 \u2013 podkre\u015bli\u0142 Jacek Treichel, Sekretarz Generalny ZG PTTK, witaj\u0105c go\u015bci. <\/strong><\/p>\n<div id=\"attachment_29247\" style=\"width: 299px\" class=\"wp-caption alignnone\"><a href=\"https:\/\/turysta2.pttk.pl\/wp-content\/uploads\/2023\/08\/2.-fot.-T.-Mlynarczyk-scaled.jpg\"><img loading=\"lazy\" decoding=\"async\" aria-describedby=\"caption-attachment-29247\" class=\"wp-image-29247\" src=\"https:\/\/turysta2.pttk.pl\/wp-content\/uploads\/2023\/08\/2.-fot.-T.-Mlynarczyk-300x228.jpg\" alt=\"\" width=\"289\" height=\"220\" srcset=\"https:\/\/turysta2.pttk.pl\/wp-content\/uploads\/2023\/08\/2.-fot.-T.-Mlynarczyk-300x228.jpg 300w, https:\/\/turysta2.pttk.pl\/wp-content\/uploads\/2023\/08\/2.-fot.-T.-Mlynarczyk-1024x779.jpg 1024w, https:\/\/turysta2.pttk.pl\/wp-content\/uploads\/2023\/08\/2.-fot.-T.-Mlynarczyk-768x584.jpg 768w, https:\/\/turysta2.pttk.pl\/wp-content\/uploads\/2023\/08\/2.-fot.-T.-Mlynarczyk-1536x1169.jpg 1536w, https:\/\/turysta2.pttk.pl\/wp-content\/uploads\/2023\/08\/2.-fot.-T.-Mlynarczyk-2048x1559.jpg 2048w\" sizes=\"auto, (max-width: 289px) 100vw, 289px\" \/><\/a><p id=\"caption-attachment-29247\" class=\"wp-caption-text\">Dzi\u0119kuj\u0105c za zorganizowanie wernisa\u017cu, Robert Mazurek wr\u0119czy\u0142 Marii Janowicz, kierownikowi Centralnej Biblioteki PTTK, oraz Jackowi Treichelowi, Sekretarzowi Generalnemu ZG PTTK, medale pami\u0105tkowe \u201eRadzy\u0144skich Spotka\u0144 z Podr\u00f3\u017cnikami\"<\/p><\/div>\n<div id=\"attachment_29251\" style=\"width: 322px\" class=\"wp-caption alignnone\"><a href=\"https:\/\/turysta2.pttk.pl\/wp-content\/uploads\/2023\/08\/5.-fot.-T.-Mlynarczyk.jpg\"><img loading=\"lazy\" decoding=\"async\" aria-describedby=\"caption-attachment-29251\" class=\"wp-image-29251\" src=\"https:\/\/turysta2.pttk.pl\/wp-content\/uploads\/2023\/08\/5.-fot.-T.-Mlynarczyk-300x211.jpg\" alt=\"\" width=\"312\" height=\"220\" srcset=\"https:\/\/turysta2.pttk.pl\/wp-content\/uploads\/2023\/08\/5.-fot.-T.-Mlynarczyk-300x211.jpg 300w, https:\/\/turysta2.pttk.pl\/wp-content\/uploads\/2023\/08\/5.-fot.-T.-Mlynarczyk-1024x721.jpg 1024w, https:\/\/turysta2.pttk.pl\/wp-content\/uploads\/2023\/08\/5.-fot.-T.-Mlynarczyk-768x540.jpg 768w, https:\/\/turysta2.pttk.pl\/wp-content\/uploads\/2023\/08\/5.-fot.-T.-Mlynarczyk-1536x1081.jpg 1536w, https:\/\/turysta2.pttk.pl\/wp-content\/uploads\/2023\/08\/5.-fot.-T.-Mlynarczyk.jpg 2008w\" sizes=\"auto, (max-width: 312px) 100vw, 312px\" \/><\/a><p id=\"caption-attachment-29251\" class=\"wp-caption-text\">Wielu uczestnik\u00f3w wernisa\u017cu podkre\u015bla\u0142o, \u017ce prace oddaj\u0105 podobie\u0144stwo znanych postaci z humorem i \u017cyczliwo\u015bci\u0105<\/p><\/div>\n<p>Sympatyczne karykatury s\u0105 pok\u0142osiem spotka\u0144 autorskich organizowanych od 2012 roku w Radzyniu Podlaskim. Robert Mazurek, dyrektor Radzy\u0144skiego O\u015brodka Kultury a zarazem prezes \u201eRadzy\u0144skiego Stowarzyszenia \u201ePodr\u00f3\u017cnik\u201d, zafascynowany literatur\u0105 podr\u00f3\u017cnicz\u0105, wpad\u0142 przed laty na pomys\u0142, aby zaprasza\u0107 znanych globtroter\u00f3w, alpinist\u00f3w, zapalonych turyst\u00f3w, autor\u00f3w album\u00f3w i przewodnik\u00f3w. Projekt zyska\u0142 wsparcie Radzy\u0144skiego Stowarzyszenia Inicjatyw Lokalnych oraz Oddzia\u0142u PTTK w Radzyniu Podlaskim.\u00a0 \u2013\u00a0 Przedsi\u0119wzi\u0119cie chwyci\u0142o \u2013 wspomina Robert Mazurek. \u2013 Przyczyni\u0142o si\u0119 do tego du\u017ce zaanga\u017cowanie w\u0142adz miasta. Powsta\u0142 te\u017c Skwer Podr\u00f3\u017cnik\u00f3w w Radzyniu, gdzie odwiedzaj\u0105cy co kwarta\u0142 miasto globtroterzy ods\u0142aniaj\u0105 swoje tabliczki.<\/p>\n<p>Go\u015bcie opowiadaj\u0105 o miejscach na \u015bwiecie odleg\u0142ych nie tylko geograficznie, ale r\u00f3wnie\u017c kulturowo, dziel\u0105 si\u0119 swoimi wra\u017ceniami z podr\u00f3\u017cy, przywo\u017c\u0105 pami\u0105tki, zdj\u0119cia. Spotkania s\u0105 okazj\u0105 do organizowania projekcji film\u00f3w, warsztat\u00f3w czy koncert\u00f3w. Sta\u0142o si\u0119 tradycj\u0105, \u017ce ka\u017cdy go\u015b\u0107 otrzymuje w upominku karykatur\u0119 autorstwa Przemys\u0142awa Tytusa Krupskiego, radzy\u0144skiego plastyka. Jak twierdzi Robert Mazurek, wszyscy go\u015bcie byli dotychczas pozytywnie zaskoczeni prezentem i\u2026 rozbawieni.<\/p>\n<p>\u201eRadzy\u0144skie Spotkania z Podr\u00f3\u017cnikami\u201d, a by\u0142o ich dotychczas 45, ciesz\u0105 si\u0119 du\u017cym zainteresowaniem, np. na spotkanie z Nel\u0105 Ma\u0142\u0105 Reporterk\u0105 przyby\u0142o ponad 800 os\u00f3b, palm\u0119 pierwsze\u0144stwa musia\u0142 jej odda\u0107 nawet \u201ekr\u00f3l\u201d podr\u00f3\u017cnik\u00f3w \u2013 Wojciech Cejrowski, kt\u00f3ry zgromadzi\u0142 750-osobow\u0105 widowni\u0119.<\/p>\n<p>Radzy\u0144skie Stowarzyszenie \u201ePodr\u00f3\u017cnik\u201d ustanowi\u0142o tak\u017ce medal pami\u0105tkowy, kt\u00f3ry \u2013 opr\u00f3cz karykatury \u2013 wr\u0119czany jest kolejnym go\u015bciom.<\/p>\n<p>Wystawa \u201eZnany podr\u00f3\u017cnicy, tury\u015bci i alpini\u015bci w karykaturze\u201d by\u0142a prezentowana jesieni\u0105 2022 roku w Muzeum Podr\u00f3\u017cnik\u00f3w im. Tony\u2019ego Halika w Toruniu, gdzie w ci\u0105gu dw\u00f3ch miesi\u0119cy obejrza\u0142o j\u0105 prawie 10 tys. os\u00f3b.<\/p>\n<p><strong><em>Zdj\u0119cia<\/em> Tomasz M\u0142ynarczyk<\/strong><\/p>\n<p><a href=\"https:\/\/turysta2.pttk.pl\/wp-content\/uploads\/2023\/08\/Aleksander-Doba-scaled.jpg\"><img loading=\"lazy\" decoding=\"async\" class=\"alignnone size-medium wp-image-29273\" src=\"https:\/\/turysta2.pttk.pl\/wp-content\/uploads\/2023\/08\/Aleksander-Doba-212x300.jpg\" alt=\"\" width=\"212\" height=\"300\" srcset=\"https:\/\/turysta2.pttk.pl\/wp-content\/uploads\/2023\/08\/Aleksander-Doba-212x300.jpg 212w, https:\/\/turysta2.pttk.pl\/wp-content\/uploads\/2023\/08\/Aleksander-Doba-724x1024.jpg 724w, https:\/\/turysta2.pttk.pl\/wp-content\/uploads\/2023\/08\/Aleksander-Doba-768x1086.jpg 768w, https:\/\/turysta2.pttk.pl\/wp-content\/uploads\/2023\/08\/Aleksander-Doba-1087x1536.jpg 1087w, https:\/\/turysta2.pttk.pl\/wp-content\/uploads\/2023\/08\/Aleksander-Doba-1449x2048.jpg 1449w, https:\/\/turysta2.pttk.pl\/wp-content\/uploads\/2023\/08\/Aleksander-Doba-scaled.jpg 1811w\" sizes=\"auto, (max-width: 212px) 100vw, 212px\" \/><\/a> <a href=\"https:\/\/turysta2.pttk.pl\/wp-content\/uploads\/2023\/08\/Piotr-Pustelnik-scaled.jpg\"><img loading=\"lazy\" decoding=\"async\" class=\"alignnone size-medium wp-image-29275\" src=\"https:\/\/turysta2.pttk.pl\/wp-content\/uploads\/2023\/08\/Piotr-Pustelnik-212x300.jpg\" alt=\"\" width=\"212\" height=\"300\" srcset=\"https:\/\/turysta2.pttk.pl\/wp-content\/uploads\/2023\/08\/Piotr-Pustelnik-212x300.jpg 212w, https:\/\/turysta2.pttk.pl\/wp-content\/uploads\/2023\/08\/Piotr-Pustelnik-724x1024.jpg 724w, https:\/\/turysta2.pttk.pl\/wp-content\/uploads\/2023\/08\/Piotr-Pustelnik-768x1086.jpg 768w, https:\/\/turysta2.pttk.pl\/wp-content\/uploads\/2023\/08\/Piotr-Pustelnik-1087x1536.jpg 1087w, https:\/\/turysta2.pttk.pl\/wp-content\/uploads\/2023\/08\/Piotr-Pustelnik-1449x2048.jpg 1449w, https:\/\/turysta2.pttk.pl\/wp-content\/uploads\/2023\/08\/Piotr-Pustelnik-scaled.jpg 1811w\" sizes=\"auto, (max-width: 212px) 100vw, 212px\" \/><\/a> <a href=\"https:\/\/turysta2.pttk.pl\/wp-content\/uploads\/2023\/08\/Marek-Kaminski-scaled.jpg\"><img loading=\"lazy\" decoding=\"async\" class=\"alignnone size-medium wp-image-29277\" src=\"https:\/\/turysta2.pttk.pl\/wp-content\/uploads\/2023\/08\/Marek-Kaminski-212x300.jpg\" alt=\"\" width=\"212\" height=\"300\" srcset=\"https:\/\/turysta2.pttk.pl\/wp-content\/uploads\/2023\/08\/Marek-Kaminski-212x300.jpg 212w, https:\/\/turysta2.pttk.pl\/wp-content\/uploads\/2023\/08\/Marek-Kaminski-724x1024.jpg 724w, https:\/\/turysta2.pttk.pl\/wp-content\/uploads\/2023\/08\/Marek-Kaminski-768x1086.jpg 768w, https:\/\/turysta2.pttk.pl\/wp-content\/uploads\/2023\/08\/Marek-Kaminski-1087x1536.jpg 1087w, https:\/\/turysta2.pttk.pl\/wp-content\/uploads\/2023\/08\/Marek-Kaminski-1449x2048.jpg 1449w, https:\/\/turysta2.pttk.pl\/wp-content\/uploads\/2023\/08\/Marek-Kaminski-scaled.jpg 1811w\" sizes=\"auto, (max-width: 212px) 100vw, 212px\" \/><\/a> <a href=\"https:\/\/turysta2.pttk.pl\/wp-content\/uploads\/2023\/08\/Krzysztof-Wielicki-scaled.jpg\"><img loading=\"lazy\" decoding=\"async\" class=\"alignnone size-medium wp-image-29279\" src=\"https:\/\/turysta2.pttk.pl\/wp-content\/uploads\/2023\/08\/Krzysztof-Wielicki-212x300.jpg\" alt=\"\" width=\"212\" height=\"300\" srcset=\"https:\/\/turysta2.pttk.pl\/wp-content\/uploads\/2023\/08\/Krzysztof-Wielicki-212x300.jpg 212w, https:\/\/turysta2.pttk.pl\/wp-content\/uploads\/2023\/08\/Krzysztof-Wielicki-724x1024.jpg 724w, https:\/\/turysta2.pttk.pl\/wp-content\/uploads\/2023\/08\/Krzysztof-Wielicki-768x1086.jpg 768w, https:\/\/turysta2.pttk.pl\/wp-content\/uploads\/2023\/08\/Krzysztof-Wielicki-1087x1536.jpg 1087w, https:\/\/turysta2.pttk.pl\/wp-content\/uploads\/2023\/08\/Krzysztof-Wielicki-1449x2048.jpg 1449w, https:\/\/turysta2.pttk.pl\/wp-content\/uploads\/2023\/08\/Krzysztof-Wielicki-scaled.jpg 1811w\" sizes=\"auto, (max-width: 212px) 100vw, 212px\" \/><\/a> <a href=\"https:\/\/turysta2.pttk.pl\/wp-content\/uploads\/2023\/08\/Krzysztof-Baranowski-scaled.jpg\"><img loading=\"lazy\" decoding=\"async\" class=\"alignnone size-medium wp-image-29281\" src=\"https:\/\/turysta2.pttk.pl\/wp-content\/uploads\/2023\/08\/Krzysztof-Baranowski-212x300.jpg\" alt=\"\" width=\"212\" height=\"300\" srcset=\"https:\/\/turysta2.pttk.pl\/wp-content\/uploads\/2023\/08\/Krzysztof-Baranowski-212x300.jpg 212w, https:\/\/turysta2.pttk.pl\/wp-content\/uploads\/2023\/08\/Krzysztof-Baranowski-724x1024.jpg 724w, https:\/\/turysta2.pttk.pl\/wp-content\/uploads\/2023\/08\/Krzysztof-Baranowski-768x1086.jpg 768w, https:\/\/turysta2.pttk.pl\/wp-content\/uploads\/2023\/08\/Krzysztof-Baranowski-1087x1536.jpg 1087w, https:\/\/turysta2.pttk.pl\/wp-content\/uploads\/2023\/08\/Krzysztof-Baranowski-1449x2048.jpg 1449w, https:\/\/turysta2.pttk.pl\/wp-content\/uploads\/2023\/08\/Krzysztof-Baranowski-scaled.jpg 1811w\" sizes=\"auto, (max-width: 212px) 100vw, 212px\" \/><\/a> <a href=\"https:\/\/turysta2.pttk.pl\/wp-content\/uploads\/2023\/08\/Elzbieta-Dzikowska-scaled.jpg\"><img loading=\"lazy\" decoding=\"async\" class=\"alignnone size-medium wp-image-29283\" src=\"https:\/\/turysta2.pttk.pl\/wp-content\/uploads\/2023\/08\/Elzbieta-Dzikowska-212x300.jpg\" alt=\"\" width=\"212\" height=\"300\" srcset=\"https:\/\/turysta2.pttk.pl\/wp-content\/uploads\/2023\/08\/Elzbieta-Dzikowska-212x300.jpg 212w, https:\/\/turysta2.pttk.pl\/wp-content\/uploads\/2023\/08\/Elzbieta-Dzikowska-724x1024.jpg 724w, https:\/\/turysta2.pttk.pl\/wp-content\/uploads\/2023\/08\/Elzbieta-Dzikowska-768x1086.jpg 768w, https:\/\/turysta2.pttk.pl\/wp-content\/uploads\/2023\/08\/Elzbieta-Dzikowska-1087x1536.jpg 1087w, https:\/\/turysta2.pttk.pl\/wp-content\/uploads\/2023\/08\/Elzbieta-Dzikowska-1449x2048.jpg 1449w, https:\/\/turysta2.pttk.pl\/wp-content\/uploads\/2023\/08\/Elzbieta-Dzikowska-scaled.jpg 1811w\" sizes=\"auto, (max-width: 212px) 100vw, 212px\" \/><\/a> <a href=\"https:\/\/turysta2.pttk.pl\/wp-content\/uploads\/2023\/08\/Dorota-Wojcikowska-i-Wiktor-Palak-scaled.jpg\"><img loading=\"lazy\" decoding=\"async\" class=\"alignnone size-medium wp-image-29285\" src=\"https:\/\/turysta2.pttk.pl\/wp-content\/uploads\/2023\/08\/Dorota-Wojcikowska-i-Wiktor-Palak-212x300.jpg\" alt=\"\" width=\"212\" height=\"300\" srcset=\"https:\/\/turysta2.pttk.pl\/wp-content\/uploads\/2023\/08\/Dorota-Wojcikowska-i-Wiktor-Palak-212x300.jpg 212w, https:\/\/turysta2.pttk.pl\/wp-content\/uploads\/2023\/08\/Dorota-Wojcikowska-i-Wiktor-Palak-724x1024.jpg 724w, https:\/\/turysta2.pttk.pl\/wp-content\/uploads\/2023\/08\/Dorota-Wojcikowska-i-Wiktor-Palak-768x1086.jpg 768w, https:\/\/turysta2.pttk.pl\/wp-content\/uploads\/2023\/08\/Dorota-Wojcikowska-i-Wiktor-Palak-1087x1536.jpg 1087w, https:\/\/turysta2.pttk.pl\/wp-content\/uploads\/2023\/08\/Dorota-Wojcikowska-i-Wiktor-Palak-1449x2048.jpg 1449w, https:\/\/turysta2.pttk.pl\/wp-content\/uploads\/2023\/08\/Dorota-Wojcikowska-i-Wiktor-Palak-scaled.jpg 1811w\" sizes=\"auto, (max-width: 212px) 100vw, 212px\" \/><\/a> <a href=\"https:\/\/turysta2.pttk.pl\/wp-content\/uploads\/2023\/08\/Aleksandra-i-Karol-Lewandowscy-scaled.jpg\"><img loading=\"lazy\" decoding=\"async\" class=\"alignnone size-medium wp-image-29287\" src=\"https:\/\/turysta2.pttk.pl\/wp-content\/uploads\/2023\/08\/Aleksandra-i-Karol-Lewandowscy-212x300.jpg\" alt=\"\" width=\"212\" height=\"300\" srcset=\"https:\/\/turysta2.pttk.pl\/wp-content\/uploads\/2023\/08\/Aleksandra-i-Karol-Lewandowscy-212x300.jpg 212w, https:\/\/turysta2.pttk.pl\/wp-content\/uploads\/2023\/08\/Aleksandra-i-Karol-Lewandowscy-724x1024.jpg 724w, https:\/\/turysta2.pttk.pl\/wp-content\/uploads\/2023\/08\/Aleksandra-i-Karol-Lewandowscy-768x1086.jpg 768w, https:\/\/turysta2.pttk.pl\/wp-content\/uploads\/2023\/08\/Aleksandra-i-Karol-Lewandowscy-1087x1536.jpg 1087w, https:\/\/turysta2.pttk.pl\/wp-content\/uploads\/2023\/08\/Aleksandra-i-Karol-Lewandowscy-1449x2048.jpg 1449w, https:\/\/turysta2.pttk.pl\/wp-content\/uploads\/2023\/08\/Aleksandra-i-Karol-Lewandowscy-scaled.jpg 1811w\" sizes=\"auto, (max-width: 212px) 100vw, 212px\" \/><\/a><\/p>\n","protected":false},"excerpt":{"rendered":"El\u017cbieta Dzikowska, Krzysztof Wielicki, Marek Kami\u0144ski i wielu innych znanych\u00a0 podr\u00f3\u017cnik\u00f3w uwieczni\u0142 na rysunkach Przemys\u0142aw Tytus Krupski. 30 marca 2023 roku w siedzibie Zarz\u0105du G\u0142\u00f3wnego PTTK w Warszawie przy ulicy Senatorskiej odby\u0142 si\u0119 wernisa\u017c wystawy prac utalentowanego artysty. \u2013 Impreza ta jest powrotem do naszych spotka\u0144 kulturalnych po przerwie spowodowanej pandemi\u0105 \u2013 podkre\u015bli\u0142 Jacek Treichel, Sekretarz Generalny ZG PTTK, witaj\u0105c&nbsp;<a href=\"https:\/\/turysta2.pttk.pl\/?p=29255\" class=\"read-more\">Continue Reading<\/a>","protected":false},"author":13,"featured_media":29241,"comment_status":"closed","ping_status":"closed","sticky":false,"template":"","format":"standard","meta":{"footnotes":""},"categories":[81],"tags":[],"class_list":["post-29255","post","type-post","status-publish","format-standard","has-post-thumbnail","hentry","category-kolekcjonerstwo","cat-81-id"],"aioseo_notices":[],"_links":{"self":[{"href":"https:\/\/turysta2.pttk.pl\/index.php?rest_route=\/wp\/v2\/posts\/29255","targetHints":{"allow":["GET"]}}],"collection":[{"href":"https:\/\/turysta2.pttk.pl\/index.php?rest_route=\/wp\/v2\/posts"}],"about":[{"href":"https:\/\/turysta2.pttk.pl\/index.php?rest_route=\/wp\/v2\/types\/post"}],"author":[{"embeddable":true,"href":"https:\/\/turysta2.pttk.pl\/index.php?rest_route=\/wp\/v2\/users\/13"}],"replies":[{"embeddable":true,"href":"https:\/\/turysta2.pttk.pl\/index.php?rest_route=%2Fwp%2Fv2%2Fcomments&post=29255"}],"version-history":[{"count":9,"href":"https:\/\/turysta2.pttk.pl\/index.php?rest_route=\/wp\/v2\/posts\/29255\/revisions"}],"predecessor-version":[{"id":29259,"href":"https:\/\/turysta2.pttk.pl\/index.php?rest_route=\/wp\/v2\/posts\/29255\/revisions\/29259"}],"wp:featuredmedia":[{"embeddable":true,"href":"https:\/\/turysta2.pttk.pl\/index.php?rest_route=\/wp\/v2\/media\/29241"}],"wp:attachment":[{"href":"https:\/\/turysta2.pttk.pl\/index.php?rest_route=%2Fwp%2Fv2%2Fmedia&parent=29255"}],"wp:term":[{"taxonomy":"category","embeddable":true,"href":"https:\/\/turysta2.pttk.pl\/index.php?rest_route=%2Fwp%2Fv2%2Fcategories&post=29255"},{"taxonomy":"post_tag","embeddable":true,"href":"https:\/\/turysta2.pttk.pl\/index.php?rest_route=%2Fwp%2Fv2%2Ftags&post=29255"}],"curies":[{"name":"wp","href":"https:\/\/api.w.org\/{rel}","templated":true}]}}