{"id":29221,"date":"2023-08-02T11:57:06","date_gmt":"2023-08-02T09:57:06","guid":{"rendered":"https:\/\/turysta2.pttk.pl\/?p=29221"},"modified":"2023-08-02T11:58:00","modified_gmt":"2023-08-02T09:58:00","slug":"zlot-krajoznawcow-w-nysie","status":"publish","type":"post","link":"https:\/\/turysta2.pttk.pl\/?p=29221","title":{"rendered":"Zlot krajoznawc\u00f3w w Nysie"},"content":{"rendered":"<p><strong>W trzeci\u0105 sobot\u0119 maja 2023 roku w Bastionie \u015bw. Jadwigi w Nysie spotkali si\u0119 krajoznawcy z Nysy, Brzegu, Prudnika oraz Opola na I Zlocie Instruktor\u00f3w Krajoznawstwa i Krajoznawc\u00f3w Wojew\u00f3dztwa Opolskiego. <\/strong><\/p>\n<p>Jaros\u0142aw Sr\u0119bacz, nasz przewodnik po Nysie, przedstawi\u0142 plan wycieczki. Poprowadzi\u0142 nas ulic\u0105 Kowalsk\u0105 na Rynek Solny, gdzie zwiedzili\u015bmy ko\u015bci\u00f3\u0142 Wniebowzi\u0119cia NMP wraz z podziemiami. Po wys\u0142uchaniu historii zakonu jezuit\u00f3w w Nysie udali\u015bmy si\u0119 do bazyliki pw. \u015bw. Jakuba i \u015bw. Agnieszki. Z dachu dzwonnicy podziwiali\u015bmy panoram\u0119 Nysy.<\/p>\n<p>Po zwiedzeniu rynku wr\u00f3cili\u015bmy do Bastionu \u015bw. Jadwigi, gdzie obejrzeli\u015bmy film \u201ePodwodna misja \u2013 MS Pi\u0142sudski\u201d. Nie by\u0142 to zwyk\u0142y seans. Otrzymali\u015bmy gogle VR oraz s\u0142uchawki i ca\u0142kowicie przenie\u015bli\u015bmy si\u0119 do wirtualnego \u015bwiata wydarze\u0144 sprzed lat. Niezapomniane prze\u017cycie. Wirtualny Teatr Historii \u201eNiepodleg\u0142a\u201d stworzony przez Fundacj\u0119 Koncept Kultura oraz Biuro Programu \u201eNiepodleg\u0142a\u201d popularyzuje histori\u0119 Polski za pomoc\u0105 technologii Virtual Reality w wielu miejscowo\u015bciach Polski. Tym razem zawita\u0142 do Nysy.<\/p>\n<p>Po seansie poszli\u015bmy na cmentarz, gdzie zatrzymali\u015bmy si\u0119 przed grobem jednego z najwybitniejszych poet\u00f3w nyskich, Josepha von Eichendorffa. Pani Maria Rock, kt\u00f3ra od ponad 50 lat opiekuje si\u0119 grobem rodziny von Eichendorff\u00f3w, opowiedzia\u0142a nam histori\u0119 rodu oraz przybli\u017cy\u0142a czasy powojenne Nysy. Ostatnim punktem naszego zwiedzania by\u0142 Fort Prusy.<\/p>\n<p>Na zako\u0144czenie zlotu uczestnicy otrzymali certyfikaty zdobycia Odznaki Krajoznawczej Twierdza Nysa oraz Miejskiego Szlaku Turystycznego w Nysie, kt\u00f3re wr\u0119czy\u0142 Jacek Ramus, przewodnicz\u0105cy Regionalnego Kolegium Instruktor\u00f3w Krajoznawstwa.<\/p>\n<p><strong><em>Tekst i zdj\u0119cie<\/em> Jacek Ramus<\/strong><\/p>\n","protected":false},"excerpt":{"rendered":"W trzeci\u0105 sobot\u0119 maja 2023 roku w Bastionie \u015bw. Jadwigi w Nysie spotkali si\u0119 krajoznawcy z Nysy, Brzegu, Prudnika oraz Opola na I Zlocie Instruktor\u00f3w Krajoznawstwa i Krajoznawc\u00f3w Wojew\u00f3dztwa Opolskiego. Jaros\u0142aw Sr\u0119bacz, nasz przewodnik po Nysie, przedstawi\u0142 plan wycieczki. Poprowadzi\u0142 nas ulic\u0105 Kowalsk\u0105 na Rynek Solny, gdzie zwiedzili\u015bmy ko\u015bci\u00f3\u0142 Wniebowzi\u0119cia NMP wraz z podziemiami. Po wys\u0142uchaniu historii zakonu jezuit\u00f3w w&nbsp;<a href=\"https:\/\/turysta2.pttk.pl\/?p=29221\" class=\"read-more\">Continue Reading<\/a>","protected":false},"author":13,"featured_media":29225,"comment_status":"closed","ping_status":"closed","sticky":false,"template":"","format":"standard","meta":{"footnotes":""},"categories":[73],"tags":[],"class_list":["post-29221","post","type-post","status-publish","format-standard","has-post-thumbnail","hentry","category-turystyka-srodowiskowa","cat-73-id"],"aioseo_notices":[],"_links":{"self":[{"href":"https:\/\/turysta2.pttk.pl\/index.php?rest_route=\/wp\/v2\/posts\/29221","targetHints":{"allow":["GET"]}}],"collection":[{"href":"https:\/\/turysta2.pttk.pl\/index.php?rest_route=\/wp\/v2\/posts"}],"about":[{"href":"https:\/\/turysta2.pttk.pl\/index.php?rest_route=\/wp\/v2\/types\/post"}],"author":[{"embeddable":true,"href":"https:\/\/turysta2.pttk.pl\/index.php?rest_route=\/wp\/v2\/users\/13"}],"replies":[{"embeddable":true,"href":"https:\/\/turysta2.pttk.pl\/index.php?rest_route=%2Fwp%2Fv2%2Fcomments&post=29221"}],"version-history":[{"count":2,"href":"https:\/\/turysta2.pttk.pl\/index.php?rest_route=\/wp\/v2\/posts\/29221\/revisions"}],"predecessor-version":[{"id":29227,"href":"https:\/\/turysta2.pttk.pl\/index.php?rest_route=\/wp\/v2\/posts\/29221\/revisions\/29227"}],"wp:featuredmedia":[{"embeddable":true,"href":"https:\/\/turysta2.pttk.pl\/index.php?rest_route=\/wp\/v2\/media\/29225"}],"wp:attachment":[{"href":"https:\/\/turysta2.pttk.pl\/index.php?rest_route=%2Fwp%2Fv2%2Fmedia&parent=29221"}],"wp:term":[{"taxonomy":"category","embeddable":true,"href":"https:\/\/turysta2.pttk.pl\/index.php?rest_route=%2Fwp%2Fv2%2Fcategories&post=29221"},{"taxonomy":"post_tag","embeddable":true,"href":"https:\/\/turysta2.pttk.pl\/index.php?rest_route=%2Fwp%2Fv2%2Ftags&post=29221"}],"curies":[{"name":"wp","href":"https:\/\/api.w.org\/{rel}","templated":true}]}}