{"id":29203,"date":"2023-08-02T11:51:59","date_gmt":"2023-08-02T09:51:59","guid":{"rendered":"https:\/\/turysta2.pttk.pl\/?p=29203"},"modified":"2023-08-02T11:53:18","modified_gmt":"2023-08-02T09:53:18","slug":"bohaterom-oddano-hold","status":"publish","type":"post","link":"https:\/\/turysta2.pttk.pl\/?p=29203","title":{"rendered":"Bohaterom oddano ho\u0142d"},"content":{"rendered":"<p>25 kwietnia 2023 roku odby\u0142a si\u0119 w Kazimierzu ko\u0142o Rumi uroczysto\u015b\u0107 ods\u0142oni\u0119cia na kapliczce \u015bw. Marka Ewangelisty (patrona wsi Kazimierz) pami\u0105tkowej tablicy, po\u015bwi\u0119conej polskim obro\u0144com wsi i K\u0119py Oksywskiej we wrze\u015bniu 1939 roku. Kilkudniowe walki o wie\u015b, poblisk\u0105 D\u0119bow\u0105 G\u00f3r\u0119, le\u015bnicz\u00f3wk\u0119, kolejne wzg\u00f3rza i D\u0119bog\u00f3rze doprowadzi\u0142y do spalenia we wsi wielu gospodarstw i ci\u0119\u017ckich strat poniesionych przez polskich obro\u0144c\u00f3w. W walkach o Gdyni\u0119 i K\u0119p\u0119 Oksywsk\u0105 poleg\u0142o oko\u0142o 2 tysi\u0119cy polskich \u017co\u0142nierzy, a kilka tysi\u0119cy odnios\u0142o rany.<\/p>\n<p>Ods\u0142oni\u0119ta tablica jest ho\u0142dem mieszka\u0144c\u00f3w Kazimierza dla tych, kt\u00f3rzy walczyli i oddali swoje \u017cycie w obronie tego skrawka polskiej ziemi. Ho\u0142dem, sk\u0142adanym po przesz\u0142o osiemdziesi\u0119ciu latach, ale niezwykle wa\u017cnym dla mieszka\u0144c\u00f3w i przysz\u0142ych pokole\u0144.<\/p>\n<p>Uroczysto\u015b\u0107 po\u0142\u0105czona by\u0142a z obchodami \u015bwi\u0119ta \u015bw. Marka, patrona wsi, a prowadzi\u0142 j\u0105 so\u0142tys wsi, Kazimierz Grzegorz Flatau. W\u015br\u00f3d licznie zebranych uczestnik\u00f3w uroczysto\u015bci byli m.in. w\u00f3jt gminy Kosakowo \u2013 Marcin Majek, fundator tablicy, przewodnicz\u0105cy Rady Gminy Kosakowo \u2013 Andrzej \u015aliwi\u0144ski, pomys\u0142odawca tablicy i inicjator uroczysto\u015bci, przewodnicz\u0105cy Pomorskiej Komisji Krajoznawczej PTTK \u2013 Dariusz D\u0119bski.<\/p>\n<p>Umieszczenie tablicy na kapliczce ma te\u017c du\u017ce, symboliczne znaczenie, gdy\u017c jest ona ulokowana pod D\u0119bow\u0105 G\u00f3r\u0105, o kt\u00f3r\u0105 toczono krwawe walki, w centrum wsi, ma bogat\u0105 histori\u0119 i od wielu lat jest kultowym i centralnym miejscem Kazimierza, a mieszka\u0144cy wsi dbaj\u0105 o ni\u0105 i s\u0105 z niej dumni. G\u0142\u00f3wnie z tego miejsca wyruszaj\u0105 wycieczki krajoznawcze do miejsc walk we wrze\u015bniu 1939 roku, obelisku i ziemianki Tajnej Organizacji Wojskowej \u201eGryf Pomorski\u201d.<\/p>\n<p><strong><em>Tekst <\/em>Dariusz D\u0119bski<br \/>\n<\/strong><strong><em>Zdj\u0119cia<\/em> Ryszard J\u00f3zef Wrzosek\u00a0<\/strong><\/p>\n<p><a href=\"https:\/\/turysta2.pttk.pl\/wp-content\/uploads\/2023\/08\/2-fot.-Ryszard-Wrzosek.jpg\"><img loading=\"lazy\" decoding=\"async\" class=\"alignnone size-medium wp-image-29209\" src=\"https:\/\/turysta2.pttk.pl\/wp-content\/uploads\/2023\/08\/2-fot.-Ryszard-Wrzosek-300x200.jpg\" alt=\"\" width=\"300\" height=\"200\" srcset=\"https:\/\/turysta2.pttk.pl\/wp-content\/uploads\/2023\/08\/2-fot.-Ryszard-Wrzosek-300x200.jpg 300w, https:\/\/turysta2.pttk.pl\/wp-content\/uploads\/2023\/08\/2-fot.-Ryszard-Wrzosek-1024x682.jpg 1024w, https:\/\/turysta2.pttk.pl\/wp-content\/uploads\/2023\/08\/2-fot.-Ryszard-Wrzosek-768x512.jpg 768w, https:\/\/turysta2.pttk.pl\/wp-content\/uploads\/2023\/08\/2-fot.-Ryszard-Wrzosek-1536x1023.jpg 1536w, https:\/\/turysta2.pttk.pl\/wp-content\/uploads\/2023\/08\/2-fot.-Ryszard-Wrzosek.jpg 2008w\" sizes=\"auto, (max-width: 300px) 100vw, 300px\" \/><\/a><\/p>\n","protected":false},"excerpt":{"rendered":"25 kwietnia 2023 roku odby\u0142a si\u0119 w Kazimierzu ko\u0142o Rumi uroczysto\u015b\u0107 ods\u0142oni\u0119cia na kapliczce \u015bw. Marka Ewangelisty (patrona wsi Kazimierz) pami\u0105tkowej tablicy, po\u015bwi\u0119conej polskim obro\u0144com wsi i K\u0119py Oksywskiej we wrze\u015bniu 1939 roku. Kilkudniowe walki o wie\u015b, poblisk\u0105 D\u0119bow\u0105 G\u00f3r\u0119, le\u015bnicz\u00f3wk\u0119, kolejne wzg\u00f3rza i D\u0119bog\u00f3rze doprowadzi\u0142y do spalenia we wsi wielu gospodarstw i ci\u0119\u017ckich strat poniesionych przez polskich obro\u0144c\u00f3w. W&nbsp;<a href=\"https:\/\/turysta2.pttk.pl\/?p=29203\" class=\"read-more\">Continue Reading<\/a>","protected":false},"author":13,"featured_media":29205,"comment_status":"closed","ping_status":"closed","sticky":false,"template":"","format":"standard","meta":{"footnotes":""},"categories":[93,9],"tags":[],"class_list":["post-29203","post","type-post","status-publish","format-standard","has-post-thumbnail","hentry","category-aktualnosci","category-warto-wiedziec","cat-93-id","cat-9-id"],"aioseo_notices":[],"_links":{"self":[{"href":"https:\/\/turysta2.pttk.pl\/index.php?rest_route=\/wp\/v2\/posts\/29203","targetHints":{"allow":["GET"]}}],"collection":[{"href":"https:\/\/turysta2.pttk.pl\/index.php?rest_route=\/wp\/v2\/posts"}],"about":[{"href":"https:\/\/turysta2.pttk.pl\/index.php?rest_route=\/wp\/v2\/types\/post"}],"author":[{"embeddable":true,"href":"https:\/\/turysta2.pttk.pl\/index.php?rest_route=\/wp\/v2\/users\/13"}],"replies":[{"embeddable":true,"href":"https:\/\/turysta2.pttk.pl\/index.php?rest_route=%2Fwp%2Fv2%2Fcomments&post=29203"}],"version-history":[{"count":4,"href":"https:\/\/turysta2.pttk.pl\/index.php?rest_route=\/wp\/v2\/posts\/29203\/revisions"}],"predecessor-version":[{"id":29217,"href":"https:\/\/turysta2.pttk.pl\/index.php?rest_route=\/wp\/v2\/posts\/29203\/revisions\/29217"}],"wp:featuredmedia":[{"embeddable":true,"href":"https:\/\/turysta2.pttk.pl\/index.php?rest_route=\/wp\/v2\/media\/29205"}],"wp:attachment":[{"href":"https:\/\/turysta2.pttk.pl\/index.php?rest_route=%2Fwp%2Fv2%2Fmedia&parent=29203"}],"wp:term":[{"taxonomy":"category","embeddable":true,"href":"https:\/\/turysta2.pttk.pl\/index.php?rest_route=%2Fwp%2Fv2%2Fcategories&post=29203"},{"taxonomy":"post_tag","embeddable":true,"href":"https:\/\/turysta2.pttk.pl\/index.php?rest_route=%2Fwp%2Fv2%2Ftags&post=29203"}],"curies":[{"name":"wp","href":"https:\/\/api.w.org\/{rel}","templated":true}]}}