{"id":29179,"date":"2023-08-02T11:40:42","date_gmt":"2023-08-02T09:40:42","guid":{"rendered":"https:\/\/turysta2.pttk.pl\/?p=29179"},"modified":"2023-08-02T11:43:51","modified_gmt":"2023-08-02T09:43:51","slug":"dawno-oczekiwane-targi","status":"publish","type":"post","link":"https:\/\/turysta2.pttk.pl\/?p=29179","title":{"rendered":"Dawno oczekiwane targi"},"content":{"rendered":"<div id=\"attachment_29181\" style=\"width: 372px\" class=\"wp-caption alignnone\"><a href=\"https:\/\/turysta2.pttk.pl\/wp-content\/uploads\/2023\/08\/1.-Archiwum-Grupy-MTP-\u2013-Piotr-Pasieczny.jpg\"><img loading=\"lazy\" decoding=\"async\" aria-describedby=\"caption-attachment-29181\" class=\"wp-image-29181\" src=\"https:\/\/turysta2.pttk.pl\/wp-content\/uploads\/2023\/08\/1.-Archiwum-Grupy-MTP-\u2013-Piotr-Pasieczny-300x200.jpg\" alt=\"\" width=\"362\" height=\"241\" srcset=\"https:\/\/turysta2.pttk.pl\/wp-content\/uploads\/2023\/08\/1.-Archiwum-Grupy-MTP-\u2013-Piotr-Pasieczny-300x200.jpg 300w, https:\/\/turysta2.pttk.pl\/wp-content\/uploads\/2023\/08\/1.-Archiwum-Grupy-MTP-\u2013-Piotr-Pasieczny-1024x683.jpg 1024w, https:\/\/turysta2.pttk.pl\/wp-content\/uploads\/2023\/08\/1.-Archiwum-Grupy-MTP-\u2013-Piotr-Pasieczny-768x512.jpg 768w, https:\/\/turysta2.pttk.pl\/wp-content\/uploads\/2023\/08\/1.-Archiwum-Grupy-MTP-\u2013-Piotr-Pasieczny-1536x1024.jpg 1536w, https:\/\/turysta2.pttk.pl\/wp-content\/uploads\/2023\/08\/1.-Archiwum-Grupy-MTP-\u2013-Piotr-Pasieczny.jpg 2008w\" sizes=\"auto, (max-width: 362px) 100vw, 362px\" \/><\/a><p id=\"caption-attachment-29181\" class=\"wp-caption-text\">Stoiska regionalne prezentowa\u0142y: wojew\u00f3dztwo lubelskie, Ma\u0142opolska, Mazowsze, \u015al\u0105sk, Wielkopolska<\/p><\/div>\n<p>W dniach 16\u201318 marca 2023 roku odby\u0142y si\u0119 w warszawskim Pa\u0142acu Kultury i Nauki pierwsze Mi\u0119dzynarodowe Targi Turystyczne ITTF zrealizowane przez Polsk\u0105 Izb\u0119 Turystyki oraz Grup\u0119 MTP z Poznania. Zar\u00f3wno wystawcy, jak i zwiedzaj\u0105cy zgodnie podkre\u015blali, \u017ce t\u0119sknili do targowych spotka\u0144. Pandemia uniemo\u017cliwi\u0142a planowanie takich przedsi\u0119wzi\u0119\u0107, maj\u0105cych znaczenie ekonomiczne, edukacyjne, ale przecie\u017c tak\u017ce towarzyskie, inspiruj\u0105ce. W rozmowach bardzo cz\u0119sto rodz\u0105 si\u0119 koncepcje nowych program\u00f3w, wystawcy monitoruj\u0105 popularno\u015b\u0107 swoich ofert, a zwiedzaj\u0105cy przekonuj\u0105 si\u0119 do wyboru nowych kierunk\u00f3w i form wakacyjnych lub weekendowych podr\u00f3\u017cy.<\/p>\n<p>Podczas targ\u00f3w <strong>swoje oferty zaprezentowa\u0142o 154 wystawc\u00f3w z ponad 20 kraj\u00f3w,<\/strong> m.in. z Armenii, Belgii, Czarnog\u00f3ry, Etiopii, Grecji, Hiszpanii, Macedonii, Indii, Litwy, Malty, Niemiec. Stanowiska mia\u0142y narodowe organizacje turystyczne, biura podr\u00f3\u017cy. Nie\u017ale prezentowa\u0142a si\u0119 Polska. Stoiska regionalne prezentowa\u0142y: wojew\u00f3dztwo lubelskie, Ma\u0142opolska, Mazowsze, \u015al\u0105sk, Wielkopolska. Cho\u0107 PTTK nie mia\u0142o w\u0142asnego stanowiska, w\u015br\u00f3d wystawc\u00f3w mo\u017cna by\u0142o spotka\u0107 dzia\u0142aczy Towarzystwa, wiele interesuj\u0105cych informacji znalaz\u0142o si\u0119 w materia\u0142ach promocyjnych. Np. P\u0142ocka Lokalna Organizacja Turystyczna wsp\u00f3lnie z p\u0142ockim Oddzia\u0142em PTTK organizuje bezp\u0142atne wycieczki po mie\u015bcie dla go\u015bci i mieszka\u0144c\u00f3w. Inny przyk\u0142ad: autorami popularnego przewodnika kolportowanego na targach pt. \u201e\u015al\u0105sk bez barier\u201d przeznaczonego dla niepe\u0142nosprawnych s\u0105 dzia\u0142acze Oddzia\u0142u PTTK w Mys\u0142owicach.<\/p>\n<p>Targom towarzyszy\u0142y liczne prezentacje, konferencje, panele dyskusyjne. Cenne, warto\u015bciowe, ale przede wszystkim pozwalaj\u0105ce na snucie marze\u0144 o podr\u00f3\u017cach i kolejnych spotkaniach.<\/p>\n<p>Targi odwiedzi\u0142o w ci\u0105gu trzech dni 4189 os\u00f3b (profesjonalist\u00f3w i mi\u0142o\u015bnik\u00f3w podr\u00f3\u017cowania), 60 ambasador\u00f3w i przedstawicieli korpusu dyplomatycznego, studenci i nauczyciele z ponad 30 szk\u00f3\u0142 bran\u017cowych (turystyka, hotelarstwo). Dobra frekwencja na tegorocznej imprezie spowodowa\u0142a, \u017ce organizatorzy planuj\u0105 <strong>II edycj\u0119 ITTF Warsaw w dniach 21\u201323 listopada 2024 roku.<\/strong><\/p>\n<p>Patronaty honorowe nad wydarzeniem obj\u0119li: Minister Sportu i Turystyki, Prezes Polskiej Organizacji Turystycznej, Marsza\u0142ek Wojew\u00f3dztwa Mazowieckiego, ponadto Polskie Linie Lotnicze \u201eLOT\u201d.<\/p>\n<p><strong><em>Tekst<\/em> Jan Pawe\u0142 Piotrowski<br \/>\n<em>Zdj\u0119cia<\/em> Archiwum Grupy MTP \u2013 Piotr Pasieczny<\/strong><\/p>\n","protected":false},"excerpt":{"rendered":"W dniach 16\u201318 marca 2023 roku odby\u0142y si\u0119 w warszawskim Pa\u0142acu Kultury i Nauki pierwsze Mi\u0119dzynarodowe Targi Turystyczne ITTF zrealizowane przez Polsk\u0105 Izb\u0119 Turystyki oraz Grup\u0119 MTP z Poznania. Zar\u00f3wno wystawcy, jak i zwiedzaj\u0105cy zgodnie podkre\u015blali, \u017ce t\u0119sknili do targowych spotka\u0144. Pandemia uniemo\u017cliwi\u0142a planowanie takich przedsi\u0119wzi\u0119\u0107, maj\u0105cych znaczenie ekonomiczne, edukacyjne, ale przecie\u017c tak\u017ce towarzyskie, inspiruj\u0105ce. W rozmowach bardzo cz\u0119sto rodz\u0105&nbsp;<a href=\"https:\/\/turysta2.pttk.pl\/?p=29179\" class=\"read-more\">Continue Reading<\/a>","protected":false},"author":13,"featured_media":29187,"comment_status":"closed","ping_status":"closed","sticky":false,"template":"","format":"standard","meta":{"footnotes":""},"categories":[83],"tags":[],"class_list":["post-29179","post","type-post","status-publish","format-standard","has-post-thumbnail","hentry","category-o-tym-pisano","cat-83-id"],"aioseo_notices":[],"_links":{"self":[{"href":"https:\/\/turysta2.pttk.pl\/index.php?rest_route=\/wp\/v2\/posts\/29179","targetHints":{"allow":["GET"]}}],"collection":[{"href":"https:\/\/turysta2.pttk.pl\/index.php?rest_route=\/wp\/v2\/posts"}],"about":[{"href":"https:\/\/turysta2.pttk.pl\/index.php?rest_route=\/wp\/v2\/types\/post"}],"author":[{"embeddable":true,"href":"https:\/\/turysta2.pttk.pl\/index.php?rest_route=\/wp\/v2\/users\/13"}],"replies":[{"embeddable":true,"href":"https:\/\/turysta2.pttk.pl\/index.php?rest_route=%2Fwp%2Fv2%2Fcomments&post=29179"}],"version-history":[{"count":4,"href":"https:\/\/turysta2.pttk.pl\/index.php?rest_route=\/wp\/v2\/posts\/29179\/revisions"}],"predecessor-version":[{"id":29185,"href":"https:\/\/turysta2.pttk.pl\/index.php?rest_route=\/wp\/v2\/posts\/29179\/revisions\/29185"}],"wp:featuredmedia":[{"embeddable":true,"href":"https:\/\/turysta2.pttk.pl\/index.php?rest_route=\/wp\/v2\/media\/29187"}],"wp:attachment":[{"href":"https:\/\/turysta2.pttk.pl\/index.php?rest_route=%2Fwp%2Fv2%2Fmedia&parent=29179"}],"wp:term":[{"taxonomy":"category","embeddable":true,"href":"https:\/\/turysta2.pttk.pl\/index.php?rest_route=%2Fwp%2Fv2%2Fcategories&post=29179"},{"taxonomy":"post_tag","embeddable":true,"href":"https:\/\/turysta2.pttk.pl\/index.php?rest_route=%2Fwp%2Fv2%2Ftags&post=29179"}],"curies":[{"name":"wp","href":"https:\/\/api.w.org\/{rel}","templated":true}]}}