{"id":29163,"date":"2023-08-02T11:35:09","date_gmt":"2023-08-02T09:35:09","guid":{"rendered":"https:\/\/turysta2.pttk.pl\/?p=29163"},"modified":"2023-08-02T11:37:41","modified_gmt":"2023-08-02T09:37:41","slug":"szlakami-ponidzia","status":"publish","type":"post","link":"https:\/\/turysta2.pttk.pl\/?p=29163","title":{"rendered":"Szlakami Ponidzia"},"content":{"rendered":"<p><strong>Poznanie magicznego regionu, jego przyrody, bogatej kultury, tradycji i historii, zobaczenie najpi\u0119kniejszych zabytk\u00f3w Chmielnika, Stopnicy, Nowego Korczyna i Wi\u015blicy \u2013 to by\u0142y cele X Jubileuszowego Rajdu \u015awi\u0119tokrzyskiego \u201ePonidzie\u201d cz. II \u201eSzlakiem baryczkowskim\u201d. Zorganizowali go w kwietniu 2023 roku cz\u0142onkowie Wojskowego Ko\u0142a PTTK przy Klubie 25 Brygady Kawalerii Powietrznej z Tomaszowa Mazowieckiego. <\/strong><\/p>\n<p>&nbsp;<\/p>\n<p>Rajd rozpocz\u0105\u0142 si\u0119 od zwiedzenia O\u015brodka Edukacyjno-Muzealnego \u015awi\u0119tokrzyski Sztetl oraz spaceru po Chmielniku, w trakcie kt\u00f3rego tury\u015bci zobaczyli rynek, pomnik Nike, fontann\u0119 Kula Ziemska oraz G\u0119si\u0105 Studni\u0119. Nast\u0119pnie udali si\u0119 do Stopnicy, gdzie najpierw zwiedzili Zamek Kr\u00f3lewski Kazimierza Wielkiego, w kt\u00f3rym obecnie mie\u015bci si\u0119 Miejsko-Gminne Centrum Kultury, po czym udali si\u0119 w stron\u0119 rynku. Tam obejrzeli gotycki ko\u015bci\u00f3\u0142 pw. \u015awi\u0119tych Aposto\u0142\u00f3w Piotra i Paw\u0142a.<\/p>\n<p>W Nowym Korczynie grupa zobaczy\u0142a ko\u015bci\u00f3\u0142 klasztorny \u015bw. Stanis\u0142awa fundacji Boles\u0142awa Wstydliwego i \u015bw. Kingi z 1257 roku, ko\u015bci\u00f3\u0142 \u015bw. Tr\u00f3jcy z XVI wieku oraz rynek z zabudowaniami z XVII wieku. Zwiedzi\u0142a tak\u017ce dom rodzinny Jana D\u0142ugosza oraz ruiny synagogi. Ostatnim punktem rajdu by\u0142a Wi\u015blica i jej zabytki, a tak\u017ce zbiory Muzeum Archeologicznego (Oddzia\u0142 Muzeum Narodowego w Kielcach).<\/p>\n<p>Tegoroczny rajd zorganizowany zosta\u0142 we wsp\u00f3\u0142pracy z Muzeum Narodowym w Kielcach, Chmielnickim Centrum Kultury, O\u015brodkiem Edukacyjno-Muzealnym \u015awi\u0119tokrzyski Sztetl oraz miastem Chmielnik, Miejsko-Gminnym Centrum Kultury w Stopnicy oraz miastem Stopnica, miastem Nowy Korczyn i Regionaln\u0105 Organizacj\u0105 Turystyczn\u0105 Wojew\u00f3dztwa \u015awi\u0119tokrzyskiego.<\/p>\n<p>&nbsp;<\/p>\n<p><strong><em>Tekst i zdj\u0119cie<\/em> Marcin Reczycki<\/strong><\/p>\n<p>&nbsp;<\/p>\n<p><a href=\"https:\/\/turysta2.pttk.pl\/wp-content\/uploads\/2023\/08\/Znaczek_Rajd_Swietkorzyski_2023-1.jpg\"><img loading=\"lazy\" decoding=\"async\" class=\"alignnone size-medium wp-image-29173\" src=\"https:\/\/turysta2.pttk.pl\/wp-content\/uploads\/2023\/08\/Znaczek_Rajd_Swietkorzyski_2023-1-300x300.jpg\" alt=\"\" width=\"300\" height=\"300\" srcset=\"https:\/\/turysta2.pttk.pl\/wp-content\/uploads\/2023\/08\/Znaczek_Rajd_Swietkorzyski_2023-1-300x300.jpg 300w, https:\/\/turysta2.pttk.pl\/wp-content\/uploads\/2023\/08\/Znaczek_Rajd_Swietkorzyski_2023-1-1020x1024.jpg 1020w, https:\/\/turysta2.pttk.pl\/wp-content\/uploads\/2023\/08\/Znaczek_Rajd_Swietkorzyski_2023-1-150x150.jpg 150w, https:\/\/turysta2.pttk.pl\/wp-content\/uploads\/2023\/08\/Znaczek_Rajd_Swietkorzyski_2023-1-768x771.jpg 768w, https:\/\/turysta2.pttk.pl\/wp-content\/uploads\/2023\/08\/Znaczek_Rajd_Swietkorzyski_2023-1.jpg 1133w\" sizes=\"auto, (max-width: 300px) 100vw, 300px\" \/><\/a><\/p>\n","protected":false},"excerpt":{"rendered":"Poznanie magicznego regionu, jego przyrody, bogatej kultury, tradycji i historii, zobaczenie najpi\u0119kniejszych zabytk\u00f3w Chmielnika, Stopnicy, Nowego Korczyna i Wi\u015blicy \u2013 to by\u0142y cele X Jubileuszowego Rajdu \u015awi\u0119tokrzyskiego \u201ePonidzie\u201d cz. II \u201eSzlakiem baryczkowskim\u201d. Zorganizowali go w kwietniu 2023 roku cz\u0142onkowie Wojskowego Ko\u0142a PTTK przy Klubie 25 Brygady Kawalerii Powietrznej z Tomaszowa Mazowieckiego. &nbsp; Rajd rozpocz\u0105\u0142 si\u0119 od zwiedzenia O\u015brodka Edukacyjno-Muzealnego \u015awi\u0119tokrzyski&nbsp;<a href=\"https:\/\/turysta2.pttk.pl\/?p=29163\" class=\"read-more\">Continue Reading<\/a>","protected":false},"author":13,"featured_media":29171,"comment_status":"closed","ping_status":"closed","sticky":false,"template":"","format":"standard","meta":{"footnotes":""},"categories":[68,41],"tags":[],"class_list":["post-29163","post","type-post","status-publish","format-standard","has-post-thumbnail","hentry","category-turystyka-piesza","category-turystyka-pttk","cat-68-id","cat-41-id"],"aioseo_notices":[],"_links":{"self":[{"href":"https:\/\/turysta2.pttk.pl\/index.php?rest_route=\/wp\/v2\/posts\/29163","targetHints":{"allow":["GET"]}}],"collection":[{"href":"https:\/\/turysta2.pttk.pl\/index.php?rest_route=\/wp\/v2\/posts"}],"about":[{"href":"https:\/\/turysta2.pttk.pl\/index.php?rest_route=\/wp\/v2\/types\/post"}],"author":[{"embeddable":true,"href":"https:\/\/turysta2.pttk.pl\/index.php?rest_route=\/wp\/v2\/users\/13"}],"replies":[{"embeddable":true,"href":"https:\/\/turysta2.pttk.pl\/index.php?rest_route=%2Fwp%2Fv2%2Fcomments&post=29163"}],"version-history":[{"count":3,"href":"https:\/\/turysta2.pttk.pl\/index.php?rest_route=\/wp\/v2\/posts\/29163\/revisions"}],"predecessor-version":[{"id":29175,"href":"https:\/\/turysta2.pttk.pl\/index.php?rest_route=\/wp\/v2\/posts\/29163\/revisions\/29175"}],"wp:featuredmedia":[{"embeddable":true,"href":"https:\/\/turysta2.pttk.pl\/index.php?rest_route=\/wp\/v2\/media\/29171"}],"wp:attachment":[{"href":"https:\/\/turysta2.pttk.pl\/index.php?rest_route=%2Fwp%2Fv2%2Fmedia&parent=29163"}],"wp:term":[{"taxonomy":"category","embeddable":true,"href":"https:\/\/turysta2.pttk.pl\/index.php?rest_route=%2Fwp%2Fv2%2Fcategories&post=29163"},{"taxonomy":"post_tag","embeddable":true,"href":"https:\/\/turysta2.pttk.pl\/index.php?rest_route=%2Fwp%2Fv2%2Ftags&post=29163"}],"curies":[{"name":"wp","href":"https:\/\/api.w.org\/{rel}","templated":true}]}}