{"id":29155,"date":"2023-08-02T11:28:44","date_gmt":"2023-08-02T09:28:44","guid":{"rendered":"https:\/\/turysta2.pttk.pl\/?p=29155"},"modified":"2023-08-02T11:31:02","modified_gmt":"2023-08-02T09:31:02","slug":"gdynskie-wakacje-z-architektura","status":"publish","type":"post","link":"https:\/\/turysta2.pttk.pl\/?p=29155","title":{"rendered":"Gdy\u0144skie \u201eWakacje z architektur\u0105\u201d"},"content":{"rendered":"<p><strong>Gdy\u0144skie \u201eWakacje z architektur\u0105\u201d<\/strong><\/p>\n<p>Urz\u0105d Miasta Gdyni we wsp\u00f3\u0142pracy z Agencj\u0105 Rozwoju Gdyni i przewodnikami stara si\u0119 przybli\u017ca\u0107 mieszka\u0144com i turystom histori\u0119 powstawania portu, miasta oraz ludzi, kt\u00f3rzy w nim \u017cyli i pracowali. W tym celu organizowane s\u0105 imprezy pod has\u0142em \u201eWakacje z architektur\u0105 \u2013 wakacje z modernizmem\u201d. R\u00f3wnie\u017c w tym roku, w ka\u017cd\u0105 sobot\u0119 lipca i sierpnia, o godzinie 14, planowane s\u0105 spacery, kt\u00f3re poprowadz\u0105 certyfikowani przewodnicy \u201eGdy\u0144skiego Szlaku Modernizmu\u201d: Jolanta Karolak, Robert Chrzanowski i Jaros\u0142aw Kaczmarczyk.<\/p>\n<p>Spacery te s\u0105 popularne zar\u00f3wno w\u015br\u00f3d mieszka\u0144c\u00f3w Gdyni, odkrywaj\u0105cych swoje miasto na nowo, jak i w\u015br\u00f3d turyst\u00f3w odpoczywaj\u0105cych nad morzem. Zwykle bierze w nich udzia\u0142 od 20 do 40 os\u00f3b, s\u0105 one bezp\u0142atne i nie wymagaj\u0105 zapis\u00f3w.<\/p>\n<p>Niew\u0105tpliw\u0105 atrakcj\u0105 jest mo\u017cliwo\u015b\u0107 wej\u015bcia na klatki schodowe modernistycznych kamienic, do piwnic, schron\u00f3w, do miejsc na og\u00f3\u0142 niedost\u0119pnych dla indywidualnego turysty. Poniewa\u017c ka\u017cdy ze spacer\u00f3w prowadzi inn\u0105 tras\u0105, opowiada inn\u0105 histori\u0119, wielu mieszka\u0144c\u00f3w uczestniczy w kilku spotkaniach.<\/p>\n<p>Pasjonaci fotografii b\u0119d\u0105 mogli wzi\u0105\u0107 udzia\u0142 w kolejnej edycji konkursu \u201eGdy\u0144ski modernizm w obiektywie\u201d. Ch\u0119tni otrzymaj\u0105 od przewodnik\u00f3w potwierdzenie zwiedzanych obiekt\u00f3w, potrzebne do uzyskania Regionalnej Odznaki Krajoznawczej PTTK \u201eZnam Gdy\u0144ski Modernizm\u201d.<\/p>\n<p>&nbsp;<\/p>\n<p><strong><em>Tekst<\/em> Jolanta Karolak<br \/>\n<\/strong>Instruktor krajoznawstwa Polski, certyfikowany przewodnik gdy\u0144skiego modernizmu.<\/p>\n<p><strong><em>Zdj\u0119cie<\/em> Micha\u0142 Karolak<\/strong><\/p>\n","protected":false},"excerpt":{"rendered":"Gdy\u0144skie \u201eWakacje z architektur\u0105\u201d Urz\u0105d Miasta Gdyni we wsp\u00f3\u0142pracy z Agencj\u0105 Rozwoju Gdyni i przewodnikami stara si\u0119 przybli\u017ca\u0107 mieszka\u0144com i turystom histori\u0119 powstawania portu, miasta oraz ludzi, kt\u00f3rzy w nim \u017cyli i pracowali. W tym celu organizowane s\u0105 imprezy pod has\u0142em \u201eWakacje z architektur\u0105 \u2013 wakacje z modernizmem\u201d. R\u00f3wnie\u017c w tym roku, w ka\u017cd\u0105 sobot\u0119 lipca i sierpnia, o godzinie&nbsp;<a href=\"https:\/\/turysta2.pttk.pl\/?p=29155\" class=\"read-more\">Continue Reading<\/a>","protected":false},"author":13,"featured_media":29159,"comment_status":"closed","ping_status":"closed","sticky":false,"template":"","format":"standard","meta":{"footnotes":""},"categories":[93,9],"tags":[],"class_list":["post-29155","post","type-post","status-publish","format-standard","has-post-thumbnail","hentry","category-aktualnosci","category-warto-wiedziec","cat-93-id","cat-9-id"],"aioseo_notices":[],"_links":{"self":[{"href":"https:\/\/turysta2.pttk.pl\/index.php?rest_route=\/wp\/v2\/posts\/29155","targetHints":{"allow":["GET"]}}],"collection":[{"href":"https:\/\/turysta2.pttk.pl\/index.php?rest_route=\/wp\/v2\/posts"}],"about":[{"href":"https:\/\/turysta2.pttk.pl\/index.php?rest_route=\/wp\/v2\/types\/post"}],"author":[{"embeddable":true,"href":"https:\/\/turysta2.pttk.pl\/index.php?rest_route=\/wp\/v2\/users\/13"}],"replies":[{"embeddable":true,"href":"https:\/\/turysta2.pttk.pl\/index.php?rest_route=%2Fwp%2Fv2%2Fcomments&post=29155"}],"version-history":[{"count":1,"href":"https:\/\/turysta2.pttk.pl\/index.php?rest_route=\/wp\/v2\/posts\/29155\/revisions"}],"predecessor-version":[{"id":29157,"href":"https:\/\/turysta2.pttk.pl\/index.php?rest_route=\/wp\/v2\/posts\/29155\/revisions\/29157"}],"wp:featuredmedia":[{"embeddable":true,"href":"https:\/\/turysta2.pttk.pl\/index.php?rest_route=\/wp\/v2\/media\/29159"}],"wp:attachment":[{"href":"https:\/\/turysta2.pttk.pl\/index.php?rest_route=%2Fwp%2Fv2%2Fmedia&parent=29155"}],"wp:term":[{"taxonomy":"category","embeddable":true,"href":"https:\/\/turysta2.pttk.pl\/index.php?rest_route=%2Fwp%2Fv2%2Fcategories&post=29155"},{"taxonomy":"post_tag","embeddable":true,"href":"https:\/\/turysta2.pttk.pl\/index.php?rest_route=%2Fwp%2Fv2%2Ftags&post=29155"}],"curies":[{"name":"wp","href":"https:\/\/api.w.org\/{rel}","templated":true}]}}