{"id":29119,"date":"2023-08-02T11:20:18","date_gmt":"2023-08-02T09:20:18","guid":{"rendered":"https:\/\/turysta2.pttk.pl\/?p=29119"},"modified":"2023-08-02T11:26:41","modified_gmt":"2023-08-02T09:26:41","slug":"piecdziesiat-lat-pisma-magury","status":"publish","type":"post","link":"https:\/\/turysta2.pttk.pl\/?p=29119","title":{"rendered":"Pi\u0119\u0107dziesi\u0105t lat pisma \u201eMagury\u201d"},"content":{"rendered":"<p>&nbsp;<\/p>\n<p><strong><a href=\"https:\/\/turysta2.pttk.pl\/wp-content\/uploads\/2023\/08\/Okladka-Magury22-1.jpg\"><img loading=\"lazy\" decoding=\"async\" class=\"alignnone wp-image-29149\" src=\"https:\/\/turysta2.pttk.pl\/wp-content\/uploads\/2023\/08\/Okladka-Magury22-1-215x300.jpg\" alt=\"\" width=\"266\" height=\"371\" srcset=\"https:\/\/turysta2.pttk.pl\/wp-content\/uploads\/2023\/08\/Okladka-Magury22-1-215x300.jpg 215w, https:\/\/turysta2.pttk.pl\/wp-content\/uploads\/2023\/08\/Okladka-Magury22-1-734x1024.jpg 734w, https:\/\/turysta2.pttk.pl\/wp-content\/uploads\/2023\/08\/Okladka-Magury22-1-768x1071.jpg 768w, https:\/\/turysta2.pttk.pl\/wp-content\/uploads\/2023\/08\/Okladka-Magury22-1-1101x1536.jpg 1101w, https:\/\/turysta2.pttk.pl\/wp-content\/uploads\/2023\/08\/Okladka-Magury22-1-1469x2048.jpg 1469w, https:\/\/turysta2.pttk.pl\/wp-content\/uploads\/2023\/08\/Okladka-Magury22-1.jpg 1772w\" sizes=\"auto, (max-width: 266px) 100vw, 266px\" \/><\/a><\/strong><\/p>\n<p><strong>Mamy w naszym Towarzystwie publikacje wydawane przez Zarz\u0105d G\u0142\u00f3wny, takie jak \u201eWierchy\u201d, \u201eZiemia\u201d czy te\u017c wznowiony po bardzo d\u0142ugiej przerwie \u201eTurysta\u201d. S\u0105 te\u017c godne uwagi \u2013 mniej znane szerszemu og\u00f3\u0142owi turyst\u00f3w \u2013 wydawnictwa regionalne. Jedno z nich nosi obecnie do\u015b\u0107 d\u0142ugi tytu\u0142: \u201eMagury: rocznik krajoznawczy po\u015bwi\u0119cony Beskidowi Niskiemu i Pog\u00f3rzom\u201d. Wydaje je Studenckie Ko\u0142o Przewodnik\u00f3w Beskidzkich w Warszawie. Pierwszy numer \u201eMagur\u201d ukaza\u0142 si\u0119 w 1972 roku, a wi\u0119c ponad 50 lat temu<\/strong>.<\/p>\n<p>&nbsp;<\/p>\n<p>W drugiej po\u0142owie lat 60. XX wieku wspomniane ko\u0142o przewodnik\u00f3w organizowa\u0142o jesienne rajdy studenckie w Bieszczadach i z tej okazji wydawa\u0142o rocznik \u201ePo\u0142oniny\u201d (ju\u017c si\u0119 nie ukazuje). Wiosn\u0105 natomiast organizowa\u0142o rajdy w Beskidzie Niskim i w zwi\u0105zku z tym w latach 1965\u20131971 ukazywa\u0142 si\u0119 informator \u201eBeskid Niski\u201d. Te dwa wydawnictwa poprzedzi\u0142y \u201eMagury\u201d, kt\u00f3re ukaza\u0142y si\u0119 po raz pierwszy w 1972 roku.<\/p>\n<p>Ich redaktorem by\u0142 w\u00f3wczas Przemys\u0142aw Pilich, a po nim \u2013 kolejni przewodnicy beskidzcy, m.in. Krzysztof Kleszcz, Tomasz W. \u0141\u0119kawski, Pawe\u0142 Lubo\u0144ski, Bogdan Mo\u015bcicki, Andrzej Wielocha i Anna Zatorska. Od 2002 roku redaktorami \u201eMagur\u201d s\u0105 S\u0142awomir Michalik i\u00a0 Aneta Za\u0142uga. To ich zas\u0142uga, \u017ce rocznik nadal si\u0119 ukazuje, i to regularnie. Zar\u00f3wno redaktorzy, jak i autorzy od 50 lat pracuj\u0105 spo\u0142ecznie.<\/p>\n<p>W ka\u017cdym numerze rocznika zamieszczano interesuj\u0105ce opracowania opisuj\u0105ce miejscowo\u015bci, histori\u0119 regionu i ludzi z nim zwi\u0105zanych, masywy g\u00f3rskie, przyrod\u0119, zabytki, nazewnictwo, obyczaje, legendy. Oto kilka przyk\u0142ad\u00f3w: \u201e\u015aladem lotniczych znalezisk w Beskidzie Niskim\u201d Krzysztofa Segita (1973), \u201eBiskup warmi\u0144ski rodem z Biecza\u201d Tomasza W. \u0141\u0119kawskiego (1974), \u201eKamieniarstwo w Beskidzie Niskim\u201d Jana Bazyla Lipszyca (1975), \u201eW kr\u0119gu wp\u0142yw\u00f3w kultury bizanty\u0144skiej w po\u0142udniowo-wschodniej Polsce. Ikony\u201d Andrzeja Wielochy (1978), \u201eKwiaty wiosenne Beskidu Niskiego\u201d Tadeusza Pyrcaka (1979), \u201eDawna kuchnia \u0142emkowska\u201d Stanis\u0142aw Iwaniszewskiego (1980).<\/p>\n<p>Jubileuszowe \u201eMagury 22\u201d zawieraj\u0105 m.in. spis zawarto\u015bci informatora \u201eBeskid Niski\u201d i \u201eMagur\u201d od pocz\u0105tku ich istnienia. Interesuj\u0105cy dla krajoznawc\u00f3w i turyst\u00f3w jest sta\u0142y dzia\u0142 \u2013 przegl\u0105d wydawnictw na temat Beskidu Niskiego za rok poprzedni (obecnie za 2021). Na uwag\u0119 zas\u0142uguje r\u00f3wnie\u017c bogaty (48 stron) \u201eKatalog wybranych miejsc obronnych mi\u0119dzy Gorlicami a Przemy\u015blem\u201d. Autorem jest wybitny znawca \u0141emkowszczyzny, Stanis\u0142aw Kryci\u0144ski. Trzy opracowania dotycz\u0105 zb\u00f3jnictwa. Mo\u017cna si\u0119 dowiedzie\u0107, \u017ce g\u00f3rali paraj\u0105cych si\u0119 rozbojem nazywano w Beskidzie Niskim <em>beskidnikami<\/em><em>,<\/em> a wyraz <em>bursa<\/em> (oznaczaj\u0105cy dzi\u015b internat lub akademik) okre\u015bla\u0142... oddzia\u0142 zb\u00f3jnik\u00f3w.<\/p>\n<p>\u017byjemy w czasach, kiedy s\u0142owo drukowane prze\u017cywa kryzys, dlatego te\u017c na uwag\u0119 i uznanie zas\u0142uguje powstanie \u201eBiblioteki Magur\u201d. W 2022 roku ukaza\u0142 si\u0119 jej pierwszy tom \u2013 ksi\u0105\u017cka Tadeusza M. Trajdosa <em>Warsztat malarski Alojzego Zampha w Bardiowie oraz Wiktora Zampha w Bardiowie i Krynicy w drugiej po\u0142owie XIX wieku<\/em>. Ukaza\u0142a si\u0119 ona w nak\u0142adzie 300 egzemplarzy jako 192 publikacja warszawskiego Studenckiego Ko\u0142a Przewodnik\u00f3w Beskidzkich. Jest to wydawnictwo warto\u015bciowe i chocia\u017c zainteresuje mo\u017ce niewielk\u0105 grup\u0119 czytelnik\u00f3w, zas\u0142uguje na uwag\u0119.<\/p>\n<p>\u201eMagurom\u201d, ich redaktorom i autorom \u017cyczymy co najmniej kolejnych 50 lat!<\/p>\n<p><em><strong>Tekst<\/strong><\/em> <strong>Przemys\u0142aw Pilich<\/strong><\/p>\n<p>&nbsp;<\/p>\n<p>&nbsp;<\/p>\n","protected":false},"excerpt":{"rendered":"&nbsp; Mamy w naszym Towarzystwie publikacje wydawane przez Zarz\u0105d G\u0142\u00f3wny, takie jak \u201eWierchy\u201d, \u201eZiemia\u201d czy te\u017c wznowiony po bardzo d\u0142ugiej przerwie \u201eTurysta\u201d. S\u0105 te\u017c godne uwagi \u2013 mniej znane szerszemu og\u00f3\u0142owi turyst\u00f3w \u2013 wydawnictwa regionalne. Jedno z nich nosi obecnie do\u015b\u0107 d\u0142ugi tytu\u0142: \u201eMagury: rocznik krajoznawczy po\u015bwi\u0119cony Beskidowi Niskiemu i Pog\u00f3rzom\u201d. Wydaje je Studenckie Ko\u0142o Przewodnik\u00f3w Beskidzkich w Warszawie. Pierwszy&nbsp;<a href=\"https:\/\/turysta2.pttk.pl\/?p=29119\" class=\"read-more\">Continue Reading<\/a>","protected":false},"author":13,"featured_media":0,"comment_status":"closed","ping_status":"closed","sticky":false,"template":"","format":"standard","meta":{"footnotes":""},"categories":[86],"tags":[],"class_list":["post-29119","post","type-post","status-publish","format-standard","hentry","category-biblioteczka-turystyczna","cat-86-id"],"aioseo_notices":[],"_links":{"self":[{"href":"https:\/\/turysta2.pttk.pl\/index.php?rest_route=\/wp\/v2\/posts\/29119","targetHints":{"allow":["GET"]}}],"collection":[{"href":"https:\/\/turysta2.pttk.pl\/index.php?rest_route=\/wp\/v2\/posts"}],"about":[{"href":"https:\/\/turysta2.pttk.pl\/index.php?rest_route=\/wp\/v2\/types\/post"}],"author":[{"embeddable":true,"href":"https:\/\/turysta2.pttk.pl\/index.php?rest_route=\/wp\/v2\/users\/13"}],"replies":[{"embeddable":true,"href":"https:\/\/turysta2.pttk.pl\/index.php?rest_route=%2Fwp%2Fv2%2Fcomments&post=29119"}],"version-history":[{"count":6,"href":"https:\/\/turysta2.pttk.pl\/index.php?rest_route=\/wp\/v2\/posts\/29119\/revisions"}],"predecessor-version":[{"id":29145,"href":"https:\/\/turysta2.pttk.pl\/index.php?rest_route=\/wp\/v2\/posts\/29119\/revisions\/29145"}],"wp:attachment":[{"href":"https:\/\/turysta2.pttk.pl\/index.php?rest_route=%2Fwp%2Fv2%2Fmedia&parent=29119"}],"wp:term":[{"taxonomy":"category","embeddable":true,"href":"https:\/\/turysta2.pttk.pl\/index.php?rest_route=%2Fwp%2Fv2%2Fcategories&post=29119"},{"taxonomy":"post_tag","embeddable":true,"href":"https:\/\/turysta2.pttk.pl\/index.php?rest_route=%2Fwp%2Fv2%2Ftags&post=29119"}],"curies":[{"name":"wp","href":"https:\/\/api.w.org\/{rel}","templated":true}]}}