{"id":28947,"date":"2023-08-01T13:24:55","date_gmt":"2023-08-01T11:24:55","guid":{"rendered":"https:\/\/turysta2.pttk.pl\/?p=28947"},"modified":"2023-08-01T14:02:00","modified_gmt":"2023-08-01T12:02:00","slug":"ruszajmy-na-mazurska-petle-rowerowa","status":"publish","type":"post","link":"https:\/\/turysta2.pttk.pl\/?p=28947","title":{"rendered":"Ruszajmy na Mazursk\u0105 P\u0119tl\u0119 Rowerow\u0105!"},"content":{"rendered":"<p><strong>W planach naszych letnich wypraw rowerowych warto uwzgl\u0119dni\u0107 nowy szlak wytyczony wok\u00f3\u0142 Wielkich Jezior Mazurskich. Mazurska P\u0119tla Rowerowa \u2013 bo o niej mowa \u2013 ma oko\u0142o 300 km d\u0142ugo\u015bci i wiedzie przez niezwykle urokliwe zak\u0105tki Krainy Wielkich Jezior Mazurskich, Pojezierza Mr\u0105gowskiego i R\u00f3wniny Mazurskiej.<\/strong><\/p>\n<p>Jako oficjalny termin oddania ca\u0142o\u015bci inwestycji do u\u017cytku wskazano czerwiec 2023 roku. Jednak wiele odcink\u00f3w szlaku by\u0142o przejezdnych ju\u017c wcze\u015bniej i zbiera\u0142o pozytywne oceny w\u015br\u00f3d turyst\u00f3w rowerowych. Nic w tym dziwnego, bo g\u0142\u00f3wnymi atutami Mazurskiej P\u0119tli Rowerowej s\u0105 malownicze i urozmaicone krajobrazy, kt\u00f3re mo\u017cemy podziwia\u0107 na trasie: b\u0142yszcz\u0105ce w promieniach s\u0142o\u0144ca tafle jezior, ci\u0105gn\u0105ce si\u0119 po horyzont lasy, kolorowa mozaika p\u00f3l uprawnych i \u0142\u0105k. Poszczeg\u00f3lne odcinki szlaku s\u0105 bardzo zr\u00f3\u017cnicowane, zar\u00f3wno pod wzgl\u0119dem trudno\u015bci, jak i rodzaju nawierzchni. S\u0105 w\u015br\u00f3d nich odcinki utwardzone, szutrowe, gruntowe le\u015bne \u2013 zar\u00f3wno ca\u0142kiem p\u0142askie, jak i prawie \u201eg\u00f3rskie\u201d.<\/p>\n<p>W ramach realizacji projektu wybudowano oko\u0142o 58 km wydzielonych \u015bcie\u017cek rowerowych i wyremontowano 16 km istniej\u0105cych dr\u00f3g. Szlak zaopatrzono w jednolite oznakowanie, wykonano te\u017c wzd\u0142u\u017c niego 18 miejsc obs\u0142ugi rowerzyst\u00f3w (MOR) oraz 9 wie\u017c widokowych, umo\u017cliwiaj\u0105cych obserwacj\u0119 okolic z ptasiej perspektywy. MOR-y wyposa\u017cono w wiaty wypoczynkowe, stojaki rowerowe, toalety, kosze na \u015bmieci, przy\u0142\u0105cza umo\u017cliwiaj\u0105ce dost\u0119p do energii elektrycznej.<\/p>\n<p>Projekt realizowa\u0142y samorz\u0105dy zrzeszone w Stowarzyszeniu Wielkich Jezior Mazurskich 2020 w partnerstwie z nadle\u015bnictwami, Generaln\u0105 Dyrekcj\u0105 Dr\u00f3g Krajowych i Autostrad oraz Zarz\u0105dem Dr\u00f3g Wojew\u00f3dzkich w Olsztynie.<\/p>\n<p><strong>Mazurska przyroda, miasteczka i woda<\/strong><\/p>\n<p>Cz\u0119\u015b\u0107 szlaku przebiega przez tereny najwi\u0119kszego w regionie Mazurskiego Parku Krajobrazowego i ost\u0119py Puszczy Piskiej. Jad\u0105c, mijamy te\u017c kilka rezerwat\u00f3w przyrody, m.in. Sztynort, Jezioro Dobskie, Jezioro \u0141uknajno (z jedn\u0105 z najwi\u0119kszych w Europie kolonii \u0142ab\u0119dzia niemego, licz\u0105c\u0105 do 2 tys. osobnik\u00f3w), Nietlickie Bagno (b\u0119d\u0105cy najwi\u0119ksz\u0105 w Polsce ostoj\u0105 przelotnych \u017curawi) i Jezioro Nidzkie. Obcowanie z przyrod\u0105 to nie wszystko, mo\u017cemy te\u017c poznawa\u0107 walory kulturowe Mazur, zar\u00f3wno w mijanych wsiach, jak i w miastach.<\/p>\n<p>Szlak \u0142\u0105czy najwa\u017cniejsze miasta le\u017c\u0105ce nad Wielkimi Jeziorami Mazurskimi (W\u0119gorzewo, Ryn, Miko\u0142ajki, Ruciane-Nida, Pisz, Gi\u017cycko), a jego odnoga si\u0119ga do Mr\u0105gowa (P\u0119tla Mr\u0105gowska). Mazurska P\u0119tla Rowerowa biegnie przez 12 gmin, a w W\u0119gorzewie spotyka si\u0119 ze Wschodnim Szlakiem Rowerowym Green Velo (jego odcinek w wojew\u00f3dztwie warmi\u0144sko-mazurskim liczy oko\u0142o 400 km).<\/p>\n<p>Przez Wielkie Jeziora Mazurskie wiedzie popularny szlak \u017ceglarski (licz\u0105cy ponad 130 km). W sezonie turystycznym (od 15 kwietnia do 15 pa\u017adziernika) po kompleksie jezior kursuj\u0105 te\u017c statki wycieczkowe (wyp\u0142ywaj\u0105 z przystani w wymienionych miastach, a tak\u017ce w Rydzewie i Starych Sadach). Wycieczk\u0119 rowerow\u0105 mo\u017cemy wi\u0119c urozmaici\u0107 sobie rejsem. A tak\u017ce sp\u0142ywem kajakowym, bo Mazurska P\u0119tla Rowerowa przecina kilka szlak\u00f3w kajakowych: Krutyni (najbardziej znany), Dajny, Sapiny i W\u0119gorapy.<\/p>\n<p><strong>\u015aladami burzliwej historii\u00a0 \u00a0<\/strong><\/p>\n<p>Zaopatrzeni w podstawowe informacje, mo\u017cemy rusza\u0107 na tras\u0119. Oczywi\u015bcie warto podzieli\u0107 j\u0105 sobie na wygodne etapy, bior\u0105c pod uwag\u0119 w\u0142asne ch\u0119ci i mo\u017cliwo\u015bci. Po drodze natomiast zatrzymajmy si\u0119, by przyjrze\u0107 si\u0119 kilku ciekawym miejscom i obiektom, po\u0142o\u017conym z dala od miast.<\/p>\n<p>Po starcie z W\u0119gorzewa kierujemy si\u0119 na zach\u00f3d, okr\u0105\u017caj\u0105c jezioro Mamry. Po pokonaniu prawie 14 km, za wsi\u0105 Przysta\u0144, przeje\u017cd\u017camy mostem na Kanale Mazurskim i mijamy Kwater\u0119 G\u0142\u00f3wn\u0105 Niemieckich Wojsk L\u0105dowych w <strong>Mamerkach<\/strong>. Kana\u0142 mia\u0142 po\u0142\u0105czy\u0107 Wielkie Jeziora Mazurskie z Ba\u0142tykiem przez rzeki \u0141yn\u0119 i Prego\u0142\u0119, ale pozosta\u0142 nieuko\u0144czony. W 1945 roku przeci\u0119\u0142a go granica pa\u0144stwowa \u2013 po stronie polskiej znalaz\u0142o si\u0119 ponad 20 km jego biegu z pi\u0119cioma niedoko\u0144czonymi \u015bluzami. Szczeg\u00f3lnie znana jest \u015bluza <strong>Le\u015bniewo G\u00f3rne (fot. 1) <\/strong>z korpusem o wysoko\u015b\u0107 17 m, na kt\u00f3rym zwraca uwag\u0119 wn\u0119ka na nazistowskie god\u0142o. W kwaterze w Mamerkach mo\u017cemy obejrze\u0107 30 dobrze zachowanych \u017celbetowych schron\u00f3w. W cz\u0119\u015bci z nich urz\u0105dzono ekspozycje muzealne dotycz\u0105ce II wojny \u015bwiatowej. Kilka lat temu o Mamerkach sta\u0142o si\u0119 g\u0142o\u015bno z powodu poszukiwania w kompleksie Bursztynowej Komnaty.<\/p>\n<p>Po przejechaniu kolejnych 10 km docieramy do <strong>Sztynortu (fot. 2),<\/strong> kt\u00f3ry od 1420 roku nale\u017ca\u0142 do s\u0142ynnego rodu Lehndorff\u00f3w. Jako siedzib\u0119 wznie\u015bli oni sobie tutaj w latach 1689\u20131691 barokowy pa\u0142ac, kt\u00f3ry potem zosta\u0142 znacznie rozbudowany. W go\u015bcinie u jego w\u0142a\u015bcicieli bywali wybitni ludzie r\u00f3\u017cnych epok, m.in. ksi\u0105\u017c\u0119 poet\u00f3w polskich, czyli biskup Ignacy Krasicki. Ostatni z w\u0142a\u015bcicieli Sztynortu zosta\u0142 stracony za udzia\u0142 w nieudanym spisku na \u017cycie Hitlera. Sztynorcki pa\u0142ac, b\u0119d\u0105cy niegdy\u015b per\u0142\u0105 Mazur, po II wojnie ogo\u0142ocony przez czerwonoarmist\u00f3w, a potem u\u017cytkowany przez PGR, dzi\u015b jest cieniem dawnego siebie, a przed popadni\u0119ciem w ruin\u0119 ratuj\u0105 go dora\u017ane prace remontowe. O dawnej \u015bwietno\u015bci za\u0142o\u017cenia przypominaj\u0105 zachowana cz\u0119\u015b\u0107 parku oraz prowadz\u0105ca do niego aleja d\u0119bowa. Nad Jeziorem Sztynorckim, po\u0142\u0105czonym z jeziorem \u0141abap, funkcjonuje najwi\u0119kszy port jachtowy Wielkich Jezior Mazurskich.<\/p>\n<p><strong>Tam bywali poeci i... Tatarzy\u00a0 \u00a0<\/strong><\/p>\n<p>Zanim dotrzemy do kolejnego miejsca, kt\u00f3re zapisa\u0142o si\u0119 w historii pobytem znanego poety, pokonujemy prawie 120 km, przecinamy Ruciane-Nid\u0119 i zag\u0142\u0119biamy si\u0119 w serce Puszczy Piskiej. Kilka kilometr\u00f3w dalej docieramy do <strong>Le\u015bnicz\u00f3wki Pranie (fot. 3)<\/strong>, gdzie mie\u015bci si\u0119 Muzeum Konstantego Ildefonsa Ga\u0142czy\u0144skiego. Poeta przeje\u017cd\u017ca\u0142 tu w latach 1950\u20131953 i tworzy\u0142 (m.in. pami\u0119tn\u0105 <em>Kronik\u0119 Olszty\u0144sk\u0105<\/em>). W le\u015bnicz\u00f3wce, zbudowanej oko\u0142o 1880 roku, mo\u017cemy pozna\u0107 bli\u017cej \u017cycie i dzie\u0142o poety, kt\u00f3ry w powszechnej \u015bwiadomo\u015bci znany jest jako autor miniatur dramatycznych z cyklu <em>Teatrzyk Zielona G\u0119\u015b<\/em>. Przy le\u015bnicz\u00f3wce jest punkt pocz\u0105tkowy i ko\u0144cowy \u015bcie\u017cki przyrodniczo-dydaktycznej \u201e\u015aladami Ga\u0142czy\u0144skiego\u201d o d\u0142ugo\u015bci 1,4 km. Prowadzi ona wzd\u0142u\u017c stromego brzegu Jeziora Nidzkiego, sk\u0105d rozci\u0105gaj\u0105 si\u0119 malownicze widoki, do pomnikowego d\u0119bu Perkun, kt\u00f3ry liczy 800 lat.<\/p>\n<p>Kontynuujemy obje\u017cd\u017canie Jeziora Nidzkiego, a potem przez Wiartel docieramy do Pisza. Pod\u0105\u017caj\u0105c dalej, docieramy w pobli\u017ce \u015aniardw \u2013 najwi\u0119kszego jeziora w Polsce. W miejscowo\u015bci Zdory (oko\u0142o 45 km od Prania) mo\u017cemy zjecha\u0107 z trasy w lewo, aby podziwia\u0107 panoram\u0119 jeziora z jednego z najbardziej znanych punkt\u00f3w widokowych Mazur. Jest nim wysoki klif na wyspie Szeroki Ostr\u00f3w, najwi\u0119kszej na \u015aniardwach, po\u0142\u0105czonej ze sta\u0142ym l\u0105dem grobl\u0105. Wysp\u0119 porastaj\u0105 stare drzewa r\u00f3\u017cnych gatunk\u00f3w. Z osady, kt\u00f3ra niegdy\u015b na niej funkcjonowa\u0142a, pozosta\u0142y jedynie fundamenty i piwnice dom\u00f3w.<\/p>\n<p>Do kolejnej z ciekawych atrakcji docieramy po pokonaniu nast\u0119pnych 50 km. Min\u0105wszy Cierzpi\u0119ty i Marcinow\u0105 Wol\u0119 nad jeziorem Buwe\u0142no, w Wysokiej K\u0119pie zje\u017cd\u017camy w prawo ze szlaku, by zatrzyma\u0107 si\u0119 w Mi\u0142kach. Tutaj wznosi si\u0119 najstarszy <strong>ko\u015bci\u00f3\u0142 na Mazurach (fot. 4)<\/strong>, obecnie pw. Matki Boskiej Kr\u00f3lowej Polski. Jego historia si\u0119ga 1481 roku. Z tego okresu zachowa\u0142o si\u0119 gotyckie prezbiterium, g\u0142\u00f3wny korpus jest za\u015b barokowy \u2013 powsta\u0142, gdy \u015bwi\u0105tyni\u0119 odbudowano w 1669 roku po spaleniu przez Tatar\u00f3w. Specyficzn\u0105 pami\u0105tk\u0105 po zniszczeniach z czas\u00f3w I wojny \u015bwiatowej jest witra\u017c, ukazuj\u0105cy \u017co\u0142nierzy niemieckich na tle zniszczonej wie\u017cy ko\u015bcielnej. Wi\u0119kszo\u015b\u0107 wyposa\u017cenia \u015bwi\u0105tyni pochodzi z ko\u0144ca XVII wieku, w tym o\u0142tarz g\u0142\u00f3wny z obrazem \u201eOstatnia Wieczerza\u201d i empora muzyczna.<\/p>\n<p><strong>Warmia i Mazury czekaj\u0105 na rowerzyst\u00f3w<\/strong><\/p>\n<p>To oczywi\u015bcie tylko wybrane propozycje atrakcji do zobaczenia na trasie. Jad\u0105c ni\u0105, nie spos\u00f3b omin\u0105\u0107 tak\u017ce innych, np. Muzeum Kultury Ludowej w W\u0119gorzewie, zamku i wie\u017cy ci\u015bnie\u0144 w Rynie, amfiteatru w Mr\u0105gowie, ko\u015bcio\u0142a pw. \u015bw. Miko\u0142aja i fontanny z Kr\u00f3lem Sielaw w Miko\u0142ajkach, wy\u0142uszczarni nasion w Rucianem-Nidzie, mostu obrotowego i Twierdzy Boyen w Gi\u017cycku.<\/p>\n<p>Do trzech miast na szlaku mo\u017cna dojecha\u0107 poci\u0105giem. Na p\u00f3\u0142nocnej linii kolejowej \u0142\u0105cz\u0105cej Olsztyn z E\u0142kiem (przez K\u0119trzyn) le\u017cy Gi\u017cycko, natomiast na linii po\u0142udniowej \u2013 le\u017c\u0105 Ruciane-Nida i Pisz. Na stacjach zatrzymuj\u0105 si\u0119 poci\u0105gi regionalne oraz dalekobie\u017cne.<\/p>\n<p><strong>Warto wiedzie\u0107<br \/>\n<\/strong>Z my\u015bl\u0105 o turystach rowerowych powsta\u0142 katalog 44 szlak\u00f3w (w tym Mazurskiej P\u0119tli Rowerowej) i nieoznakowanych tras rowerowych regionu, dost\u0119pny na stronie internetowej <a href=\"https:\/\/mazury.travel\/rowery\/\">https:\/\/mazury.travel\/rowery\/<\/a>. Trzy cz\u0119\u015bci przewodnika <em>Rowerowe warmi\u0144sko-mazurskie<\/em> mo\u017cna \u015bci\u0105gn\u0105\u0107 z zak\u0142adki <a href=\"https:\/\/mazury.travel\/rowery\/o-szlakach\">https:\/\/mazury.travel\/rowery\/o-szlakach<\/a>.<\/p>\n<p><strong><em>Tekst<\/em> Rafa\u0142 \u015aliwiak<br \/>\n<\/strong>Pracownik Departamentu Turystyki i Sportu Urz\u0119du Marsza\u0142kowskiego Wojew\u00f3dztwa Warmi\u0144sko-Mazurskiego; mi\u0142o\u015bnik turystyki kajakowej i rowerowej.<\/p>\n<p><em>\u00a0<\/em><\/p>\n<p>&nbsp;<\/p>\n<div id=\"attachment_28961\" style=\"width: 305px\" class=\"wp-caption alignnone\"><a href=\"https:\/\/turysta2.pttk.pl\/wp-content\/uploads\/2023\/08\/1.-fot.-Archiwum-UMWW-M.jpg\"><img loading=\"lazy\" decoding=\"async\" aria-describedby=\"caption-attachment-28961\" class=\"wp-image-28961\" src=\"https:\/\/turysta2.pttk.pl\/wp-content\/uploads\/2023\/08\/1.-fot.-Archiwum-UMWW-M-300x200.jpg\" alt=\"\" width=\"295\" height=\"197\" srcset=\"https:\/\/turysta2.pttk.pl\/wp-content\/uploads\/2023\/08\/1.-fot.-Archiwum-UMWW-M-300x200.jpg 300w, https:\/\/turysta2.pttk.pl\/wp-content\/uploads\/2023\/08\/1.-fot.-Archiwum-UMWW-M-1024x684.jpg 1024w, https:\/\/turysta2.pttk.pl\/wp-content\/uploads\/2023\/08\/1.-fot.-Archiwum-UMWW-M-768x513.jpg 768w, https:\/\/turysta2.pttk.pl\/wp-content\/uploads\/2023\/08\/1.-fot.-Archiwum-UMWW-M-1536x1025.jpg 1536w, https:\/\/turysta2.pttk.pl\/wp-content\/uploads\/2023\/08\/1.-fot.-Archiwum-UMWW-M.jpg 1618w\" sizes=\"auto, (max-width: 295px) 100vw, 295px\" \/><\/a><p id=\"caption-attachment-28961\" class=\"wp-caption-text\">fot. 1<\/p><\/div>\n<div id=\"attachment_28963\" style=\"width: 308px\" class=\"wp-caption alignnone\"><a href=\"https:\/\/turysta2.pttk.pl\/wp-content\/uploads\/2023\/08\/2.-fot.-Archiwum-UMWW-M.jpg\"><img loading=\"lazy\" decoding=\"async\" aria-describedby=\"caption-attachment-28963\" class=\"wp-image-28963\" src=\"https:\/\/turysta2.pttk.pl\/wp-content\/uploads\/2023\/08\/2.-fot.-Archiwum-UMWW-M-300x200.jpg\" alt=\"\" width=\"298\" height=\"198\" srcset=\"https:\/\/turysta2.pttk.pl\/wp-content\/uploads\/2023\/08\/2.-fot.-Archiwum-UMWW-M-300x200.jpg 300w, https:\/\/turysta2.pttk.pl\/wp-content\/uploads\/2023\/08\/2.-fot.-Archiwum-UMWW-M-1024x683.jpg 1024w, https:\/\/turysta2.pttk.pl\/wp-content\/uploads\/2023\/08\/2.-fot.-Archiwum-UMWW-M-768x512.jpg 768w, https:\/\/turysta2.pttk.pl\/wp-content\/uploads\/2023\/08\/2.-fot.-Archiwum-UMWW-M-1536x1024.jpg 1536w, https:\/\/turysta2.pttk.pl\/wp-content\/uploads\/2023\/08\/2.-fot.-Archiwum-UMWW-M.jpg 1557w\" sizes=\"auto, (max-width: 298px) 100vw, 298px\" \/><\/a><p id=\"caption-attachment-28963\" class=\"wp-caption-text\">fot. 2<\/p><\/div>\n<div id=\"attachment_28965\" style=\"width: 310px\" class=\"wp-caption alignnone\"><a href=\"https:\/\/turysta2.pttk.pl\/wp-content\/uploads\/2023\/08\/3.-fot.-Archiwum-UMWW-M.jpg\"><img loading=\"lazy\" decoding=\"async\" aria-describedby=\"caption-attachment-28965\" class=\"wp-image-28965 size-medium\" src=\"https:\/\/turysta2.pttk.pl\/wp-content\/uploads\/2023\/08\/3.-fot.-Archiwum-UMWW-M-300x214.jpg\" alt=\"\" width=\"300\" height=\"214\" srcset=\"https:\/\/turysta2.pttk.pl\/wp-content\/uploads\/2023\/08\/3.-fot.-Archiwum-UMWW-M-300x214.jpg 300w, https:\/\/turysta2.pttk.pl\/wp-content\/uploads\/2023\/08\/3.-fot.-Archiwum-UMWW-M-1024x730.jpg 1024w, https:\/\/turysta2.pttk.pl\/wp-content\/uploads\/2023\/08\/3.-fot.-Archiwum-UMWW-M-768x548.jpg 768w, https:\/\/turysta2.pttk.pl\/wp-content\/uploads\/2023\/08\/3.-fot.-Archiwum-UMWW-M-1536x1096.jpg 1536w, https:\/\/turysta2.pttk.pl\/wp-content\/uploads\/2023\/08\/3.-fot.-Archiwum-UMWW-M.jpg 1772w\" sizes=\"auto, (max-width: 300px) 100vw, 300px\" \/><\/a><p id=\"caption-attachment-28965\" class=\"wp-caption-text\">fot. 3<\/p><\/div>\n<div id=\"attachment_28967\" style=\"width: 289px\" class=\"wp-caption alignnone\"><a href=\"https:\/\/turysta2.pttk.pl\/wp-content\/uploads\/2023\/08\/4.-fot.-Archiwum-UMWW-M.jpg\"><img loading=\"lazy\" decoding=\"async\" aria-describedby=\"caption-attachment-28967\" class=\"wp-image-28967\" src=\"https:\/\/turysta2.pttk.pl\/wp-content\/uploads\/2023\/08\/4.-fot.-Archiwum-UMWW-M-300x230.jpg\" alt=\"\" width=\"279\" height=\"214\" srcset=\"https:\/\/turysta2.pttk.pl\/wp-content\/uploads\/2023\/08\/4.-fot.-Archiwum-UMWW-M-300x230.jpg 300w, https:\/\/turysta2.pttk.pl\/wp-content\/uploads\/2023\/08\/4.-fot.-Archiwum-UMWW-M-1024x784.jpg 1024w, https:\/\/turysta2.pttk.pl\/wp-content\/uploads\/2023\/08\/4.-fot.-Archiwum-UMWW-M-768x588.jpg 768w, https:\/\/turysta2.pttk.pl\/wp-content\/uploads\/2023\/08\/4.-fot.-Archiwum-UMWW-M-1536x1176.jpg 1536w, https:\/\/turysta2.pttk.pl\/wp-content\/uploads\/2023\/08\/4.-fot.-Archiwum-UMWW-M.jpg 1654w\" sizes=\"auto, (max-width: 279px) 100vw, 279px\" \/><\/a><p id=\"caption-attachment-28967\" class=\"wp-caption-text\">fot. 4<\/p><\/div>\n<p>&nbsp;<\/p>\n<p>&nbsp;<\/p>\n","protected":false},"excerpt":{"rendered":"W planach naszych letnich wypraw rowerowych warto uwzgl\u0119dni\u0107 nowy szlak wytyczony wok\u00f3\u0142 Wielkich Jezior Mazurskich. Mazurska P\u0119tla Rowerowa \u2013 bo o niej mowa \u2013 ma oko\u0142o 300 km d\u0142ugo\u015bci i wiedzie przez niezwykle urokliwe zak\u0105tki Krainy Wielkich Jezior Mazurskich, Pojezierza Mr\u0105gowskiego i R\u00f3wniny Mazurskiej. Jako oficjalny termin oddania ca\u0142o\u015bci inwestycji do u\u017cytku wskazano czerwiec 2023 roku. Jednak wiele odcink\u00f3w szlaku&nbsp;<a href=\"https:\/\/turysta2.pttk.pl\/?p=28947\" class=\"read-more\">Continue Reading<\/a>","protected":false},"author":13,"featured_media":28959,"comment_status":"closed","ping_status":"closed","sticky":false,"template":"","format":"standard","meta":{"footnotes":""},"categories":[69],"tags":[],"class_list":["post-28947","post","type-post","status-publish","format-standard","has-post-thumbnail","hentry","category-turystyka-rowerowa","cat-69-id"],"aioseo_notices":[],"_links":{"self":[{"href":"https:\/\/turysta2.pttk.pl\/index.php?rest_route=\/wp\/v2\/posts\/28947","targetHints":{"allow":["GET"]}}],"collection":[{"href":"https:\/\/turysta2.pttk.pl\/index.php?rest_route=\/wp\/v2\/posts"}],"about":[{"href":"https:\/\/turysta2.pttk.pl\/index.php?rest_route=\/wp\/v2\/types\/post"}],"author":[{"embeddable":true,"href":"https:\/\/turysta2.pttk.pl\/index.php?rest_route=\/wp\/v2\/users\/13"}],"replies":[{"embeddable":true,"href":"https:\/\/turysta2.pttk.pl\/index.php?rest_route=%2Fwp%2Fv2%2Fcomments&post=28947"}],"version-history":[{"count":7,"href":"https:\/\/turysta2.pttk.pl\/index.php?rest_route=\/wp\/v2\/posts\/28947\/revisions"}],"predecessor-version":[{"id":28951,"href":"https:\/\/turysta2.pttk.pl\/index.php?rest_route=\/wp\/v2\/posts\/28947\/revisions\/28951"}],"wp:featuredmedia":[{"embeddable":true,"href":"https:\/\/turysta2.pttk.pl\/index.php?rest_route=\/wp\/v2\/media\/28959"}],"wp:attachment":[{"href":"https:\/\/turysta2.pttk.pl\/index.php?rest_route=%2Fwp%2Fv2%2Fmedia&parent=28947"}],"wp:term":[{"taxonomy":"category","embeddable":true,"href":"https:\/\/turysta2.pttk.pl\/index.php?rest_route=%2Fwp%2Fv2%2Fcategories&post=28947"},{"taxonomy":"post_tag","embeddable":true,"href":"https:\/\/turysta2.pttk.pl\/index.php?rest_route=%2Fwp%2Fv2%2Ftags&post=28947"}],"curies":[{"name":"wp","href":"https:\/\/api.w.org\/{rel}","templated":true}]}}