{"id":28867,"date":"2023-07-31T22:39:58","date_gmt":"2023-07-31T20:39:58","guid":{"rendered":"https:\/\/turysta2.pttk.pl\/?p=28867"},"modified":"2023-07-31T23:20:56","modified_gmt":"2023-07-31T21:20:56","slug":"monte-pellegrino-gor-swietokrzyskich","status":"publish","type":"post","link":"https:\/\/turysta2.pttk.pl\/?p=28867","title":{"rendered":"Monte Pellegrino G\u00f3r \u015awi\u0119tokrzyskich"},"content":{"rendered":"<p align=\"left\"><span style=\"color: #000000;\"><span style=\"font-family: Times New Roman, serif;\"><span style=\"font-size: medium;\"><i><b>Tekst<\/b><\/i><\/span><\/span><\/span><span style=\"color: #000000;\"><span style=\"font-family: Times New Roman, serif;\"><span style=\"font-size: medium;\"><b> Przemys\u0142aw Pilich<br \/>\n<\/b><\/span><\/span><\/span><span style=\"color: #000000;\"><span style=\"font-family: Times New Roman, serif;\"><span style=\"font-size: medium;\"><i><b>Zdj\u0119cia<\/b><\/i><\/span><\/span><\/span><span style=\"color: #000000;\"><span style=\"font-family: Times New Roman, serif;\"><span style=\"font-size: medium;\"><b> Pawe\u0142 Ka\u0142wi\u0144ski<\/b><\/span><\/span><\/span><\/p>\n<p align=\"left\"><span style=\"color: #000000;\"><span style=\"font-family: Times New Roman, serif;\"><span style=\"font-size: medium;\"><b>Gdy p\u0142yniemy nocnym promem z Neapolu do Palermo na Sycylii, rano ukazuje si\u0119 nam pi\u0119kna g\u00f3ra spadaj\u0105ca do morza stromymi \u015bcianami. To Monte Pellegrino \u2013 \u015bwi\u0119ta g\u00f3ra Sycylii. Na tej g\u00f3rze mieszka\u0142a w jaskini \u015bw. Rozalia, w tej\u017ce jaskini zmar\u0142a w 1160 roku, a w 1624 roku odnaleziono jej relikwie. W Polsce te\u017c mamy \u201enasze\u201d Monte Pellegrino. <\/b><\/span><\/span><\/span><\/p>\n<p align=\"left\"><span style=\"color: #000000;\"><span style=\"font-family: Times New Roman, serif;\"><span style=\"font-size: medium;\">Jest to rzadko odwiedzana Perzowa G\u00f3ra w G\u00f3rach \u015awi\u0119tokrzyskich, gdzie w naturalnej, ale powi\u0119kszonej r\u0119k\u0105 ludzk\u0105 jaskini znajduje si\u0119 kaplica \u015bw. Rozalii \u2013 patronki chroni\u0105cej od zarazy. Perzowa G\u00f3ra le\u017cy niezbyt daleko od powszechnie znanego sienkiewiczowskiego Obl\u0119gorka. Punktem wyj\u015bcia na nied\u0142ugi spacer na t\u0119 g\u00f3r\u0119 mo\u017ce by\u0107 np. Strawczyn \u2013 wioska, w kt\u00f3rej w 1864 roku urodzi\u0142 si\u0119 Stefan \u017beromski (to wydarzenie przypomina skromny pomnik oraz akt chrztu przechowywany na miejscowej plebanii).<\/span><\/span><\/span><\/p>\n<p align=\"left\"><span style=\"color: #000000;\"><span style=\"font-family: Times New Roman, serif;\"><span style=\"font-size: medium;\">Ze Strawczynem s\u0105siaduje Hucisko. Id\u0105c w jego stron\u0119, przechodzimy przez tereny, gdzie jeszcze w XIX wieku by\u0142y czynne huty \u017celaza. W pobli\u017cu, m.in. na Perzowej G\u00f3rze, do 1959 roku wydobywano baryt. Sama za\u015b nazwa \u201eHucisko\u201d znaczy \u201epozosta\u0142o\u015b\u0107 po hucie\u201d. Jeste\u015bmy wi\u0119c na terenie Staropolskiego Zag\u0142\u0119bia Przemys\u0142owego, a \u015blady dawnych fabryk s\u0105 dla uwa\u017cnego obserwatora do dzi\u015b widoczne. To m.in. ha\u0142dy \u017cu\u017cla wielkopiecowego i groble spi\u0119trzaj\u0105ce dawniej wod\u0119. Si\u0142\u0105 nap\u0119dow\u0105 by\u0142y w\u00f3wczas ko\u0142a wodne.<\/span><\/span><\/span><\/p>\n<p align=\"left\"><span style=\"color: #000000;\"><span style=\"font-family: Times New Roman, serif;\"><span style=\"font-size: medium;\">Niewysoka Perzowa G\u00f3ra (395 m n.p.m.) wznosi si\u0119 nad Huciskiem. Id\u0105c z wioski na p\u00f3\u0142noc, dochodzimy po oko\u0142o 300 m do czerwonego szlaku \u2013 g\u0142\u00f3wnego szlaku pieszego G\u00f3r \u015awi\u0119tokrzyskich. Skr\u0119camy nim w lewo i wchodzimy w las. Jeste\u015bmy na terenie utworzonego w 1995 roku rezerwatu przyrody \u201ePerzowa G\u00f3ra\u201d (33 ha). Po kilku minutach w\u0119dr\u00f3wki lasem pod g\u00f3r\u0119 wychodzimy na sp\u0142aszczenie zbocza ograniczone murem skalnym o d\u0142ugo\u015bci 180 m. Mur ten tworz\u0105 bloki skalne si\u0119gaj\u0105ce 6 m wysoko\u015bci. Jest to czerwony piaskowiec triasowy. Szlak czerwony doprowadza nas do jednej ze ska\u0142, gdzie w poziomej, naturalnej szczelinie obudowanej z boku znajduje si\u0119 kaplica \u015bw. Rozalii. Jest ona skromn\u0105, dalek\u0105 reminiscencj\u0105 jaskini na Monte Pellegrino nad Palermo.<\/span><\/span><\/span><\/p>\n<p align=\"left\"><span style=\"color: #000000;\"><span style=\"font-family: Times New Roman, serif;\"><span style=\"font-size: medium;\">Pozioma naturalna szczelina tektoniczna, w kt\u00f3rej jest dzi\u015b kaplica, zosta\u0142a powi\u0119kszona. Z prawej strony, gdzie otwiera\u0142a si\u0119 ona na przerw\u0119 mi\u0119dzy ska\u0142ami, postawiono kamienny mur, a od frontu \u2013 drewnian\u0105 a\u017curow\u0105 \u015bciank\u0119, kt\u00f3ra ma obecnie kolor naturalnego<\/span><\/span><\/span><i> <\/i><span style=\"color: #000000;\"><span style=\"font-family: Times New Roman, serif;\"><span style=\"font-size: medium;\">drewna (kiedy\u015b by\u0142a zielona). Starszy, neobarokowy o\u0142tarz z XIX wieku stoi dzi\u015b w kapliczce po lewej stronie. W centrum g\u0142\u00f3wnego o\u0142tarza, z bia\u0142ej ceg\u0142y, umieszczony jest ludowy obraz, przedstawiaj\u0105cy \u015bw. Rozali\u0119. Panuje tu wilgo\u0107, jak w ka\u017cdej jaskini, ale miejsce jest pe\u0142ne uroku. Szkoda tylko, \u017ce tak rzadko odwiedzaj\u0105 je tury\u015bci...<\/span><\/span><\/span><\/p>\n<p align=\"left\"><span style=\"color: #000000;\"><span style=\"font-family: Times New Roman, serif;\"><span style=\"font-size: medium;\">Wed\u0142ug jednej z legend na Perzowej G\u00f3rze sta\u0142y kiedy\u015b ko\u015bci\u00f3\u0142 i klasztor, a ska\u0142y, kt\u00f3re dzi\u015b widzimy, to pozosta\u0142o\u015b\u0107 mur\u00f3w tego klasztoru. Prawd\u0105 jest natomiast, \u017ce w czasie epidemii chroni\u0142a si\u0119 tu ludno\u015b\u0107 z okolicznych wiosek.<\/span><\/span><\/span><\/p>\n<p align=\"left\"><span style=\"color: #000000;\"><span style=\"font-family: Times New Roman, serif;\"><span style=\"font-size: medium;\">Czerwony szlak turystyczny prowadzi przez szczelin\u0119 obok kaplicy i po oko\u0142o 100 m doprowadza nas do kulminacji Perzowej G\u00f3ry. St\u0105d jest 2,5 km do wsi Ku\u017aniaki, gdzie stoi cenny zabytek techniki \u2013 nieczynny wielki piec z XIX wieku. Tu te\u017c ko\u0144czy si\u0119 znakowany na czerwono g\u0142\u00f3wny szlak turystyczny G\u00f3r \u015awi\u0119tokrzyskich nosz\u0105cy imi\u0119 wybitnego \u015bwi\u0119tokrzyskiego regionalisty prof. <\/span><\/span><\/span><span style=\"color: #000000;\"><span style=\"font-family: Times New Roman, serif;\"><span style=\"font-size: medium;\">Edmunda Massalskiego.<\/span><\/span><\/span><\/p>\n<p align=\"left\"><span style=\"color: #000000;\"><span style=\"font-family: Times New Roman, serif;\"><span style=\"font-size: medium;\"><b>Przemys\u0142aw Pilich<br \/>\n<\/b><\/span><\/span><\/span>Krajoznawca, autor i wsp\u00f3\u0142autor znakomitych przewodnik\u00f3w i opracowa\u0144 turystyczno-krajoznawczych.<\/p>\n<p align=\"left\"><span style=\"color: #000000;\"><span style=\"font-family: Times New Roman, serif;\"><span style=\"font-size: medium;\"><b>Podpisy pod <\/b><\/span><\/span><\/span><span style=\"color: #000000;\"><span style=\"font-family: Times New Roman, serif;\"><span style=\"font-size: medium;\"><b>zdj\u0119cia<\/b><\/span><\/span><\/span><\/p>\n<p align=\"left\"><span style=\"color: #000000;\"><span style=\"font-family: Times New Roman, serif;\"><span style=\"font-size: medium;\">1. Wej\u015bcie do kapliczki \u015bw. Rozalii<br \/>\n<\/span><\/span><\/span><span style=\"color: #000000;\"><span style=\"font-family: Times New Roman, serif;\"><span style=\"font-size: medium;\">2. Obraz Bo\u017ceny Charaziak przedstawiaj\u0105cy patronk\u0119<br \/>\n<\/span><\/span><\/span><span style=\"color: #000000;\"><span style=\"font-family: Times New Roman, serif;\"><span style=\"font-size: medium;\">3. \u015acie\u017cka na szczyt Perzowej G\u00f3ry<\/span><\/span><\/span><\/p>\n<p align=\"left\"><a href=\"https:\/\/turysta2.pttk.pl\/wp-content\/uploads\/2023\/07\/2.-fot.-Pawel-Kalwinski-Fotopolska.eu_.jpg\"><img loading=\"lazy\" decoding=\"async\" class=\"alignleft size-medium wp-image-28877\" src=\"https:\/\/turysta2.pttk.pl\/wp-content\/uploads\/2023\/07\/2.-fot.-Pawel-Kalwinski-Fotopolska.eu_-253x300.jpg\" alt=\"\" width=\"253\" height=\"300\" srcset=\"https:\/\/turysta2.pttk.pl\/wp-content\/uploads\/2023\/07\/2.-fot.-Pawel-Kalwinski-Fotopolska.eu_-253x300.jpg 253w, https:\/\/turysta2.pttk.pl\/wp-content\/uploads\/2023\/07\/2.-fot.-Pawel-Kalwinski-Fotopolska.eu_-863x1024.jpg 863w, https:\/\/turysta2.pttk.pl\/wp-content\/uploads\/2023\/07\/2.-fot.-Pawel-Kalwinski-Fotopolska.eu_-768x911.jpg 768w, https:\/\/turysta2.pttk.pl\/wp-content\/uploads\/2023\/07\/2.-fot.-Pawel-Kalwinski-Fotopolska.eu_-1295x1536.jpg 1295w, https:\/\/turysta2.pttk.pl\/wp-content\/uploads\/2023\/07\/2.-fot.-Pawel-Kalwinski-Fotopolska.eu_.jpg 1497w\" sizes=\"auto, (max-width: 253px) 100vw, 253px\" \/><\/a> <a href=\"https:\/\/turysta2.pttk.pl\/wp-content\/uploads\/2023\/07\/1.-fot.-Pawel-Kalwinski-Fotopolska.eu_.jpg\"><img loading=\"lazy\" decoding=\"async\" class=\"alignleft size-medium wp-image-28875\" src=\"https:\/\/turysta2.pttk.pl\/wp-content\/uploads\/2023\/07\/1.-fot.-Pawel-Kalwinski-Fotopolska.eu_-300x252.jpg\" alt=\"\" width=\"300\" height=\"252\" srcset=\"https:\/\/turysta2.pttk.pl\/wp-content\/uploads\/2023\/07\/1.-fot.-Pawel-Kalwinski-Fotopolska.eu_-300x252.jpg 300w, https:\/\/turysta2.pttk.pl\/wp-content\/uploads\/2023\/07\/1.-fot.-Pawel-Kalwinski-Fotopolska.eu_-1024x860.jpg 1024w, https:\/\/turysta2.pttk.pl\/wp-content\/uploads\/2023\/07\/1.-fot.-Pawel-Kalwinski-Fotopolska.eu_-768x645.jpg 768w, https:\/\/turysta2.pttk.pl\/wp-content\/uploads\/2023\/07\/1.-fot.-Pawel-Kalwinski-Fotopolska.eu_-1536x1291.jpg 1536w, https:\/\/turysta2.pttk.pl\/wp-content\/uploads\/2023\/07\/1.-fot.-Pawel-Kalwinski-Fotopolska.eu_.jpg 1778w\" sizes=\"auto, (max-width: 300px) 100vw, 300px\" \/><\/a> <a href=\"https:\/\/turysta2.pttk.pl\/wp-content\/uploads\/2023\/07\/3.-fot.-Pawel-Kalwinski-Fotopolska.eu_.jpg\"><img loading=\"lazy\" decoding=\"async\" class=\"alignleft size-medium wp-image-28873\" src=\"https:\/\/turysta2.pttk.pl\/wp-content\/uploads\/2023\/07\/3.-fot.-Pawel-Kalwinski-Fotopolska.eu_-225x300.jpg\" alt=\"\" width=\"225\" height=\"300\" srcset=\"https:\/\/turysta2.pttk.pl\/wp-content\/uploads\/2023\/07\/3.-fot.-Pawel-Kalwinski-Fotopolska.eu_-225x300.jpg 225w, https:\/\/turysta2.pttk.pl\/wp-content\/uploads\/2023\/07\/3.-fot.-Pawel-Kalwinski-Fotopolska.eu_-768x1024.jpg 768w, https:\/\/turysta2.pttk.pl\/wp-content\/uploads\/2023\/07\/3.-fot.-Pawel-Kalwinski-Fotopolska.eu_-1152x1536.jpg 1152w, https:\/\/turysta2.pttk.pl\/wp-content\/uploads\/2023\/07\/3.-fot.-Pawel-Kalwinski-Fotopolska.eu_.jpg 1500w\" sizes=\"auto, (max-width: 225px) 100vw, 225px\" \/><\/a><\/p>\n","protected":false},"excerpt":{"rendered":"Tekst Przemys\u0142aw Pilich Zdj\u0119cia Pawe\u0142 Ka\u0142wi\u0144ski Gdy p\u0142yniemy nocnym promem z Neapolu do Palermo na Sycylii, rano ukazuje si\u0119 nam pi\u0119kna g\u00f3ra spadaj\u0105ca do morza stromymi \u015bcianami. To Monte Pellegrino \u2013 \u015bwi\u0119ta g\u00f3ra Sycylii. Na tej g\u00f3rze mieszka\u0142a w jaskini \u015bw. Rozalia, w tej\u017ce jaskini zmar\u0142a w 1160 roku, a w 1624 roku odnaleziono jej relikwie. W Polsce te\u017c mamy&nbsp;<a href=\"https:\/\/turysta2.pttk.pl\/?p=28867\" class=\"read-more\">Continue Reading<\/a>","protected":false},"author":12,"featured_media":28877,"comment_status":"closed","ping_status":"closed","sticky":false,"template":"","format":"standard","meta":{"footnotes":""},"categories":[84],"tags":[],"class_list":["post-28867","post","type-post","status-publish","format-standard","has-post-thumbnail","hentry","category-poznajemy-szlaki","cat-84-id"],"aioseo_notices":[],"_links":{"self":[{"href":"https:\/\/turysta2.pttk.pl\/index.php?rest_route=\/wp\/v2\/posts\/28867","targetHints":{"allow":["GET"]}}],"collection":[{"href":"https:\/\/turysta2.pttk.pl\/index.php?rest_route=\/wp\/v2\/posts"}],"about":[{"href":"https:\/\/turysta2.pttk.pl\/index.php?rest_route=\/wp\/v2\/types\/post"}],"author":[{"embeddable":true,"href":"https:\/\/turysta2.pttk.pl\/index.php?rest_route=\/wp\/v2\/users\/12"}],"replies":[{"embeddable":true,"href":"https:\/\/turysta2.pttk.pl\/index.php?rest_route=%2Fwp%2Fv2%2Fcomments&post=28867"}],"version-history":[{"count":3,"href":"https:\/\/turysta2.pttk.pl\/index.php?rest_route=\/wp\/v2\/posts\/28867\/revisions"}],"predecessor-version":[{"id":28891,"href":"https:\/\/turysta2.pttk.pl\/index.php?rest_route=\/wp\/v2\/posts\/28867\/revisions\/28891"}],"wp:featuredmedia":[{"embeddable":true,"href":"https:\/\/turysta2.pttk.pl\/index.php?rest_route=\/wp\/v2\/media\/28877"}],"wp:attachment":[{"href":"https:\/\/turysta2.pttk.pl\/index.php?rest_route=%2Fwp%2Fv2%2Fmedia&parent=28867"}],"wp:term":[{"taxonomy":"category","embeddable":true,"href":"https:\/\/turysta2.pttk.pl\/index.php?rest_route=%2Fwp%2Fv2%2Fcategories&post=28867"},{"taxonomy":"post_tag","embeddable":true,"href":"https:\/\/turysta2.pttk.pl\/index.php?rest_route=%2Fwp%2Fv2%2Ftags&post=28867"}],"curies":[{"name":"wp","href":"https:\/\/api.w.org\/{rel}","templated":true}]}}