{"id":28775,"date":"2023-06-12T17:00:53","date_gmt":"2023-06-12T15:00:53","guid":{"rendered":"https:\/\/turysta2.pttk.pl\/?p=28775"},"modified":"2023-06-12T17:01:49","modified_gmt":"2023-06-12T15:01:49","slug":"spotkanie-oddzialow-pttk-z-zarzadem-wojewodztwa-opolskiego","status":"publish","type":"post","link":"https:\/\/turysta2.pttk.pl\/?p=28775","title":{"rendered":"Spotkanie Oddzia\u0142\u00f3w PTTK z Zarz\u0105dem Wojew\u00f3dztwa Opolskiego"},"content":{"rendered":"<p>12 maja 2023 roku w Sali Or\u0142a Bia\u0142ego Urz\u0119du Marsza\u0142kowskiego Wojew\u00f3dztwa Opolskiego odby\u0142o si\u0119 zebranie Andrzej Bu\u0142y, marsza\u0142ka wojew\u00f3dztwa opolskiego i Zbigniewa Kubala\u0144cy, wicemarsza\u0142ka wojew\u00f3dztwa opolskiego z przedstawicielami oddzia\u0142\u00f3w, klub\u00f3w i k\u00f3\u0142 PTTK dzia\u0142aj\u0105cych na terenie wojew\u00f3dztwa opolskiego.<\/p>\n<p>Pierwszy g\u0142os zabra\u0142 marsza\u0142ek, kt\u00f3ry po uroczystym powitaniu zebranych przybli\u017cy\u0142 znaczenie turystyki w regionie, a tak\u017ce jej niebagateln\u0105 rol\u0119 w rozwoju wojew\u00f3dztwa opolskiego. Podkre\u015blaj\u0105c, jak wa\u017cna jest wsp\u00f3\u0142praca mi\u0119dzy w\u0142adzami samorz\u0105dowymi a stowarzyszeniami podzi\u0119kowa\u0142 cz\u0142onkom PTTK za bycie \u201eambasadorem\u201d opolskiej turystyki. Marsza\u0142ek zaznaczy\u0142, \u017ce wsp\u00f3\u0142praca musi opiera\u0107 si\u0119 na partnerstwie i wskazywaniu sobie wzajemnych potrzeb. Realizacja turystycznych inicjatyw musi bowiem odbywa\u0107 si\u0119 w oparciu o lokalny aktyw turystyczny.<\/p>\n<p>Po wyst\u0105pieniu marsza\u0142ka g\u0142os zabra\u0142 Lucjusz Bilik, prezes Oddzia\u0142u Regionalnego PTTK \u015al\u0105ska Opolskiego w Opolu, a tak\u017ce prezes Porozumienia Oddzia\u0142\u00f3w PTTK Wojew\u00f3dztwa Opolskiego. W imieniu wszystkich zebranych podzi\u0119kowa\u0142 za zaproszenie, a tak\u017ce potwierdzi\u0142 gotowo\u015b\u0107 do wsp\u00f3\u0142pracy. Wyrazi\u0142 nadziej\u0119, \u017ce spotkanie zacie\u015bni wsp\u00f3\u0142prac\u0119 samorz\u0105du z turystami, PTTK ma bowiem ogromn\u0105 baz\u0119 kadrow\u0105, kt\u00f3ra tylko czeka na wykorzystanie. Przodownicy turystyki g\u00f3rskiej, nizinnej i kolarskiej, instruktorzy krajoznawstwa czy ochrony przyrody maj\u0105 wieloletnie do\u015bwiadczenie i gotowi s\u0105 wsp\u00f3\u0142tworzy\u0107 i kreowa\u0107 \u017cycie turystyczne na \u015al\u0105sku Opolskim.<\/p>\n<p>Nast\u0119pnie g\u0142os zabrali przedstawiciele poszczeg\u00f3lnych departament\u00f3w, przybli\u017caj\u0105c projekty turystyczne realizowane przez samorz\u0105d. W\u015br\u00f3d nich warto wymieni\u0107 kampani\u0119 \u201eOpolskie ze smakiem\u201d promuj\u0105c\u0105 dziedzictwo kulinarne, lokalne i tradycyjne produkty czy \u201ePrzewodnik rowerowy po najlepszych trasach Opolszczyzny\u201d, opisuj\u0105cy kompleksowo 25 najciekawszych tras.<\/p>\n<p>Na zako\u0144czenie spotkania odby\u0142a si\u0119 dyskusja, podczas kt\u00f3rej rozmawiano o lokalnych problemach Opolszczyzny. W\u015br\u00f3d nich znalaz\u0142o si\u0119 miejsce na kondycj\u0119 opolskiej przyrody, sytuacj\u0119 Odry czy zanieczyszczenie powietrza. Zwr\u00f3cono tak\u017ce uwag\u0119 na problem braku odpowiedniej infrastruktury parkingowej w okolicach G\u00f3r Opawskich.<\/p>\n<p><em>Tekst i zdj\u0119cia<\/em> <strong>Patryk Frydel<\/strong><\/p>\n<p><a href=\"https:\/\/turysta2.pttk.pl\/wp-content\/uploads\/2023\/06\/3.jpg\"><img loading=\"lazy\" decoding=\"async\" class=\"alignnone size-medium wp-image-28776\" src=\"https:\/\/turysta2.pttk.pl\/wp-content\/uploads\/2023\/06\/3-300x225.jpg\" alt=\"\" width=\"300\" height=\"225\" srcset=\"https:\/\/turysta2.pttk.pl\/wp-content\/uploads\/2023\/06\/3-300x225.jpg 300w, https:\/\/turysta2.pttk.pl\/wp-content\/uploads\/2023\/06\/3-200x150.jpg 200w, https:\/\/turysta2.pttk.pl\/wp-content\/uploads\/2023\/06\/3.jpg 500w\" sizes=\"auto, (max-width: 300px) 100vw, 300px\" \/><\/a><\/p>\n<p>&nbsp;<\/p>\n<p>&nbsp;<\/p>\n","protected":false},"excerpt":{"rendered":"12 maja 2023 roku w Sali Or\u0142a Bia\u0142ego Urz\u0119du Marsza\u0142kowskiego Wojew\u00f3dztwa Opolskiego odby\u0142o si\u0119 zebranie Andrzej Bu\u0142y, marsza\u0142ka wojew\u00f3dztwa opolskiego i Zbigniewa Kubala\u0144cy, wicemarsza\u0142ka wojew\u00f3dztwa opolskiego z przedstawicielami oddzia\u0142\u00f3w, klub\u00f3w i k\u00f3\u0142 PTTK dzia\u0142aj\u0105cych na terenie wojew\u00f3dztwa opolskiego. Pierwszy g\u0142os zabra\u0142 marsza\u0142ek, kt\u00f3ry po uroczystym powitaniu zebranych przybli\u017cy\u0142 znaczenie turystyki w regionie, a tak\u017ce jej niebagateln\u0105 rol\u0119 w rozwoju wojew\u00f3dztwa&nbsp;<a href=\"https:\/\/turysta2.pttk.pl\/?p=28775\" class=\"read-more\">Continue Reading<\/a>","protected":false},"author":12,"featured_media":0,"comment_status":"closed","ping_status":"closed","sticky":false,"template":"","format":"standard","meta":{"footnotes":""},"categories":[93],"tags":[],"class_list":["post-28775","post","type-post","status-publish","format-standard","hentry","category-aktualnosci","cat-93-id"],"aioseo_notices":[],"_links":{"self":[{"href":"https:\/\/turysta2.pttk.pl\/index.php?rest_route=\/wp\/v2\/posts\/28775","targetHints":{"allow":["GET"]}}],"collection":[{"href":"https:\/\/turysta2.pttk.pl\/index.php?rest_route=\/wp\/v2\/posts"}],"about":[{"href":"https:\/\/turysta2.pttk.pl\/index.php?rest_route=\/wp\/v2\/types\/post"}],"author":[{"embeddable":true,"href":"https:\/\/turysta2.pttk.pl\/index.php?rest_route=\/wp\/v2\/users\/12"}],"replies":[{"embeddable":true,"href":"https:\/\/turysta2.pttk.pl\/index.php?rest_route=%2Fwp%2Fv2%2Fcomments&post=28775"}],"version-history":[{"count":2,"href":"https:\/\/turysta2.pttk.pl\/index.php?rest_route=\/wp\/v2\/posts\/28775\/revisions"}],"predecessor-version":[{"id":28778,"href":"https:\/\/turysta2.pttk.pl\/index.php?rest_route=\/wp\/v2\/posts\/28775\/revisions\/28778"}],"wp:attachment":[{"href":"https:\/\/turysta2.pttk.pl\/index.php?rest_route=%2Fwp%2Fv2%2Fmedia&parent=28775"}],"wp:term":[{"taxonomy":"category","embeddable":true,"href":"https:\/\/turysta2.pttk.pl\/index.php?rest_route=%2Fwp%2Fv2%2Fcategories&post=28775"},{"taxonomy":"post_tag","embeddable":true,"href":"https:\/\/turysta2.pttk.pl\/index.php?rest_route=%2Fwp%2Fv2%2Ftags&post=28775"}],"curies":[{"name":"wp","href":"https:\/\/api.w.org\/{rel}","templated":true}]}}