{"id":28662,"date":"2023-03-13T23:01:21","date_gmt":"2023-03-13T21:01:21","guid":{"rendered":"https:\/\/turysta2.pttk.pl\/?p=28662"},"modified":"2023-03-13T23:27:14","modified_gmt":"2023-03-13T21:27:14","slug":"orly-mistrza-majdewicza","status":"publish","type":"post","link":"https:\/\/turysta2.pttk.pl\/?p=28662","title":{"rendered":"Or\u0142y mistrza Majdewicza"},"content":{"rendered":"<p><span style=\"font-family: Liberation Serif, serif;\"><span style=\"font-size: medium;\"><span style=\"color: #000000;\"><span style=\"font-family: Times New Roman, serif;\"><b>Pami\u0105tkow\u0105 o<\/b><\/span><\/span><span style=\"color: #000000;\"><span style=\"font-family: Times New Roman, serif;\"><b>d<\/b><\/span><\/span><span style=\"color: #000000;\"><span style=\"font-family: Times New Roman, serif;\"><b>znak\u0119 na ostatni XX Walny Zjazd PTTK przygotowa\u0142 W\u0142odzimierz Majdewicz, autor wielu wspania\u0142ych projekt\u00f3w medalierskich. Jego prace s\u0105 pi\u0119kne plastycznie, nios\u0105ce wa\u017cne przes\u0142ania<\/b><\/span><\/span><span style=\"color: #000000;\"><span style=\"font-family: Times New Roman, serif;\">.<\/span><\/span><\/span><\/span><\/p>\n<p><span style=\"font-family: Liberation Serif, serif;\"><span style=\"font-size: medium;\"><span style=\"color: #000000;\"><span style=\"font-family: Times New Roman, serif;\">W\u0142odzimierz Majdewicz jest Cz\u0142onkiem Honorowym PTTK, postaci\u0105 powszechnie znan\u0105 w Towarzystwie ze wzgl\u0119du na swoj\u0105 aktywn\u0105 prac\u0119 spo\u0142eczn\u0105, badawcz\u0105 i artystyczn\u0105. Rozpocz\u0105\u0142 j\u0105 ju\u017c 60 lat temu, anga\u017cuj\u0105c si\u0119 w organizacj\u0119 imprez, szkole\u0144 oraz w projektowanie pami\u0105tek turystycznych. Historyk z zami\u0142owania, w swojej tw\u00f3rczo\u015bci plastycznej nawi\u0105zuje do chlubnej przesz\u0142o\u015bci ojczyzny, do m\u0119stwa polskiego \u017co\u0142nierza i bohaterskich zryw\u00f3w niepodleg\u0142o\u015bciowych. Wiele projekt\u00f3w po\u015bwi\u0119ci\u0142 takim wydarzeniom jak powstania listopadowe i styczniowe, insurekcja ko\u015bciuszkowska, walki o niepodleg\u0142o\u015b\u0107 w latach 1914\u20131918, wojna 1918\u20131920, powstanie warszawskie czy walka Armii Krajowej. <\/span><\/span><\/span><\/span><\/p>\n<p><span style=\"font-family: Liberation Serif, serif;\"><span style=\"font-size: medium;\"><span style=\"color: #000000;\"><span style=\"font-family: Times New Roman, serif;\">O tw\u00f3rczo\u015bci artysty, cz\u0119stym u\u017cywaniu symboliki or\u0142a<\/span><\/span><span style=\"font-family: Times New Roman, serif;\">, tak pisa\u0142 Jan Bali\u0144ski* w artykule \u201ePasja spo\u0142eczna, badawcza i tw\u00f3rcza W\u0142odzimierza Majdewicza\u201d: <\/span><span style=\"color: #4472c4;\"><span style=\"font-family: Times New Roman, serif;\"><i>\u201eMajdewiczowe\u201d Or\u0142y s\u0105 ekspresyjne, ruchliwe, bojowe, cz\u0119sto zadziorne w walce o niepodleg\u0142o\u015b\u0107, dumne, kr\u00f3lewskie i swojskie, piastowskie zarazem, zrywaj\u0105ce si\u0119 do lotu, gniewne i dostojne. <\/i><\/span><\/span><span style=\"font-family: Times New Roman, serif;\">Bali\u0144<\/span><span style=\"color: #000000;\"><span style=\"font-family: Times New Roman, serif;\">ski podkre\u015bla\u0142, \u017ce artysta \u2013 z wielk\u0105 dociekliwo\u015bci\u0105 \u2013 przejmuje symbole z dawnych sztandar\u00f3w, piecz\u0119ci i rycin.<\/span><\/span><\/span><\/span><\/p>\n<p><span style=\"font-family: Liberation Serif, serif;\"><span style=\"font-size: medium;\"><span style=\"font-family: Times New Roman, serif;\">W\u0142odzimierz Majdewicz jest znanym kolekcjonerem mundurowych or\u0142\u00f3w polskich oznak pu\u0142kowych i pami\u0105tkowych, na kt\u00f3rych dominuje orze\u0142 jako symbol niepodleg\u0142ej Polski. Gromadzi te\u017c fachow\u0105 literatur\u0119 zwi\u0105zan\u0105 z tematem swoich zainteresowa\u0144. <\/span><\/span><\/span><\/p>\n<p><span style=\"font-family: Liberation Serif, serif;\"><span style=\"font-size: medium;\"><span style=\"font-family: Times New Roman, serif;\">W swojej tw\u00f3rczo\u015bci nawi\u0105zuje tak\u017ce do tradycji Polskiego Towarzystwa Krajoznawczego, kt\u00f3re odegra\u0142o du\u017c\u0105 rol\u0119 w okresie rozbior\u00f3w Polski, ratuj\u0105c i utrwalaj\u0105c to\u017csamo\u015b\u0107 narodow\u0105, przypomina zas\u0142ugi prekursor\u00f3w krajoznawstwa, np. Aleksandra Janowskiego.<\/span><\/span><\/span><\/p>\n<p><span style=\"font-family: Liberation Serif, serif;\"><span style=\"font-size: medium;\"><span style=\"font-family: Times New Roman, serif;\">Prace artysty by\u0142y prezentowane podczas V Kongresu Krajoznawstwa Polskiego w Gnie\u017anie, obchod\u00f3w 60. rocznicy wybuchu <\/span><span style=\"color: #000000;\"><span style=\"font-family: Times New Roman, serif;\">powstania warszawskiego, jubileuszu 100-lecia Polskiego Towarzystwa Krajoznawczego, a tak\u017ce na indywidualnych wystawach autorskich (Warka, Pozna\u0144, Szamotu\u0142y, Warszawa) oraz na Og\u00f3lnopolskiej Wystawie Znaczka Turystycznego w Opolu. Medale (w wi\u0119kszo\u015bci wykonane w Mennicy Warszawskiej) i odznaki jego projektu znajduj\u0105 si\u0119 w Muzeum Instytutu im. gen. W\u0142adys\u0142awa Sikorskiego w Londynie, w Instytucie im. J\u00f3zefa Pi\u0142sudskiego w Chicago, a w kraju \u2013 w Muzeum Medalierstwa we Wroc\u0142awiu oraz w Muzeum Bitwy nad Bzur\u0105 w Sochaczewie. Za ca\u0142okszta\u0142t tw\u00f3rczo\u015bci artystycznej W\u0142odzimierz Majdewicz w 2017 roku zosta\u0142 odznaczony przez ministra kultury i dziedzictwa narodowego medalem \u201eZas\u0142u\u017cony Kulturze Gloria Artis\u201d.<\/span><\/span><\/span><\/span><\/p>\n<p><span style=\"font-family: Liberation Serif, serif;\"><span style=\"font-size: medium;\"><span style=\"color: #000000;\"><span style=\"font-family: Times New Roman, serif;\">Jestem kolekcjonerem i w swoich zbiorach mam wiele oznak, odznak, medali i innych form graficznych projektowanych przez koleg\u0119 W\u0142odka. Uczestniczy\u0142em tak\u017ce w licznych wystawach jego tw\u00f3rczo\u015bci plastycznej. Sk\u0142adam zatem Arty\u015bcie wyrazy wielkiego uznania i \u017cyczenia wielu sukces\u00f3w w dalszej tw\u00f3rczej pracy \u2013 <\/span><\/span><span style=\"color: #000000;\"><span style=\"font-family: Times New Roman, serif;\">dodaje autor, Wojciech Kowalski<\/span><\/span><span style=\"color: #000000;\"><span style=\"font-family: Times New Roman, serif;\">.<\/span><\/span><\/span><\/span><\/p>\n<p><span style=\"font-family: Liberation Serif, serif;\"><span style=\"font-size: medium;\"><span style=\"color: #000000;\"><span style=\"font-family: Times New Roman, serif;\"><b>Wojciech Kowalski<br \/>\n<\/b><\/span><\/span><\/span><\/span><span style=\"font-family: Liberation Serif, serif;\"><span style=\"font-size: medium;\"><span style=\"color: #000000;\"><span style=\"font-family: Times New Roman, serif;\">Zas\u0142u\u017cony krajoznawca i kolekcjoner, mi\u0142o\u015bnik turystyki pieszej i ochrony przyrody.<\/span><\/span><\/span><\/span><\/p>\n<p><span style=\"font-family: Liberation Serif, serif;\"><span style=\"font-size: medium;\"><span style=\"color: #000000;\"><span style=\"font-family: Times New Roman, serif;\">* Jan Bali\u0144ski (1923\u20132017) \u2013 wybitny dzia\u0142acz PTTK, poeta, krajoznawca, redaktor, autor fotografii krajoznawczych. \u017bo\u0142nierz AK ps. Kruk, prezes Ko\u0142a \u015awiatowego Zwi\u0105zku \u017bo\u0142nierzy Armii Krajowej w Karczewie ko\u0142o Warszawy.<\/span><\/span><\/span><\/span><\/p>\n<p><a href=\"https:\/\/turysta2.pttk.pl\/wp-content\/uploads\/2023\/03\/Odznaki-2-1-scaled.jpg\"><img loading=\"lazy\" decoding=\"async\" class=\"alignnone  wp-image-28669\" src=\"https:\/\/turysta2.pttk.pl\/wp-content\/uploads\/2023\/03\/Odznaki-2-1-183x300.jpg\" alt=\"\" width=\"422\" height=\"692\" srcset=\"https:\/\/turysta2.pttk.pl\/wp-content\/uploads\/2023\/03\/Odznaki-2-1-183x300.jpg 183w, https:\/\/turysta2.pttk.pl\/wp-content\/uploads\/2023\/03\/Odznaki-2-1-624x1024.jpg 624w, https:\/\/turysta2.pttk.pl\/wp-content\/uploads\/2023\/03\/Odznaki-2-1-768x1260.jpg 768w, https:\/\/turysta2.pttk.pl\/wp-content\/uploads\/2023\/03\/Odznaki-2-1-936x1536.jpg 936w, https:\/\/turysta2.pttk.pl\/wp-content\/uploads\/2023\/03\/Odznaki-2-1-1249x2048.jpg 1249w, https:\/\/turysta2.pttk.pl\/wp-content\/uploads\/2023\/03\/Odznaki-2-1-scaled.jpg 1561w\" sizes=\"auto, (max-width: 422px) 100vw, 422px\" \/><\/a><\/p>\n<p>&nbsp;<\/p>\n","protected":false},"excerpt":{"rendered":"Pami\u0105tkow\u0105 odznak\u0119 na ostatni XX Walny Zjazd PTTK przygotowa\u0142 W\u0142odzimierz Majdewicz, autor wielu wspania\u0142ych projekt\u00f3w medalierskich. Jego prace s\u0105 pi\u0119kne plastycznie, nios\u0105ce wa\u017cne przes\u0142ania. W\u0142odzimierz Majdewicz jest Cz\u0142onkiem Honorowym PTTK, postaci\u0105 powszechnie znan\u0105 w Towarzystwie ze wzgl\u0119du na swoj\u0105 aktywn\u0105 prac\u0119 spo\u0142eczn\u0105, badawcz\u0105 i artystyczn\u0105. Rozpocz\u0105\u0142 j\u0105 ju\u017c 60 lat temu, anga\u017cuj\u0105c si\u0119 w organizacj\u0119 imprez, szkole\u0144 oraz w projektowanie&nbsp;<a href=\"https:\/\/turysta2.pttk.pl\/?p=28662\" class=\"read-more\">Continue Reading<\/a>","protected":false},"author":12,"featured_media":28663,"comment_status":"closed","ping_status":"closed","sticky":false,"template":"","format":"standard","meta":{"footnotes":""},"categories":[81],"tags":[],"class_list":["post-28662","post","type-post","status-publish","format-standard","has-post-thumbnail","hentry","category-kolekcjonerstwo","cat-81-id"],"aioseo_notices":[],"_links":{"self":[{"href":"https:\/\/turysta2.pttk.pl\/index.php?rest_route=\/wp\/v2\/posts\/28662","targetHints":{"allow":["GET"]}}],"collection":[{"href":"https:\/\/turysta2.pttk.pl\/index.php?rest_route=\/wp\/v2\/posts"}],"about":[{"href":"https:\/\/turysta2.pttk.pl\/index.php?rest_route=\/wp\/v2\/types\/post"}],"author":[{"embeddable":true,"href":"https:\/\/turysta2.pttk.pl\/index.php?rest_route=\/wp\/v2\/users\/12"}],"replies":[{"embeddable":true,"href":"https:\/\/turysta2.pttk.pl\/index.php?rest_route=%2Fwp%2Fv2%2Fcomments&post=28662"}],"version-history":[{"count":6,"href":"https:\/\/turysta2.pttk.pl\/index.php?rest_route=\/wp\/v2\/posts\/28662\/revisions"}],"predecessor-version":[{"id":28673,"href":"https:\/\/turysta2.pttk.pl\/index.php?rest_route=\/wp\/v2\/posts\/28662\/revisions\/28673"}],"wp:featuredmedia":[{"embeddable":true,"href":"https:\/\/turysta2.pttk.pl\/index.php?rest_route=\/wp\/v2\/media\/28663"}],"wp:attachment":[{"href":"https:\/\/turysta2.pttk.pl\/index.php?rest_route=%2Fwp%2Fv2%2Fmedia&parent=28662"}],"wp:term":[{"taxonomy":"category","embeddable":true,"href":"https:\/\/turysta2.pttk.pl\/index.php?rest_route=%2Fwp%2Fv2%2Fcategories&post=28662"},{"taxonomy":"post_tag","embeddable":true,"href":"https:\/\/turysta2.pttk.pl\/index.php?rest_route=%2Fwp%2Fv2%2Ftags&post=28662"}],"curies":[{"name":"wp","href":"https:\/\/api.w.org\/{rel}","templated":true}]}}