{"id":28636,"date":"2023-03-09T14:44:09","date_gmt":"2023-03-09T12:44:09","guid":{"rendered":"https:\/\/turysta2.pttk.pl\/?p=28636"},"modified":"2023-03-13T16:39:58","modified_gmt":"2023-03-13T14:39:58","slug":"na-nozce-lub-z-dziurkami","status":"publish","type":"post","link":"https:\/\/turysta2.pttk.pl\/?p=28636","title":{"rendered":"Na n\u00f3\u017cce lub z dziurkami"},"content":{"rendered":"<p><strong>Jest takie muzeum, w kt\u00f3rym zaraz przy wej\u015bciu wisi tabliczka z ostrze\u017ceniem: \u201eW dniu dzisiejszym za GUZIKI szatnia nie odpowiada\u201d\u2026 <\/strong><\/p>\n<p>\u017bartobliw\u0105 informacj\u0119 podpisa\u0142a Dyrekcja Muzeum Guzik\u00f3w w \u0141owiczu. Plac\u00f3wka liczy sobie ju\u017c prawie 27 lat, jej za\u0142o\u017cycielem i kustoszem jest Jacek Rutkowski. Na pocz\u0105tku zbiory mie\u015bci\u0142y si\u0119 w jednej zaledwie, pami\u0105tkowej XIX-wiecznej walizce. Od kilku lat muzeum ma swoj\u0105 sta\u0142\u0105 siedzib\u0119 przy Starym Rynku 10. \u0141atwiej tu teraz dotrze\u0107, bo znajduje si\u0119 niemal w samym centrum miasta.<\/p>\n<p>To niewielkie muzeum ma swoje w\u0142adze. Opr\u00f3cz kustosza pracuj\u0105 tu r\u00f3wnie\u017c dyrektorzy \u2013szefowie departament\u00f3w, np. departamentu guzik\u00f3w muzycznych. To chyba jedyna plac\u00f3wka muzealna w kraju, kt\u00f3ra ma w\u0142asn\u0105 flag\u0119, oczywi\u015bcie z guzikiem.<\/p>\n<p>Ekspozycja sk\u0142ada si\u0119 z dw\u00f3ch cz\u0119\u015bci: rekonstrukcji dawnej pracowni krawieckiej z pierwszej po\u0142owy XX wieku oraz wystawy guzik\u00f3w personalnych, umieszczonych na trzech planszach. Mo\u017cna zobaczy\u0107 mi\u0119dzy innymi guziki nale\u017c\u0105ce do Wis\u0142awy Szymborskiej, S\u0142awomira Mro\u017cka, Czes\u0142awa Mi\u0142osza, Henryka Jerzego Chmielewskiego \u2013 \u201ePapcia Chmiela\u201d, Wojciecha M\u0142ynarskiego, Zbigniewa Ho\u0142dysa, Stanis\u0142awa Lema, Zbigniewa Religii, Heleny Modrzejewskiej, Gustawa Holoubka, Jerzego Waldorffa, Mieczys\u0142awa Rakowskiego, Jana Karskiego, Adama Hanuszkiewicza, gen. W\u0142adys\u0142awa Sikorskiego, gen. W\u0142adys\u0142awa Andersa oraz gen. Tadeusza Kutrzeby.<\/p>\n<p>W\u015br\u00f3d najcenniejszych i najciekawszych eksponat\u00f3w jest kolekcja guzik\u00f3w prezydenckich: ostatniego prezydenta RP na uchod\u017astwie Ryszarda Kaczorowskiego, Lecha Kaczy\u0144skiego i jego ma\u0142\u017conki Marii, Lecha Wa\u0142\u0119sy, Aleksandra Kwa\u015bniewskiego, Bronis\u0142awa Komorowskiego oraz Andrzeja Dudy. Jest tak\u017ce guzik z munduru, w kt\u00f3rym gen. Wojciech Jaruzelski og\u0142osi\u0142 stan wojenny.<\/p>\n<p>Bardzo ciekawy jest XVIII-wieczny guzik nale\u017c\u0105cy niegdy\u015b do Stanis\u0142awa Ignacego Witkiewicza. Wykonany z ko\u015bci zdobionej japo\u0144skim rysunkiem, mo\u017ce kry\u0107 w sobie niejedn\u0105 tajemnic\u0119. Po odkr\u0119ceniu jego g\u00f3rnej cz\u0119\u015bci wida\u0107 kolejny rysunek i\u2026 schowek, przeznaczony podobno na afrodyzjaki.<\/p>\n<p>Niew\u0105tpliwie wart uwagi jest r\u00f3wnie\u017c guzik kardyna\u0142a Stefana Wyszy\u0144skiego, Prymasa Tysi\u0105clecia. Eksponat trafi\u0142 do muzeum wraz z pe\u0142n\u0105 dokumentacj\u0105, potwierdzaj\u0105c\u0105 jego autentyczno\u015b\u0107, od \u00f3wczesnego postulatora procesu beatyfikacyjnego, ks. pra\u0142. Mariana Roli.<\/p>\n<p>W zbiorach s\u0105 tak\u017ce guziki zagraniczne, m.in. guzik Dalajlamy XIV.<\/p>\n<p>Na wystawie sta\u0142ej pokazanych jest kilkaset przedmiot\u00f3w, to tylko cz\u0119\u015b\u0107 zbioru, kt\u00f3ry liczy ponad 4 tysi\u0105ce okaz\u00f3w, z czego tysi\u0105c to guziki konkretnych os\u00f3b. Wykonane zosta\u0142y m.in. z plastiku, materia\u0142u, masy per\u0142owej, ko\u015bci. Niekt\u00f3re s\u0105 bogato zdobione, inne za\u015b zupe\u0142nie niepozorne.<\/p>\n<p><em>Muzeum czynne jest od poniedzia\u0142ku do soboty w godzinach od 9.00 do 19.00, a w niedziele od 10.00 do 16.00, wst\u0119p jest bezp\u0142atny<\/em><em>.<\/em><\/p>\n<p><strong>Marcin Reczycki<\/strong><\/p>\n<p>Przewodnik turystyczny, instruktor krajoznawstwa, regionu i ochrony przyrody PTTK, organizator turystyki, pilot, spo\u0142eczny opiekun zabytk\u00f3w, specjalista ds. ochrony d\u00f3br kultury.<\/p>\n<div id=\"attachment_28640\" style=\"width: 310px\" class=\"wp-caption aligncenter\"><a href=\"https:\/\/turysta2.pttk.pl\/wp-content\/uploads\/2023\/03\/2.-Rekonstrukcja-dawnej-pracowni-krawieckiej-fot.-M.-Reczycki-AJ.jpg\"><img loading=\"lazy\" decoding=\"async\" aria-describedby=\"caption-attachment-28640\" class=\"wp-image-28640 size-medium\" src=\"https:\/\/turysta2.pttk.pl\/wp-content\/uploads\/2023\/03\/2.-Rekonstrukcja-dawnej-pracowni-krawieckiej-fot.-M.-Reczycki-AJ-300x225.jpg\" alt=\"\" width=\"300\" height=\"225\" srcset=\"https:\/\/turysta2.pttk.pl\/wp-content\/uploads\/2023\/03\/2.-Rekonstrukcja-dawnej-pracowni-krawieckiej-fot.-M.-Reczycki-AJ-300x225.jpg 300w, https:\/\/turysta2.pttk.pl\/wp-content\/uploads\/2023\/03\/2.-Rekonstrukcja-dawnej-pracowni-krawieckiej-fot.-M.-Reczycki-AJ-1024x768.jpg 1024w, https:\/\/turysta2.pttk.pl\/wp-content\/uploads\/2023\/03\/2.-Rekonstrukcja-dawnej-pracowni-krawieckiej-fot.-M.-Reczycki-AJ-768x576.jpg 768w, https:\/\/turysta2.pttk.pl\/wp-content\/uploads\/2023\/03\/2.-Rekonstrukcja-dawnej-pracowni-krawieckiej-fot.-M.-Reczycki-AJ-200x150.jpg 200w, https:\/\/turysta2.pttk.pl\/wp-content\/uploads\/2023\/03\/2.-Rekonstrukcja-dawnej-pracowni-krawieckiej-fot.-M.-Reczycki-AJ.jpg 1417w\" sizes=\"auto, (max-width: 300px) 100vw, 300px\" \/><\/a><p id=\"caption-attachment-28640\" class=\"wp-caption-text\">Rekonstrukcja dawnej pracowni krawieckiej<\/p><\/div>\n<div id=\"attachment_28641\" style=\"width: 310px\" class=\"wp-caption aligncenter\"><a href=\"https:\/\/turysta2.pttk.pl\/wp-content\/uploads\/2023\/03\/3.-Kazdy-guzik-jest-podpisany-imieniem-i-nazwiskiem-wlasciciela-fot.-M.-Reczycki-AJ.jpg\"><img loading=\"lazy\" decoding=\"async\" aria-describedby=\"caption-attachment-28641\" class=\"wp-image-28641 size-medium\" src=\"https:\/\/turysta2.pttk.pl\/wp-content\/uploads\/2023\/03\/3.-Kazdy-guzik-jest-podpisany-imieniem-i-nazwiskiem-wlasciciela-fot.-M.-Reczycki-AJ-300x223.jpg\" alt=\"\" width=\"300\" height=\"223\" srcset=\"https:\/\/turysta2.pttk.pl\/wp-content\/uploads\/2023\/03\/3.-Kazdy-guzik-jest-podpisany-imieniem-i-nazwiskiem-wlasciciela-fot.-M.-Reczycki-AJ-300x223.jpg 300w, https:\/\/turysta2.pttk.pl\/wp-content\/uploads\/2023\/03\/3.-Kazdy-guzik-jest-podpisany-imieniem-i-nazwiskiem-wlasciciela-fot.-M.-Reczycki-AJ-1024x761.jpg 1024w, https:\/\/turysta2.pttk.pl\/wp-content\/uploads\/2023\/03\/3.-Kazdy-guzik-jest-podpisany-imieniem-i-nazwiskiem-wlasciciela-fot.-M.-Reczycki-AJ-768x571.jpg 768w, https:\/\/turysta2.pttk.pl\/wp-content\/uploads\/2023\/03\/3.-Kazdy-guzik-jest-podpisany-imieniem-i-nazwiskiem-wlasciciela-fot.-M.-Reczycki-AJ-1536x1142.jpg 1536w, https:\/\/turysta2.pttk.pl\/wp-content\/uploads\/2023\/03\/3.-Kazdy-guzik-jest-podpisany-imieniem-i-nazwiskiem-wlasciciela-fot.-M.-Reczycki-AJ-200x150.jpg 200w, https:\/\/turysta2.pttk.pl\/wp-content\/uploads\/2023\/03\/3.-Kazdy-guzik-jest-podpisany-imieniem-i-nazwiskiem-wlasciciela-fot.-M.-Reczycki-AJ.jpg 1772w\" sizes=\"auto, (max-width: 300px) 100vw, 300px\" \/><\/a><p id=\"caption-attachment-28641\" class=\"wp-caption-text\">Ka\u017cdy guzik jest podpisany imieniem i nazwiskiem w\u0142a\u015bciciela<\/p><\/div>\n<div id=\"attachment_28642\" style=\"width: 310px\" class=\"wp-caption aligncenter\"><a href=\"https:\/\/turysta2.pttk.pl\/wp-content\/uploads\/2023\/03\/5.-Guzik-Papcia-Chmiela-fot.-M.-Reczycki.jpg\"><img loading=\"lazy\" decoding=\"async\" aria-describedby=\"caption-attachment-28642\" class=\"wp-image-28642 size-medium\" src=\"https:\/\/turysta2.pttk.pl\/wp-content\/uploads\/2023\/03\/5.-Guzik-Papcia-Chmiela-fot.-M.-Reczycki-300x212.jpg\" alt=\"\" width=\"300\" height=\"212\" srcset=\"https:\/\/turysta2.pttk.pl\/wp-content\/uploads\/2023\/03\/5.-Guzik-Papcia-Chmiela-fot.-M.-Reczycki-300x212.jpg 300w, https:\/\/turysta2.pttk.pl\/wp-content\/uploads\/2023\/03\/5.-Guzik-Papcia-Chmiela-fot.-M.-Reczycki-1024x724.jpg 1024w, https:\/\/turysta2.pttk.pl\/wp-content\/uploads\/2023\/03\/5.-Guzik-Papcia-Chmiela-fot.-M.-Reczycki-768x543.jpg 768w, https:\/\/turysta2.pttk.pl\/wp-content\/uploads\/2023\/03\/5.-Guzik-Papcia-Chmiela-fot.-M.-Reczycki-1536x1086.jpg 1536w, https:\/\/turysta2.pttk.pl\/wp-content\/uploads\/2023\/03\/5.-Guzik-Papcia-Chmiela-fot.-M.-Reczycki.jpg 1738w\" sizes=\"auto, (max-width: 300px) 100vw, 300px\" \/><\/a><p id=\"caption-attachment-28642\" class=\"wp-caption-text\">Guzik Papcia Chmiela<\/p><\/div>\n<p><strong>Flag\u0119 plac\u00f3wki prezentuj\u0105 Eligiusz Pietrucha, nestor \u0142owickich przewodnik\u00f3w PTTK (od lewej) i Jacek Rutkowski, kustosz muzeum<\/strong><\/p>\n","protected":false},"excerpt":{"rendered":"Jest takie muzeum, w kt\u00f3rym zaraz przy wej\u015bciu wisi tabliczka z ostrze\u017ceniem: \u201eW dniu dzisiejszym za GUZIKI szatnia nie odpowiada\u201d\u2026 \u017bartobliw\u0105 informacj\u0119 podpisa\u0142a Dyrekcja Muzeum Guzik\u00f3w w \u0141owiczu. Plac\u00f3wka liczy sobie ju\u017c prawie 27 lat, jej za\u0142o\u017cycielem i kustoszem jest Jacek Rutkowski. Na pocz\u0105tku zbiory mie\u015bci\u0142y si\u0119 w jednej zaledwie, pami\u0105tkowej XIX-wiecznej walizce. Od kilku lat muzeum ma swoj\u0105 sta\u0142\u0105&nbsp;<a href=\"https:\/\/turysta2.pttk.pl\/?p=28636\" class=\"read-more\">Continue Reading<\/a>","protected":false},"author":12,"featured_media":28637,"comment_status":"closed","ping_status":"closed","sticky":false,"template":"","format":"standard","meta":{"footnotes":""},"categories":[81],"tags":[],"class_list":["post-28636","post","type-post","status-publish","format-standard","has-post-thumbnail","hentry","category-kolekcjonerstwo","cat-81-id"],"aioseo_notices":[],"_links":{"self":[{"href":"https:\/\/turysta2.pttk.pl\/index.php?rest_route=\/wp\/v2\/posts\/28636","targetHints":{"allow":["GET"]}}],"collection":[{"href":"https:\/\/turysta2.pttk.pl\/index.php?rest_route=\/wp\/v2\/posts"}],"about":[{"href":"https:\/\/turysta2.pttk.pl\/index.php?rest_route=\/wp\/v2\/types\/post"}],"author":[{"embeddable":true,"href":"https:\/\/turysta2.pttk.pl\/index.php?rest_route=\/wp\/v2\/users\/12"}],"replies":[{"embeddable":true,"href":"https:\/\/turysta2.pttk.pl\/index.php?rest_route=%2Fwp%2Fv2%2Fcomments&post=28636"}],"version-history":[{"count":10,"href":"https:\/\/turysta2.pttk.pl\/index.php?rest_route=\/wp\/v2\/posts\/28636\/revisions"}],"predecessor-version":[{"id":28647,"href":"https:\/\/turysta2.pttk.pl\/index.php?rest_route=\/wp\/v2\/posts\/28636\/revisions\/28647"}],"wp:featuredmedia":[{"embeddable":true,"href":"https:\/\/turysta2.pttk.pl\/index.php?rest_route=\/wp\/v2\/media\/28637"}],"wp:attachment":[{"href":"https:\/\/turysta2.pttk.pl\/index.php?rest_route=%2Fwp%2Fv2%2Fmedia&parent=28636"}],"wp:term":[{"taxonomy":"category","embeddable":true,"href":"https:\/\/turysta2.pttk.pl\/index.php?rest_route=%2Fwp%2Fv2%2Fcategories&post=28636"},{"taxonomy":"post_tag","embeddable":true,"href":"https:\/\/turysta2.pttk.pl\/index.php?rest_route=%2Fwp%2Fv2%2Ftags&post=28636"}],"curies":[{"name":"wp","href":"https:\/\/api.w.org\/{rel}","templated":true}]}}