{"id":28626,"date":"2023-03-09T14:23:56","date_gmt":"2023-03-09T12:23:56","guid":{"rendered":"https:\/\/turysta2.pttk.pl\/?p=28626"},"modified":"2023-03-09T14:26:08","modified_gmt":"2023-03-09T12:26:08","slug":"bedzie-sie-dzialo","status":"publish","type":"post","link":"https:\/\/turysta2.pttk.pl\/?p=28626","title":{"rendered":"B\u0119dzie si\u0119 dzia\u0142o\u2026"},"content":{"rendered":"<p><strong><a href=\"https:\/\/turysta2.pttk.pl\/wp-content\/uploads\/2023\/03\/1.-Archiwum-Urzedu-Marszalkowskiego-Wojewodztwa-Warminsko-Mazurskiego-w-Olsztynie.jpg\"><img loading=\"lazy\" decoding=\"async\" class=\"alignnone size-medium wp-image-28630\" src=\"https:\/\/turysta2.pttk.pl\/wp-content\/uploads\/2023\/03\/1.-Archiwum-Urzedu-Marszalkowskiego-Wojewodztwa-Warminsko-Mazurskiego-w-Olsztynie-300x215.jpg\" alt=\"\" width=\"300\" height=\"215\" srcset=\"https:\/\/turysta2.pttk.pl\/wp-content\/uploads\/2023\/03\/1.-Archiwum-Urzedu-Marszalkowskiego-Wojewodztwa-Warminsko-Mazurskiego-w-Olsztynie-300x215.jpg 300w, https:\/\/turysta2.pttk.pl\/wp-content\/uploads\/2023\/03\/1.-Archiwum-Urzedu-Marszalkowskiego-Wojewodztwa-Warminsko-Mazurskiego-w-Olsztynie-1024x733.jpg 1024w, https:\/\/turysta2.pttk.pl\/wp-content\/uploads\/2023\/03\/1.-Archiwum-Urzedu-Marszalkowskiego-Wojewodztwa-Warminsko-Mazurskiego-w-Olsztynie-768x550.jpg 768w, https:\/\/turysta2.pttk.pl\/wp-content\/uploads\/2023\/03\/1.-Archiwum-Urzedu-Marszalkowskiego-Wojewodztwa-Warminsko-Mazurskiego-w-Olsztynie-1536x1099.jpg 1536w, https:\/\/turysta2.pttk.pl\/wp-content\/uploads\/2023\/03\/1.-Archiwum-Urzedu-Marszalkowskiego-Wojewodztwa-Warminsko-Mazurskiego-w-Olsztynie.jpg 2008w\" sizes=\"auto, (max-width: 300px) 100vw, 300px\" \/><\/a> <a href=\"https:\/\/turysta2.pttk.pl\/wp-content\/uploads\/2023\/03\/3.-Archiwum-Urzedu-Marszalkowskiego-Wojewodztwa-Warminsko-Mazurskiego-w-Olsztynie-3.jpg\"><img loading=\"lazy\" decoding=\"async\" class=\"alignnone  wp-image-28631\" src=\"https:\/\/turysta2.pttk.pl\/wp-content\/uploads\/2023\/03\/3.-Archiwum-Urzedu-Marszalkowskiego-Wojewodztwa-Warminsko-Mazurskiego-w-Olsztynie-3-300x211.jpg\" alt=\"\" width=\"307\" height=\"216\" srcset=\"https:\/\/turysta2.pttk.pl\/wp-content\/uploads\/2023\/03\/3.-Archiwum-Urzedu-Marszalkowskiego-Wojewodztwa-Warminsko-Mazurskiego-w-Olsztynie-3-300x211.jpg 300w, https:\/\/turysta2.pttk.pl\/wp-content\/uploads\/2023\/03\/3.-Archiwum-Urzedu-Marszalkowskiego-Wojewodztwa-Warminsko-Mazurskiego-w-Olsztynie-3-1024x721.jpg 1024w, https:\/\/turysta2.pttk.pl\/wp-content\/uploads\/2023\/03\/3.-Archiwum-Urzedu-Marszalkowskiego-Wojewodztwa-Warminsko-Mazurskiego-w-Olsztynie-3-768x540.jpg 768w, https:\/\/turysta2.pttk.pl\/wp-content\/uploads\/2023\/03\/3.-Archiwum-Urzedu-Marszalkowskiego-Wojewodztwa-Warminsko-Mazurskiego-w-Olsztynie-3-1536x1081.jpg 1536w, https:\/\/turysta2.pttk.pl\/wp-content\/uploads\/2023\/03\/3.-Archiwum-Urzedu-Marszalkowskiego-Wojewodztwa-Warminsko-Mazurskiego-w-Olsztynie-3.jpg 2008w\" sizes=\"auto, (max-width: 307px) 100vw, 307px\" \/><\/a><\/strong><\/p>\n<p><strong>Na Warmii i Mazurach zaplanowano mn\u00f3stwo wydarze\u0144 zwi\u0105zanych z postaci\u0105 s\u0142ynnego astronoma. Wiele z nich b\u0119dzie przybli\u017ca\u0142o jego \u017cycie i dzie\u0142o, ale s\u0105 te\u017c takie, kt\u00f3re maj\u0105 na celu wpisanie tej postaci w r\u00f3\u017cne dziedziny wsp\u00f3\u0142czesno\u015bci. Po\u015br\u00f3d bogactwa wydarze\u0144 i atrakcji co\u015b ciekawego dla siebie znajd\u0105 tury\u015bci w ka\u017cdym wieku.<\/strong><\/p>\n<p>Nie zabraknie rajd\u00f3w turystycznych, wystaw, konkurs\u00f3w, konferencji naukowych, premier publikacji drukowanych i cyfrowych, imprez muzycznych czy rekonstrukcji historycznych. Sporo b\u0119dzie si\u0119 dzia\u0142o tak\u017ce w wojew\u00f3dztwach pomorskim i kujawsko-pomorskim, kt\u00f3re wraz z warmi\u0144sko-mazurskim organizuj\u0105 obchody Roku Miko\u0142aja Kopernika. Najbardziej \u201eturystycznym\u201d przejawem tej wsp\u00f3\u0142pracy jest wytyczenie w obu regionach odcink\u00f3w drogowego Szlaku Kopernikowskiego, kt\u00f3ry na Warmii i Mazurach funkcjonuje ju\u017c od kilkunastu lat. Aby u\u0142atwi\u0107 turystom poruszanie si\u0119 po szlaku, uruchomiono now\u0105 wersj\u0119 strony <strong>szlakkopernikowski.pl<\/strong> zawieraj\u0105c\u0105 opisy jego najwa\u017cniejszych atrakcji. Informacje o obchodach Roku Kopernika, w tym na bie\u017c\u0105co aktualizowane kalendarium wydarze\u0144, s\u0105 udost\u0119pniane na nowej stronie <strong>kopernik.warmia.mazury.pl<\/strong>.<\/p>\n<p><strong>Dla ucha i dla oka, za dnia i w nocy <\/strong><\/p>\n<p>Wiele atrakcji dla odwiedzaj\u0105cych przygotowuje Muzeum Miko\u0142aja Kopernika we Fromborku. Na 21 maja zaplanowano \u015bwiatow\u0105 prapremier\u0119 musicalu \u201eKopernik\u201d. Tego samego dnia zostanie otwarta wystawa \u201eOd Godela do wsp\u00f3\u0142czesno\u015bci \u2013 Miko\u0142aj Kopernik w numizmatyce i medalierstwie\u201d. Od lutego w muzeum mo\u017cna ju\u017c ogl\u0105da\u0107 wystaw\u0119 \u201eMiko\u0142aj Kopernik \u2013 \u017cycie i dzie\u0142o\u201d, a od marca drug\u0105, kt\u00f3ra prezentuje dokonania Kopernika w r\u00f3\u017cnych obszarach jego aktywno\u015bci. Muzealne planetarium przygotowuje seans pt. \u201eAstronomia Kopernika\u201d, a Park Astronomiczny \u2013 wystaw\u0119 \u201eJak Kopernik obserwowa\u0142 niebo\u201d. Od wiosny do jesieni fromborskie muzeum wraz z Muzeum Budownictwa Ludowego \u2013 Parkiem Etnograficznym w Olsztynku zaprasza na wystaw\u0119 planszow\u0105 \u201eKopernik i zio\u0142a\u201d. Ofert\u0119 obu plac\u00f3wek w specjalnej oprawie b\u0119dzie mo\u017cna poznawa\u0107 tak\u017ce podczas Nocy Muze\u00f3w z Kopernikiem (5 sierpnia).<\/p>\n<p>Na Mi\u0119dzynarodow\u0105 Noc Muze\u00f3w z akcentami kopernikowskimi zaprosz\u0105 te\u017c oddzia\u0142y Muzeum Warmii i Mazur, jednak w innym terminie (20 maja). W olszty\u0144skiej siedzibie muzeum zosta\u0142a ju\u017c przygotowana wystawa \u201e<em>Copernici tempus et studium<\/em>. Czas i praca Kopernika\u201d. Dodatkowo eksponaty zwi\u0105zane z Kopernikiem b\u0119d\u0105 tu zaprezentowane podczas \u201eWieczoru z histori\u0105\u201d (13 wrze\u015bnia).<\/p>\n<p><strong>Projekty graficzne na murach <\/strong><\/p>\n<p>Innym pomys\u0142em na popularyzacj\u0119 i promocj\u0119 postaci Miko\u0142aja Kopernika oraz oferty turystycznej Szlaku Kopernikowskiego s\u0105 murale. Ich wykonanie zaplanowano w pi\u0119ciu miastach po\u0142o\u017conych na szlaku: Nowym Mie\u015bcie Lubawskim, Olsztynku, Lidzbarku Warmi\u0144skim, Pieni\u0119\u017cnie oraz Fromborku. Projekt graficzny ka\u017cdego z murali wykona\u0142 inny artysta street artu, legitymuj\u0105cy si\u0119 znacz\u0105cym dorobkiem w tej dziedzinie sztuki. Wielkoformatowe dzie\u0142a powstan\u0105 w dobrze widocznych miejscach, aby mog\u0142y cieszy\u0107 oczy turyst\u00f3w, w szczeg\u00f3lno\u015bci tych zmotoryzowanych. Murale b\u0119d\u0105 nawi\u0105zywa\u0142y do r\u00f3\u017cnych profesji, kt\u00f3rymi para\u0142 si\u0119 Kopernik (astronom, lekarz, ekonomista, administrator). Wykonane trwa\u0142\u0105 technik\u0105 malarsk\u0105, przez lata b\u0119d\u0105 przypomina\u0142y o wielkim uczonym.<\/p>\n<p><strong>Ciekawe aplikacje i gry<\/strong><\/p>\n<p>Muzeum Warmii i Mazur w Olsztynie wprowadzi Kopernika do przestrzeni wirtualnej. Za spraw\u0105 tej plac\u00f3wki powstanie aplikacja wyja\u015bniaj\u0105ca zasady dzia\u0142ania tablicy astronomicznej Kopernika oraz gra komputerowa prezentuj\u0105ca jego \u017cycie codzienne w olszty\u0144skim zamku. Tablica astronomiczna na \u015bcianie zamkowego kru\u017cganku zosta\u0142a wykonana przez samego astronoma i stanowi jedyny na \u015bwiecie zabytek tego rodzaju zachowany do naszych czas\u00f3w. Tablica s\u0142u\u017cy\u0142a Kopernikowi do przedstawienia pozornego ruchu S\u0142o\u0144ca w dniach bliskich r\u00f3wnonocy wiosennej. Uzyskane dzi\u0119ki niej dane pomog\u0142y mu w pracach nad reform\u0105 kalendarza, kt\u00f3r\u0105 ostatecznie wprowadzi\u0142 papie\u017c Grzegorz XIII. Gra komputerowa przeniesie graczy w realia XVI wieku. Poruszaj\u0105c si\u0119 po olszty\u0144skim zamku, wciel\u0105 si\u0119 oni w Kopernika i b\u0119d\u0105 wykonywali zadania zwi\u0105zane z dziedzinami, kt\u00f3rymi zajmowa\u0142 si\u0119, mieszkaj\u0105c w Olsztynie (astronomia, medycyna, ekonomia, wojskowo\u015b\u0107).<\/p>\n<p><strong>Powa\u017cne konferencje i komiksowe przewodniki <\/strong><\/p>\n<p>Nad fenomenem Kopernika i jego dokona\u0144 pochyl\u0105 si\u0119 r\u00f3wnie\u017c naukowcy. 22 czerwca w Muzeum Warmii i Mazur w Olsztynie odb\u0119dzie si\u0119 mi\u0119dzynarodowa konferencja naukowa w ramach \u015awiatowego Kongresu Kopernika\u0144skiego, kt\u00f3ry b\u0119dzie go\u015bci\u0142 tak\u017ce w Toruniu i Krakowie. Z kolei 28 wrze\u015bnia muzeum zaprosi na konferencj\u0119 naukow\u0105 pt. \u201eUrodziny a \u017cycie aktywne. Jak Olsztyn i Toru\u0144 o Kopernika si\u0119 spieraj\u0105\u201d. R\u00f3wnie\u017c we wrze\u015bniu, podczas obchod\u00f3w 75-lecia Muzeum Miko\u0142aja Kopernika we Fromborku, odb\u0119dzie si\u0119 tam mi\u0119dzynarodowa konferencja \u201eWizerunki Miko\u0142aja Kopernika\u201d.<\/p>\n<p>Zapowiedziane s\u0105 liczne publikacje po\u015bwi\u0119cone Kopernikowi. Wiele organizacji pozarz\u0105dowych na Warmii i Mazurach przygotowuje w\u0142asne propozycje zwi\u0105zane z postaci\u0105 Kopernika, np. inscenizacje historyczne, gry terenowe, przewodnik rowerowy, wizyty bloger\u00f3w na Szlaku Kopernikowskim czy komiksowy przewodnik po tym szlaku.<\/p>\n<p><strong>Obchody tak\u017ce poza granicami<\/strong><\/p>\n<p>W Parlamencie Europejskim, Kwaterze G\u0142\u00f3wnej NATO oraz Ambasadzie RP w Brukseli zaplanowano wystawy po\u0142\u0105czone z prezentacjami dotycz\u0105cymi dokona\u0144 uczonego. Mi\u0119dzynarodowe Stowarzyszenie Miast Cittaslow z siedzib\u0105 we W\u0142oszech, gdzie Kopernik sp\u0119dzi\u0142 swe studenckie lata, og\u0142osi\u0142o konkurs dla dzieci i m\u0142odzie\u017cy na prace upami\u0119tniaj\u0105ce jego dokonania, wykonane cyfrowo (film, grafika, animacja, prezentacja), w j\u0119zyku angielskim lub w\u0142oskim. Termin przesy\u0142ania prac konkursowych mija 30 kwietnia 2023 roku. Nagrodami dla laureat\u00f3w trzech pierwszych miejsc w dw\u00f3ch kategoriach wiekowych s\u0105 lunety. Konkurs wsp\u00f3\u0142organizuj\u0105 Polska Krajowa Sie\u0107 Miast Cittaslow i Samorz\u0105d Wojew\u00f3dztwa Warmi\u0144sko-Mazurskiego. Regulamin oraz bie\u017c\u0105ce informacje na temat konkursu mo\u017cna znale\u017a\u0107 na stronach: <strong>cittaslow.org <\/strong>i<strong> cittaslowpolska.pl<\/strong>.<\/p>\n<p><em>To tylko cz\u0119\u015b\u0107 propozycji zwi\u0105zanych z jubileuszowymi obchodami. Wi\u0119cej mo\u017cna znale\u017a\u0107 na pod adresem <strong>kopernik.warmia.mazury.pl<\/strong>.<\/em><\/p>\n<p><strong>Rafa\u0142 \u015aliwiak<br \/>\n<\/strong>Pracownik Departamentu Turystyki i Sportu Urz\u0119du Marsza\u0142kowskiego Wojew\u00f3dztwa Warmi\u0144sko-Mazurskiego. Mi\u0142o\u015bnik turystyki kajakowej i rowerowej.<\/p>\n<p><strong>Podpis<br \/>\n<\/strong>W Olsztynie zainaugurowano 21 stycznia 2023 roku\u00a0 wojew\u00f3dzkie obchody Roku Kopernika. Mieszka\u0144cy mogli uczestniczy\u0107 w festynie historycznym oraz ogl\u0105da\u0107 inscenizacj\u0119\u00a0 dowodzonej przez Miko\u0142aja Kopernika obrony olszty\u0144skiego zamku przez Krzy\u017cakami (fot. Archiwum Urz\u0119du Marsza\u0142kowskiego Wojew\u00f3dztwa Warmi\u0144sko-Mazurskiego w Olsztynie)<\/p>\n","protected":false},"excerpt":{"rendered":"Na Warmii i Mazurach zaplanowano mn\u00f3stwo wydarze\u0144 zwi\u0105zanych z postaci\u0105 s\u0142ynnego astronoma. Wiele z nich b\u0119dzie przybli\u017ca\u0142o jego \u017cycie i dzie\u0142o, ale s\u0105 te\u017c takie, kt\u00f3re maj\u0105 na celu wpisanie tej postaci w r\u00f3\u017cne dziedziny wsp\u00f3\u0142czesno\u015bci. Po\u015br\u00f3d bogactwa wydarze\u0144 i atrakcji co\u015b ciekawego dla siebie znajd\u0105 tury\u015bci w ka\u017cdym wieku. Nie zabraknie rajd\u00f3w turystycznych, wystaw, konkurs\u00f3w, konferencji naukowych, premier publikacji&nbsp;<a href=\"https:\/\/turysta2.pttk.pl\/?p=28626\" class=\"read-more\">Continue Reading<\/a>","protected":false},"author":12,"featured_media":28627,"comment_status":"closed","ping_status":"closed","sticky":false,"template":"","format":"standard","meta":{"footnotes":""},"categories":[92],"tags":[],"class_list":["post-28626","post","type-post","status-publish","format-standard","has-post-thumbnail","hentry","category-polecamy","cat-92-id"],"aioseo_notices":[],"_links":{"self":[{"href":"https:\/\/turysta2.pttk.pl\/index.php?rest_route=\/wp\/v2\/posts\/28626","targetHints":{"allow":["GET"]}}],"collection":[{"href":"https:\/\/turysta2.pttk.pl\/index.php?rest_route=\/wp\/v2\/posts"}],"about":[{"href":"https:\/\/turysta2.pttk.pl\/index.php?rest_route=\/wp\/v2\/types\/post"}],"author":[{"embeddable":true,"href":"https:\/\/turysta2.pttk.pl\/index.php?rest_route=\/wp\/v2\/users\/12"}],"replies":[{"embeddable":true,"href":"https:\/\/turysta2.pttk.pl\/index.php?rest_route=%2Fwp%2Fv2%2Fcomments&post=28626"}],"version-history":[{"count":4,"href":"https:\/\/turysta2.pttk.pl\/index.php?rest_route=\/wp\/v2\/posts\/28626\/revisions"}],"predecessor-version":[{"id":28629,"href":"https:\/\/turysta2.pttk.pl\/index.php?rest_route=\/wp\/v2\/posts\/28626\/revisions\/28629"}],"wp:featuredmedia":[{"embeddable":true,"href":"https:\/\/turysta2.pttk.pl\/index.php?rest_route=\/wp\/v2\/media\/28627"}],"wp:attachment":[{"href":"https:\/\/turysta2.pttk.pl\/index.php?rest_route=%2Fwp%2Fv2%2Fmedia&parent=28626"}],"wp:term":[{"taxonomy":"category","embeddable":true,"href":"https:\/\/turysta2.pttk.pl\/index.php?rest_route=%2Fwp%2Fv2%2Fcategories&post=28626"},{"taxonomy":"post_tag","embeddable":true,"href":"https:\/\/turysta2.pttk.pl\/index.php?rest_route=%2Fwp%2Fv2%2Ftags&post=28626"}],"curies":[{"name":"wp","href":"https:\/\/api.w.org\/{rel}","templated":true}]}}