{"id":28585,"date":"2023-03-08T17:33:46","date_gmt":"2023-03-08T15:33:46","guid":{"rendered":"https:\/\/turysta2.pttk.pl\/?p=28585"},"modified":"2023-03-08T17:33:46","modified_gmt":"2023-03-08T15:33:46","slug":"tablica-dla-mauzera","status":"publish","type":"post","link":"https:\/\/turysta2.pttk.pl\/?p=28585","title":{"rendered":"Tablica dla \u201eMauzera\u201d"},"content":{"rendered":"<p>Na szczycie Cergowej (716 m n.p.m.) w Beskidzie Niskim od 27 lat odbywaj\u0105 si\u0119 Mauzerowe Spotkania Op\u0142atkowo-Noworoczne. Tradycyjnie tury\u015bci dziel\u0105 si\u0119 na nich op\u0142atkiem (np. w formie chleba z mas\u0142em okraszonego czosnkiem nied\u017awiedzim) i sk\u0142adaj\u0105 sobie \u017cyczenia. W tym roku, 8 stycznia, najwi\u0119ksza grupa ruszy\u0142a na imprez\u0119 z Lipowicy, pozostali w\u0119drowali od Dukli, Jasionki oraz Zawadki Rymanowskiej.<\/p>\n<p>Tegoroczne spotkanie mia\u0142o nie tylko \u015bwi\u0105teczny charakter. Piechurzy zgromadzili si\u0119 przy g\u0142azie piaskowca, aby ods\u0142oni\u0107 tablic\u0119 po\u015bwi\u0119con\u0105 zmar\u0142emu w 2021 roku Ryszardowi Majce \u201eMauzerowi\u201d. By\u0142 przewodnikiem beskidzkim, znakarzem szlak\u00f3w i prezesem Oddzia\u0142u PTTK w Kro\u015bnie, opiekunem cmentarzy z I wojny \u015bwiatowej. To w\u0142a\u015bnie \u201eMauzer\u201d z kilkoma kolegami zainicjowa\u0142 przed laty \u201eop\u0142atek\u201d na Cergowej, na szczycie swojej\u00a0 ukochanej g\u00f3ry.<\/p>\n<p><strong>Bart\u0142omiej Machowski<\/strong><\/p>\n<p><strong>Podpis<\/strong><br \/>\nTablic\u0119 pami\u0105tkow\u0105 wykona\u0142 Andrzej Samborowski-Zajdel<\/p>\n","protected":false},"excerpt":{"rendered":"Na szczycie Cergowej (716 m n.p.m.) w Beskidzie Niskim od 27 lat odbywaj\u0105 si\u0119 Mauzerowe Spotkania Op\u0142atkowo-Noworoczne. Tradycyjnie tury\u015bci dziel\u0105 si\u0119 na nich op\u0142atkiem (np. w formie chleba z mas\u0142em okraszonego czosnkiem nied\u017awiedzim) i sk\u0142adaj\u0105 sobie \u017cyczenia. W tym roku, 8 stycznia, najwi\u0119ksza grupa ruszy\u0142a na imprez\u0119 z Lipowicy, pozostali w\u0119drowali od Dukli, Jasionki oraz Zawadki Rymanowskiej. Tegoroczne spotkanie mia\u0142o&nbsp;<a href=\"https:\/\/turysta2.pttk.pl\/?p=28585\" class=\"read-more\">Continue Reading<\/a>","protected":false},"author":4,"featured_media":28586,"comment_status":"closed","ping_status":"closed","sticky":false,"template":"","format":"standard","meta":{"footnotes":""},"categories":[82],"tags":[],"class_list":["post-28585","post","type-post","status-publish","format-standard","has-post-thumbnail","hentry","category-ludzie-z-pasja","cat-82-id"],"aioseo_notices":[],"_links":{"self":[{"href":"https:\/\/turysta2.pttk.pl\/index.php?rest_route=\/wp\/v2\/posts\/28585","targetHints":{"allow":["GET"]}}],"collection":[{"href":"https:\/\/turysta2.pttk.pl\/index.php?rest_route=\/wp\/v2\/posts"}],"about":[{"href":"https:\/\/turysta2.pttk.pl\/index.php?rest_route=\/wp\/v2\/types\/post"}],"author":[{"embeddable":true,"href":"https:\/\/turysta2.pttk.pl\/index.php?rest_route=\/wp\/v2\/users\/4"}],"replies":[{"embeddable":true,"href":"https:\/\/turysta2.pttk.pl\/index.php?rest_route=%2Fwp%2Fv2%2Fcomments&post=28585"}],"version-history":[{"count":2,"href":"https:\/\/turysta2.pttk.pl\/index.php?rest_route=\/wp\/v2\/posts\/28585\/revisions"}],"predecessor-version":[{"id":28588,"href":"https:\/\/turysta2.pttk.pl\/index.php?rest_route=\/wp\/v2\/posts\/28585\/revisions\/28588"}],"wp:featuredmedia":[{"embeddable":true,"href":"https:\/\/turysta2.pttk.pl\/index.php?rest_route=\/wp\/v2\/media\/28586"}],"wp:attachment":[{"href":"https:\/\/turysta2.pttk.pl\/index.php?rest_route=%2Fwp%2Fv2%2Fmedia&parent=28585"}],"wp:term":[{"taxonomy":"category","embeddable":true,"href":"https:\/\/turysta2.pttk.pl\/index.php?rest_route=%2Fwp%2Fv2%2Fcategories&post=28585"},{"taxonomy":"post_tag","embeddable":true,"href":"https:\/\/turysta2.pttk.pl\/index.php?rest_route=%2Fwp%2Fv2%2Ftags&post=28585"}],"curies":[{"name":"wp","href":"https:\/\/api.w.org\/{rel}","templated":true}]}}