{"id":28578,"date":"2023-03-08T17:25:28","date_gmt":"2023-03-08T15:25:28","guid":{"rendered":"https:\/\/turysta2.pttk.pl\/?p=28578"},"modified":"2023-03-08T17:27:04","modified_gmt":"2023-03-08T15:27:04","slug":"gdynia-coraz-blizej-wpisania-na-liste-unesco","status":"publish","type":"post","link":"https:\/\/turysta2.pttk.pl\/?p=28578","title":{"rendered":"Gdynia coraz bli\u017cej wpisania na list\u0119 UNESCO"},"content":{"rendered":"<p>Modernistyczne centrum Gdyni zosta\u0142o oficjalnie zg\u0142oszone jako polski kandydat do wpisania na list\u0119 \u015bwiatowego dziedzictwa UNESCO. Jest to uwie\u0144czenie kilkunastoletniego procesu przygotowawczego. Wniosek o wpis przygotowany przez Urz\u0105d Miasta Gdyni i zarekomendowany przez Komitet do spraw \u015awiatowego Dziedzictwa Kulturowego w Polsce przy Ministrze Kultury i Dziedzictwa Narodowego podpisa\u0142 8 lutego 2023 roku wiceminister Jaros\u0142aw Sellin. Dokumentacja zosta\u0142a przekazana na r\u0119ce Lazare Eloundou Assomo, dyrektora Centrum \u015awiatowego Dziedzictwa UNESCO w Pary\u017cu. Tam rozpocznie si\u0119 sprawdzanie wniosku pod wzgl\u0119dem formalnym. Je\u015bli zostanie zweryfikowany pozytywnie, UNESCO przeka\u017ce go do swojej agendy ICOMOS, kt\u00f3ra ma przygotowa\u0107 decyduj\u0105cy raport. Ma na to pi\u0119tna\u015bcie miesi\u0119cy. W maju przysz\u0142ego roku, je\u015bli raport b\u0119dzie pozytywny, zostanie on przedstawiony mi\u0119dzynarodowej komisji. W lipcu 2024 roku \u2013 to najszybszy termin \u2013 b\u0119dzie mo\u017cna liczy\u0107 na zatwierdzenie kolejnego wpisu polskiego na t\u0119 presti\u017cow\u0105 list\u0119.<\/p>\n<p><strong>Jaros\u0142aw Kaczmarczyk<\/p>\n<p><\/strong><a href=\"https:\/\/turysta2.pttk.pl\/wp-content\/uploads\/2023\/03\/Modernizm-Gdynia-fot.-J.-Kaczmarczyk-scaled.jpg\"><img loading=\"lazy\" decoding=\"async\" class=\"alignnone size-medium wp-image-28580\" src=\"https:\/\/turysta2.pttk.pl\/wp-content\/uploads\/2023\/03\/Modernizm-Gdynia-fot.-J.-Kaczmarczyk-300x169.jpg\" alt=\"\" width=\"300\" height=\"169\" srcset=\"https:\/\/turysta2.pttk.pl\/wp-content\/uploads\/2023\/03\/Modernizm-Gdynia-fot.-J.-Kaczmarczyk-300x169.jpg 300w, https:\/\/turysta2.pttk.pl\/wp-content\/uploads\/2023\/03\/Modernizm-Gdynia-fot.-J.-Kaczmarczyk-1024x575.jpg 1024w, https:\/\/turysta2.pttk.pl\/wp-content\/uploads\/2023\/03\/Modernizm-Gdynia-fot.-J.-Kaczmarczyk-768x431.jpg 768w, https:\/\/turysta2.pttk.pl\/wp-content\/uploads\/2023\/03\/Modernizm-Gdynia-fot.-J.-Kaczmarczyk-1536x863.jpg 1536w, https:\/\/turysta2.pttk.pl\/wp-content\/uploads\/2023\/03\/Modernizm-Gdynia-fot.-J.-Kaczmarczyk-2048x1150.jpg 2048w\" sizes=\"auto, (max-width: 300px) 100vw, 300px\" \/><\/a><\/p>\n<p><strong>\u00a0<\/strong><\/p>\n","protected":false},"excerpt":{"rendered":"Modernistyczne centrum Gdyni zosta\u0142o oficjalnie zg\u0142oszone jako polski kandydat do wpisania na list\u0119 \u015bwiatowego dziedzictwa UNESCO. Jest to uwie\u0144czenie kilkunastoletniego procesu przygotowawczego. Wniosek o wpis przygotowany przez Urz\u0105d Miasta Gdyni i zarekomendowany przez Komitet do spraw \u015awiatowego Dziedzictwa Kulturowego w Polsce przy Ministrze Kultury i Dziedzictwa Narodowego podpisa\u0142 8 lutego 2023 roku wiceminister Jaros\u0142aw Sellin. Dokumentacja zosta\u0142a przekazana na r\u0119ce&nbsp;<a href=\"https:\/\/turysta2.pttk.pl\/?p=28578\" class=\"read-more\">Continue Reading<\/a>","protected":false},"author":4,"featured_media":0,"comment_status":"closed","ping_status":"closed","sticky":false,"template":"","format":"standard","meta":{"footnotes":""},"categories":[93],"tags":[],"class_list":["post-28578","post","type-post","status-publish","format-standard","hentry","category-aktualnosci","cat-93-id"],"aioseo_notices":[],"_links":{"self":[{"href":"https:\/\/turysta2.pttk.pl\/index.php?rest_route=\/wp\/v2\/posts\/28578","targetHints":{"allow":["GET"]}}],"collection":[{"href":"https:\/\/turysta2.pttk.pl\/index.php?rest_route=\/wp\/v2\/posts"}],"about":[{"href":"https:\/\/turysta2.pttk.pl\/index.php?rest_route=\/wp\/v2\/types\/post"}],"author":[{"embeddable":true,"href":"https:\/\/turysta2.pttk.pl\/index.php?rest_route=\/wp\/v2\/users\/4"}],"replies":[{"embeddable":true,"href":"https:\/\/turysta2.pttk.pl\/index.php?rest_route=%2Fwp%2Fv2%2Fcomments&post=28578"}],"version-history":[{"count":4,"href":"https:\/\/turysta2.pttk.pl\/index.php?rest_route=\/wp\/v2\/posts\/28578\/revisions"}],"predecessor-version":[{"id":28584,"href":"https:\/\/turysta2.pttk.pl\/index.php?rest_route=\/wp\/v2\/posts\/28578\/revisions\/28584"}],"wp:attachment":[{"href":"https:\/\/turysta2.pttk.pl\/index.php?rest_route=%2Fwp%2Fv2%2Fmedia&parent=28578"}],"wp:term":[{"taxonomy":"category","embeddable":true,"href":"https:\/\/turysta2.pttk.pl\/index.php?rest_route=%2Fwp%2Fv2%2Fcategories&post=28578"},{"taxonomy":"post_tag","embeddable":true,"href":"https:\/\/turysta2.pttk.pl\/index.php?rest_route=%2Fwp%2Fv2%2Ftags&post=28578"}],"curies":[{"name":"wp","href":"https:\/\/api.w.org\/{rel}","templated":true}]}}