{"id":28573,"date":"2023-03-08T17:19:32","date_gmt":"2023-03-08T15:19:32","guid":{"rendered":"https:\/\/turysta2.pttk.pl\/?p=28573"},"modified":"2023-03-08T17:20:20","modified_gmt":"2023-03-08T15:20:20","slug":"dla-milosnikow-fotografii","status":"publish","type":"post","link":"https:\/\/turysta2.pttk.pl\/?p=28573","title":{"rendered":"Dla mi\u0142o\u015bnik\u00f3w fotografii"},"content":{"rendered":"<p>Koszali\u0144ski Oddzia\u0142 PTTK wraz Komisj\u0105 Fotografii Krajoznawczej Zarz\u0105du G\u0142\u00f3wnego PTTK zapraszaj\u0105 wszystkich fotografuj\u0105cych krajoznawc\u00f3w na XXXIII Og\u00f3lnopolskie Forum Fotografii Krajoznawczej \u2013 Koszalin '23. Impreza odb\u0119dzie si\u0119 w dniach 26\u201328 maja w Sarbinowie na terenie Samorz\u0105dowego Centrum Kultury, ul. Nadmorska 126.<\/p>\n<p>W planach forum m.in. zwiedzanie Ko\u0142obrzegu: fortyfikacji twierdzy ko\u0142obrzeskiej, Parku Nadmorskiego, latarni morskiej, molo, zabudowy miasta portowego, katedry. Organizatorzy obiecuj\u0105, \u017ce wska\u017c\u0105 najciekawsze obiekty do uchwycenia w obiektywie.<\/p>\n<p>Wszelkie zapytania mo\u017cna kierowa\u0107 do odpowiedzialnego za organizacj\u0119 Marcina Kruszczy\u0144skiego, e-mail: <a href=\"mailto:Marcin_Kruchy@interia.pl\">Marcin_Kruchy@interia.pl<\/a>, a tak\u017ce Andrzeja Kowola z KFK ZG PTTK, e-mail\u00a0<a href=\"mailto:andejolena@wp.pl\">andejolena@wp.pl<\/a><\/p>\n<p><strong><em>A<\/em><em>utor plakatu <\/em><\/strong>Dawid Kowol<\/p>\n","protected":false},"excerpt":{"rendered":"Koszali\u0144ski Oddzia\u0142 PTTK wraz Komisj\u0105 Fotografii Krajoznawczej Zarz\u0105du G\u0142\u00f3wnego PTTK zapraszaj\u0105 wszystkich fotografuj\u0105cych krajoznawc\u00f3w na XXXIII Og\u00f3lnopolskie Forum Fotografii Krajoznawczej \u2013 Koszalin '23. Impreza odb\u0119dzie si\u0119 w dniach 26\u201328 maja w Sarbinowie na terenie Samorz\u0105dowego Centrum Kultury, ul. Nadmorska 126. W planach forum m.in. zwiedzanie Ko\u0142obrzegu: fortyfikacji twierdzy ko\u0142obrzeskiej, Parku Nadmorskiego, latarni morskiej, molo, zabudowy miasta portowego, katedry. Organizatorzy obiecuj\u0105,&nbsp;<a href=\"https:\/\/turysta2.pttk.pl\/?p=28573\" class=\"read-more\">Continue Reading<\/a>","protected":false},"author":4,"featured_media":28574,"comment_status":"closed","ping_status":"closed","sticky":false,"template":"","format":"standard","meta":{"footnotes":""},"categories":[93],"tags":[],"class_list":["post-28573","post","type-post","status-publish","format-standard","has-post-thumbnail","hentry","category-aktualnosci","cat-93-id"],"aioseo_notices":[],"_links":{"self":[{"href":"https:\/\/turysta2.pttk.pl\/index.php?rest_route=\/wp\/v2\/posts\/28573","targetHints":{"allow":["GET"]}}],"collection":[{"href":"https:\/\/turysta2.pttk.pl\/index.php?rest_route=\/wp\/v2\/posts"}],"about":[{"href":"https:\/\/turysta2.pttk.pl\/index.php?rest_route=\/wp\/v2\/types\/post"}],"author":[{"embeddable":true,"href":"https:\/\/turysta2.pttk.pl\/index.php?rest_route=\/wp\/v2\/users\/4"}],"replies":[{"embeddable":true,"href":"https:\/\/turysta2.pttk.pl\/index.php?rest_route=%2Fwp%2Fv2%2Fcomments&post=28573"}],"version-history":[{"count":3,"href":"https:\/\/turysta2.pttk.pl\/index.php?rest_route=\/wp\/v2\/posts\/28573\/revisions"}],"predecessor-version":[{"id":28576,"href":"https:\/\/turysta2.pttk.pl\/index.php?rest_route=\/wp\/v2\/posts\/28573\/revisions\/28576"}],"wp:featuredmedia":[{"embeddable":true,"href":"https:\/\/turysta2.pttk.pl\/index.php?rest_route=\/wp\/v2\/media\/28574"}],"wp:attachment":[{"href":"https:\/\/turysta2.pttk.pl\/index.php?rest_route=%2Fwp%2Fv2%2Fmedia&parent=28573"}],"wp:term":[{"taxonomy":"category","embeddable":true,"href":"https:\/\/turysta2.pttk.pl\/index.php?rest_route=%2Fwp%2Fv2%2Fcategories&post=28573"},{"taxonomy":"post_tag","embeddable":true,"href":"https:\/\/turysta2.pttk.pl\/index.php?rest_route=%2Fwp%2Fv2%2Ftags&post=28573"}],"curies":[{"name":"wp","href":"https:\/\/api.w.org\/{rel}","templated":true}]}}