{"id":28564,"date":"2023-03-08T17:08:27","date_gmt":"2023-03-08T15:08:27","guid":{"rendered":"https:\/\/turysta2.pttk.pl\/?p=28564"},"modified":"2023-03-08T17:12:39","modified_gmt":"2023-03-08T15:12:39","slug":"sladami-reymonta-i-konopnickiej","status":"publish","type":"post","link":"https:\/\/turysta2.pttk.pl\/?p=28564","title":{"rendered":"\u015aladami Reymonta i Konopnickiej"},"content":{"rendered":"<p><strong>Grupa \u0142owickich przewodnik\u00f3w turystycznych z ko\u0142a im. Anieli Chmieli\u0144skiej, dzia\u0142aj\u0105cego przy \u0142owickim oddziale PTTK, realizowa\u0142a w minionym roku ciekawy projekt \u201eLiterackie w\u0119drowanie z Konopnick\u0105 i Reymontem\u201d. Jesieni\u0105 zosta\u0142y zorganizowane dwie wycieczki krajoznawcze oraz cykl wyk\u0142ad\u00f3w dla uczni\u00f3w, s\u0142uchaczy Uniwersytetu Trzeciego Wieku i mieszka\u0144c\u00f3w \u0141owicza.\u00a0<\/strong><\/p>\n<p>Pierwsza wycieczka mia\u0142a na celu przybli\u017cenie miejsc zwi\u0105zanych z pobytem W\u0142adys\u0142awa Stanis\u0142awa Reymonta w \u0141owiczu, jego okolicach czy \u2013 szerzej \u2013 w p\u00f3\u0142nocnej cz\u0119\u015bci wojew\u00f3dztwa \u0142\u00f3dzkiego. Uczestnicy wyruszyli z \u0141owicza do Pszczonowa, Makowa, Lipiec Reymontowskich, Je\u017cowa, Ko\u0142acinka, Przy\u0142\u0119ku i Krosnowej. W Lipcach zwiedzano Muzeum Regionalne im. W\u0142adys\u0142awa St. Reymonta. Znajduj\u0105 si\u0119 tu dokumenty zwi\u0105zane z pisarzem, jego pobytem w regionie, np. bry\u0142a soli, kt\u00f3r\u0105 otrzyma\u0142 od delegacji z Wieliczki podczas uroczysto\u015bci w 1925 roku w Wierzchowicach za zas\u0142ugi dla stanu ch\u0142opskiego i przyznan\u0105 rok wcze\u015bniej Nagrod\u0119 Nobla.<\/p>\n<p>Grupa spacerowa\u0142a po Lipcach, docieraj\u0105c do miejsc opisanych w powie\u015bci oraz sfilmowanych przed laty przez Jana Rybkowskiego w \u201eCh\u0142opach\u201d. Posi\u0142ek zosta\u0142 zorganizowany, a jak\u017ce, w Karczmie u Boryny, sk\u0105d tury\u015bci udali si\u0119 w dalsz\u0105 w\u0119dr\u00f3wk\u0119 tzw. Drog\u0105 S\u0142awy W\u0142adys\u0142awa Reymonta. Ostatnim punktem by\u0142o zwiedzanie Galerii Staroci i Pami\u0105tek Historycznych w Lipcach, gdzie m.in. znajduje si\u0119 ponad 200 wyda\u0144 <em>Ch\u0142op\u00f3w<\/em> z ca\u0142ego \u015bwiata, pami\u0105tki Reymontowskie oraz rekwizyty, autografy i fotografie prawie wszystkich aktor\u00f3w i statyst\u00f3w z filmowej wersji <em>Ch\u0142op\u00f3w<\/em>.<\/p>\n<p>Druga wycieczka, tym razem \u015bladami Marii Konopnickiej, rozpocz\u0119\u0142a si\u0119 od pieszej w\u0119dr\u00f3wki po \u0141owiczu, nast\u0119pnie 8-kilometrowa trasa prowadzi\u0142a przez dolin\u0119 Bzury do Bednar, do miejsca dawnego m\u0142yna kapitulnego. W obiekcie tym odby\u0142 si\u0119 zjazd rodzinny Konopnickich w 1899 roku, uczestniczy\u0142y w nim dzieci Konopnickiej, jej m\u0105\u017c, Jaros\u0142aw, a tak\u017ce przyjaci\u00f3\u0142ka, Maria Dul\u0119bianka.<\/p>\n<p>Tury\u015bci pojechali autokarem do Nieborowa i zwiedzali tu muzeum, park, manufaktur\u0119 majoliki, a nast\u0119pnie udali si\u0119 do Arkadii, szczeg\u00f3lnie zwi\u0105zanej z Mari\u0105 Konopnick\u0105, jej synem Janem (by\u0142 dzier\u017cawc\u0105 m\u0142yna), c\u00f3rk\u0105 Laur\u0105 i Zofi\u0105. Do dzi\u015b zachowa\u0142 si\u0119 tzw. Domek Marii Konopnickiej.<\/p>\n<p>W dw\u00f3ch wycieczkach uczestniczy\u0142o oko\u0142o 100 os\u00f3b, mieszka\u0144c\u00f3w miasta i regionu. Na trasie opiek\u0119 sprawowali oraz przybli\u017cali atrakcje krajoznawcze przewodnicy \u0142owickiego ko\u0142a: Katarzyna Tracz, Katarzyna Skierska-Pi\u0119ta, Agnieszka Walczak-Caban i Zdzis\u0142aw Kry\u015bciak.<\/p>\n<p>Na wycieczkach nie zako\u0144czy\u0142y si\u0119 dzia\u0142ania edukacyjne przewodnik\u00f3w. Przygotowali oni prezentacje multimedialne z wyk\u0142adami dla r\u00f3\u017cnych \u015brodowisk, przybli\u017caj\u0105c uczestnikom zwi\u0105zki Reymonta i Konopnickiej z regionem, opowiadali o miejscach, do kt\u00f3rych nie dotar\u0142y wycieczki autokarowe, nie zabrak\u0142o ciekawostek z \u017cycia literackiego i osobistego pisarzy. Spotkania z przewodnikami odby\u0142y si\u0119 w szko\u0142ach w Mys\u0142akowie i w \u0141owiczu oraz w Miejskiej Bibliotece Publicznej. Podczas wyk\u0142ad\u00f3w przybli\u017cano miejsca nie tylko te najbli\u017cej \u0141owicza, ale m.in. Bron\u00f3w czy Gusin zwi\u0105zane z Konopnick\u0105, a tak\u017ce Tuszyn, \u0141\u00f3d\u017a, Gidle, Warta zwi\u0105zane z Reymontem.<\/p>\n<p>W spotkaniach z przewodnikami uczestniczy\u0142o w sumie ponad 160 os\u00f3b. Projekt by\u0142 zrealizowany w ramach wsp\u00f3lnego dzia\u0142ania \u0142owickiego PTTK z dofinansowaniem \u0142\u00f3dzkiego Urz\u0119du Marsza\u0142kowskiego.<\/p>\n<p><strong>***<\/strong><\/p>\n<p><strong>Poczw\u00f3rny jubileusz<\/strong><\/p>\n<p>\u0141owickie \u015brodowisko przewodnickie w\u0142\u0105czy\u0142o si\u0119 w obchody zwi\u0105zane z W\u0142adys\u0142awem Stanis\u0142awem Reymontem i jego dzie\u0142em \u2013 <em>Ch\u0142opami<\/em>, bo w roku 2022 przypada\u0142a 120. rocznica ukazania si\u0119 tej powie\u015bci w odcinkach w \u201eTygodniku Ilustrowanym\u201d, 100. rocznica ekranizacji jej w re\u017cyserii Edmunda Modzelewskiego (nie zachowa\u0142y si\u0119 kopie) i 50. rocznica nakr\u0119cenia arcydzie\u0142a filmowego w re\u017cyserii Jana Rybkowskiego. Obchody w ramach projektu \u201eCh\u0142opi forever\u201d zorganizowa\u0142o wsp\u00f3lnie kilka instytucji, opr\u00f3cz \u015brodowiska przewodnik\u00f3w \u2013 m.in. \u0141owicki O\u015brodek Kultury i Miejska Biblioteka. W 2022 roku min\u0119\u0142a tak\u017ce 180. rocznica urodzin Marii Konopnickiej, Sejm uhonorowa\u0142 j\u0105, wybieraj\u0105c na patronk\u0119 roku. Dlatego i t\u0119 rocznic\u0119 upami\u0119tniono na ziemi \u0142owickiej, pami\u0119taj\u0105c o zwi\u0105zkach pisarki z regionem.<\/p>\n<p><strong>Zdzis\u0142aw Kry\u015bciak<br \/>\n<\/strong>Prezes Ko\u0142a Przewodnik\u00f3w Terenowych im. Anieli Chmieli\u0144skiej w \u0141owiczu, instruktor przewodnictwa PTTK, instruktor krajoznawstwa regionu PTTK.<\/p>\n<p><strong><em>Zdj\u0119cia<\/em><\/strong> Kinga Kry\u015bciak, Zdzis\u0142aw Kry\u015bciak<\/p>\n<p><strong>\u00a0<\/strong><strong>Podpisy<\/strong><\/p>\n<ol>\n<li>Uczestnicy na tzw. Drodze S\u0142awy i domek dr\u00f3\u017cnika Reymonta<\/li>\n<li>Ko\u015bci\u00f3\u0142 w Pszczonowie, miejsce filmowego \u015blubu Jagny i Macieja Boryn\u00f3w<\/li>\n<li>Agnieszka Walczak oprowadza po Nieborowie<\/li>\n<li>Arkadia \u2013 o miejscach cz\u0119stych pobyt\u00f3w Konopnickiej opowiada Katarzyna Tracz<\/li>\n<\/ol>\n<p><strong><a href=\"https:\/\/turysta2.pttk.pl\/wp-content\/uploads\/2023\/03\/2.-Kosciol-w-Pszczonowie-miejsce-filmowego-slubu-Jagny-i-Macieja-Borynow_AJ.jpg\"><img loading=\"lazy\" decoding=\"async\" class=\"alignnone size-medium wp-image-28568\" src=\"https:\/\/turysta2.pttk.pl\/wp-content\/uploads\/2023\/03\/2.-Kosciol-w-Pszczonowie-miejsce-filmowego-slubu-Jagny-i-Macieja-Borynow_AJ-300x200.jpg\" alt=\"\" width=\"300\" height=\"200\" srcset=\"https:\/\/turysta2.pttk.pl\/wp-content\/uploads\/2023\/03\/2.-Kosciol-w-Pszczonowie-miejsce-filmowego-slubu-Jagny-i-Macieja-Borynow_AJ-300x200.jpg 300w, https:\/\/turysta2.pttk.pl\/wp-content\/uploads\/2023\/03\/2.-Kosciol-w-Pszczonowie-miejsce-filmowego-slubu-Jagny-i-Macieja-Borynow_AJ-1024x681.jpg 1024w, https:\/\/turysta2.pttk.pl\/wp-content\/uploads\/2023\/03\/2.-Kosciol-w-Pszczonowie-miejsce-filmowego-slubu-Jagny-i-Macieja-Borynow_AJ-768x511.jpg 768w, https:\/\/turysta2.pttk.pl\/wp-content\/uploads\/2023\/03\/2.-Kosciol-w-Pszczonowie-miejsce-filmowego-slubu-Jagny-i-Macieja-Borynow_AJ.jpg 1417w\" sizes=\"auto, (max-width: 300px) 100vw, 300px\" \/><\/a> <a href=\"https:\/\/turysta2.pttk.pl\/wp-content\/uploads\/2023\/03\/3.-Agnieszka-Walczak-oprowadza-po-Nieborowie_AJ.jpg\"><img loading=\"lazy\" decoding=\"async\" class=\"alignnone size-medium wp-image-28569\" src=\"https:\/\/turysta2.pttk.pl\/wp-content\/uploads\/2023\/03\/3.-Agnieszka-Walczak-oprowadza-po-Nieborowie_AJ-300x205.jpg\" alt=\"\" width=\"300\" height=\"205\" srcset=\"https:\/\/turysta2.pttk.pl\/wp-content\/uploads\/2023\/03\/3.-Agnieszka-Walczak-oprowadza-po-Nieborowie_AJ-300x205.jpg 300w, https:\/\/turysta2.pttk.pl\/wp-content\/uploads\/2023\/03\/3.-Agnieszka-Walczak-oprowadza-po-Nieborowie_AJ-1024x698.jpg 1024w, https:\/\/turysta2.pttk.pl\/wp-content\/uploads\/2023\/03\/3.-Agnieszka-Walczak-oprowadza-po-Nieborowie_AJ-768x524.jpg 768w, https:\/\/turysta2.pttk.pl\/wp-content\/uploads\/2023\/03\/3.-Agnieszka-Walczak-oprowadza-po-Nieborowie_AJ.jpg 1417w\" sizes=\"auto, (max-width: 300px) 100vw, 300px\" \/><\/a> <a href=\"https:\/\/turysta2.pttk.pl\/wp-content\/uploads\/2023\/03\/4.-Arkadia-miejsce-czestych-pobytow-Konopnickiej-oprowadza-Katarzyna-Tracz_AJ.jpg\"><img loading=\"lazy\" decoding=\"async\" class=\"alignnone size-medium wp-image-28570\" src=\"https:\/\/turysta2.pttk.pl\/wp-content\/uploads\/2023\/03\/4.-Arkadia-miejsce-czestych-pobytow-Konopnickiej-oprowadza-Katarzyna-Tracz_AJ-300x191.jpg\" alt=\"\" width=\"300\" height=\"191\" srcset=\"https:\/\/turysta2.pttk.pl\/wp-content\/uploads\/2023\/03\/4.-Arkadia-miejsce-czestych-pobytow-Konopnickiej-oprowadza-Katarzyna-Tracz_AJ-300x191.jpg 300w, https:\/\/turysta2.pttk.pl\/wp-content\/uploads\/2023\/03\/4.-Arkadia-miejsce-czestych-pobytow-Konopnickiej-oprowadza-Katarzyna-Tracz_AJ-1024x652.jpg 1024w, https:\/\/turysta2.pttk.pl\/wp-content\/uploads\/2023\/03\/4.-Arkadia-miejsce-czestych-pobytow-Konopnickiej-oprowadza-Katarzyna-Tracz_AJ-768x489.jpg 768w, https:\/\/turysta2.pttk.pl\/wp-content\/uploads\/2023\/03\/4.-Arkadia-miejsce-czestych-pobytow-Konopnickiej-oprowadza-Katarzyna-Tracz_AJ.jpg 1417w\" sizes=\"auto, (max-width: 300px) 100vw, 300px\" \/><\/a><\/strong><\/p>\n","protected":false},"excerpt":{"rendered":"Grupa \u0142owickich przewodnik\u00f3w turystycznych z ko\u0142a im. Anieli Chmieli\u0144skiej, dzia\u0142aj\u0105cego przy \u0142owickim oddziale PTTK, realizowa\u0142a w minionym roku ciekawy projekt \u201eLiterackie w\u0119drowanie z Konopnick\u0105 i Reymontem\u201d. Jesieni\u0105 zosta\u0142y zorganizowane dwie wycieczki krajoznawcze oraz cykl wyk\u0142ad\u00f3w dla uczni\u00f3w, s\u0142uchaczy Uniwersytetu Trzeciego Wieku i mieszka\u0144c\u00f3w \u0141owicza.\u00a0 Pierwsza wycieczka mia\u0142a na celu przybli\u017cenie miejsc zwi\u0105zanych z pobytem W\u0142adys\u0142awa Stanis\u0142awa Reymonta w \u0141owiczu, jego&nbsp;<a href=\"https:\/\/turysta2.pttk.pl\/?p=28564\" class=\"read-more\">Continue Reading<\/a>","protected":false},"author":4,"featured_media":28565,"comment_status":"closed","ping_status":"closed","sticky":false,"template":"","format":"standard","meta":{"footnotes":""},"categories":[1,68],"tags":[],"class_list":["post-28564","post","type-post","status-publish","format-standard","has-post-thumbnail","hentry","category-bez-kategorii","category-turystyka-piesza","cat-1-id","cat-68-id"],"aioseo_notices":[],"_links":{"self":[{"href":"https:\/\/turysta2.pttk.pl\/index.php?rest_route=\/wp\/v2\/posts\/28564","targetHints":{"allow":["GET"]}}],"collection":[{"href":"https:\/\/turysta2.pttk.pl\/index.php?rest_route=\/wp\/v2\/posts"}],"about":[{"href":"https:\/\/turysta2.pttk.pl\/index.php?rest_route=\/wp\/v2\/types\/post"}],"author":[{"embeddable":true,"href":"https:\/\/turysta2.pttk.pl\/index.php?rest_route=\/wp\/v2\/users\/4"}],"replies":[{"embeddable":true,"href":"https:\/\/turysta2.pttk.pl\/index.php?rest_route=%2Fwp%2Fv2%2Fcomments&post=28564"}],"version-history":[{"count":4,"href":"https:\/\/turysta2.pttk.pl\/index.php?rest_route=\/wp\/v2\/posts\/28564\/revisions"}],"predecessor-version":[{"id":28567,"href":"https:\/\/turysta2.pttk.pl\/index.php?rest_route=\/wp\/v2\/posts\/28564\/revisions\/28567"}],"wp:featuredmedia":[{"embeddable":true,"href":"https:\/\/turysta2.pttk.pl\/index.php?rest_route=\/wp\/v2\/media\/28565"}],"wp:attachment":[{"href":"https:\/\/turysta2.pttk.pl\/index.php?rest_route=%2Fwp%2Fv2%2Fmedia&parent=28564"}],"wp:term":[{"taxonomy":"category","embeddable":true,"href":"https:\/\/turysta2.pttk.pl\/index.php?rest_route=%2Fwp%2Fv2%2Fcategories&post=28564"},{"taxonomy":"post_tag","embeddable":true,"href":"https:\/\/turysta2.pttk.pl\/index.php?rest_route=%2Fwp%2Fv2%2Ftags&post=28564"}],"curies":[{"name":"wp","href":"https:\/\/api.w.org\/{rel}","templated":true}]}}