{"id":28555,"date":"2023-03-08T16:56:39","date_gmt":"2023-03-08T14:56:39","guid":{"rendered":"https:\/\/turysta2.pttk.pl\/?p=28555"},"modified":"2023-03-09T13:52:27","modified_gmt":"2023-03-09T11:52:27","slug":"sejmik-w-chrzesnem-ziemia-norwida","status":"publish","type":"post","link":"https:\/\/turysta2.pttk.pl\/?p=28555","title":{"rendered":"Sejmik w Chrz\u0119snem"},"content":{"rendered":"<p>Pa\u0142ac w Chrz\u0119snem jest w\u0142asno\u015bci\u0105 powiatu wo\u0142omi\u0144skiego i po gruntownym remoncie staje si\u0119 coraz wa\u017cniejszym punktem na kulturalnej mapie Mazowsza. W 1959 roku dw\u00f3r wraz z wyposa\u017ceniem i reliktami dawnego za\u0142o\u017cenia parkowego zosta\u0142 uznany za zabytek. Historia obiektu si\u0119ga po\u0142owy XVI wieku. W II po\u0142owie XIX wieku maj\u0105tek by\u0142 w\u0142asno\u015bci\u0105 Wincentyny Karskiej, kt\u00f3ra zaprasza\u0142a do siebie artyst\u00f3w z Warszawy, m.in. jednego z najwi\u0119kszych polskich impresjonist\u00f3w W\u0142adys\u0142awa Podkowi\u0144skiego. Bardzo prawdopodobne, \u017ce w pa\u0142acu bywa\u0142 Cyprian Norwid.<\/p>\n<p>W 2021 roku ods\u0142oni\u0119te zosta\u0142o popiersie wieszcza na terenie zespo\u0142u pa\u0142acowo-parkowego. I w\u0142a\u015bnie tu, w listopadzie 2022 roku, Oddzia\u0142 Warszawski PTTK zorganizowa\u0142 Sejmik Krajoznawczy \u201eZiemia Norwida\u201d. Dla 111 turyst\u00f3w przygotowano bogaty, ciekawy program. W trakcie wycieczki autokarowej mogli pozna\u0107 miejsca zwi\u0105zane z postaci\u0105 poety: ko\u015bci\u00f3\u0142 we wsi D\u0105br\u00f3wka, gdzie zosta\u0142 ochrzczony, miejscowo\u015b\u0107 Laskowo-G\u0142uchy, w kt\u00f3rej przyszed\u0142 na \u015bwiat, dworek ziemia\u0144ski w D\u0119binkach, w kt\u00f3rym dorasta\u0142, a gdzie obecnie powstaje muzeum mu po\u015bwi\u0119cone, a tak\u017ce ko\u015bci\u00f3\u0142 parafialny w Niegowie, w kt\u00f3rym \u015blub bra\u0142a siostra Norwida. Uczestnicy sejmiku wzi\u0119li te\u017c udzia\u0142 w konferencji, kt\u00f3rej prelekcje po\u015bwi\u0119cone by\u0142y poecie, a tak\u017ce arcyciekawej historii pa\u0142acu w Chrz\u0119snem oraz dworom na terenie powiatu wo\u0142omi\u0144skiego. Uczestnicy wycieczki autokarowej zdobyli Odznak\u0119 Krajoznawcz\u0105 Ziemi Wo\u0142omi\u0144skiej, zaprojektowan\u0105 i wdro\u017con\u0105 przez Komisj\u0119 Krajoznawcz\u0105 Oddzia\u0142u Warszawskiego PTTK.<br \/>\nWydarzenie zosta\u0142o dofinasowane ze \u015brodk\u00f3w z bud\u017cetu wojew\u00f3dztwa mazowieckiego.<\/p>\n<p><strong>Jacek Trzoch <\/strong><br \/>\nPrezes Oddzia\u0142u Warszawskiego PTTK<strong><em>.<\/em><\/strong><\/p>\n<p><strong>Podpis<\/strong><br \/>\nUczestnicy spotkania zwiedzili pa\u0142ac gruntownie odrestaurowany w latach 2009\u20132014 (fot. Pa\u0142ac w Chrz\u0119snem)<\/p>\n","protected":false},"excerpt":{"rendered":"Pa\u0142ac w Chrz\u0119snem jest w\u0142asno\u015bci\u0105 powiatu wo\u0142omi\u0144skiego i po gruntownym remoncie staje si\u0119 coraz wa\u017cniejszym punktem na kulturalnej mapie Mazowsza. W 1959 roku dw\u00f3r wraz z wyposa\u017ceniem i reliktami dawnego za\u0142o\u017cenia parkowego zosta\u0142 uznany za zabytek. Historia obiektu si\u0119ga po\u0142owy XVI wieku. W II po\u0142owie XIX wieku maj\u0105tek by\u0142 w\u0142asno\u015bci\u0105 Wincentyny Karskiej, kt\u00f3ra zaprasza\u0142a do siebie artyst\u00f3w z Warszawy, m.in.&nbsp;<a href=\"https:\/\/turysta2.pttk.pl\/?p=28555\" class=\"read-more\">Continue Reading<\/a>","protected":false},"author":4,"featured_media":28556,"comment_status":"closed","ping_status":"closed","sticky":false,"template":"","format":"standard","meta":{"footnotes":""},"categories":[84],"tags":[],"class_list":["post-28555","post","type-post","status-publish","format-standard","has-post-thumbnail","hentry","category-poznajemy-szlaki","cat-84-id"],"aioseo_notices":[],"_links":{"self":[{"href":"https:\/\/turysta2.pttk.pl\/index.php?rest_route=\/wp\/v2\/posts\/28555","targetHints":{"allow":["GET"]}}],"collection":[{"href":"https:\/\/turysta2.pttk.pl\/index.php?rest_route=\/wp\/v2\/posts"}],"about":[{"href":"https:\/\/turysta2.pttk.pl\/index.php?rest_route=\/wp\/v2\/types\/post"}],"author":[{"embeddable":true,"href":"https:\/\/turysta2.pttk.pl\/index.php?rest_route=\/wp\/v2\/users\/4"}],"replies":[{"embeddable":true,"href":"https:\/\/turysta2.pttk.pl\/index.php?rest_route=%2Fwp%2Fv2%2Fcomments&post=28555"}],"version-history":[{"count":3,"href":"https:\/\/turysta2.pttk.pl\/index.php?rest_route=\/wp\/v2\/posts\/28555\/revisions"}],"predecessor-version":[{"id":28613,"href":"https:\/\/turysta2.pttk.pl\/index.php?rest_route=\/wp\/v2\/posts\/28555\/revisions\/28613"}],"wp:featuredmedia":[{"embeddable":true,"href":"https:\/\/turysta2.pttk.pl\/index.php?rest_route=\/wp\/v2\/media\/28556"}],"wp:attachment":[{"href":"https:\/\/turysta2.pttk.pl\/index.php?rest_route=%2Fwp%2Fv2%2Fmedia&parent=28555"}],"wp:term":[{"taxonomy":"category","embeddable":true,"href":"https:\/\/turysta2.pttk.pl\/index.php?rest_route=%2Fwp%2Fv2%2Fcategories&post=28555"},{"taxonomy":"post_tag","embeddable":true,"href":"https:\/\/turysta2.pttk.pl\/index.php?rest_route=%2Fwp%2Fv2%2Ftags&post=28555"}],"curies":[{"name":"wp","href":"https:\/\/api.w.org\/{rel}","templated":true}]}}