{"id":28526,"date":"2023-03-08T16:10:49","date_gmt":"2023-03-08T14:10:49","guid":{"rendered":"https:\/\/turysta2.pttk.pl\/?p=28526"},"modified":"2023-03-08T16:19:00","modified_gmt":"2023-03-08T14:19:00","slug":"najpiekniejsze-trasy-wysoczyzny-elblaskiej","status":"publish","type":"post","link":"https:\/\/turysta2.pttk.pl\/?p=28526","title":{"rendered":"Najpi\u0119kniejsze trasy Wysoczyzny Elbl\u0105skiej"},"content":{"rendered":"<p><strong>Park Krajobrazowy Wysoczyzny Elbl\u0105skiej, zwi\u0105zany ze Szlakiem Kopernikowskim, zaskakuje tajemniczymi le\u015bnymi \u015bcie\u017ckami i widokami na Zalew Wi\u015blany. Liczne szlaki piesze i rowerowe prowadz\u0105 przez najbardziej atrakcyjne turystycznie wzg\u00f3rza mi\u0119dzy Elbl\u0105giem a Tolkmickiem. W trakcie wypraw mo\u017cna zobaczy\u0107 zabytkow\u0105 architektur\u0119, w tym domy podcieniowe, ko\u015bcio\u0142y i kapliczki. R\u00f3wnie interesuj\u0105ce s\u0105 pomniki przyrody i staropruskie grodziska. <\/strong><\/p>\n<p>Wysoczyzna Elbl\u0105ska to obszar w p\u00f3\u0142nocno-zachodniej cz\u0119\u015bci wojew\u00f3dztwa warmi\u0144sko-mazurskiego po\u0142o\u017cony pomi\u0119dzy \u017bu\u0142awami Wi\u015blanymi, R\u00f3wnin\u0105 Warmi\u0144sk\u0105 i Wybrze\u017cem Staropruskim. Jedna z charakterystycznych jest wyj\u0105tkowe zr\u00f3\u017cnicowanie rze\u017aby terenu. Jary, w\u0105wozy, wzniesienia oraz wartko p\u0142yn\u0105ce potoki i strumienie sp\u0142ywaj\u0105ce do jeziora Druzno i Zalewu Wi\u015blanego, nadaj\u0105 Wysoczy\u017anie Elbl\u0105skiej g\u00f3rski charakter i przyci\u0105gaj\u0105 mi\u0142o\u015bnik\u00f3w przyrody z ca\u0142ej Polski i Europy. Od strony Zalewu Wi\u015blanego, na odcinku od Elbl\u0105ga do Fromborka, wyst\u0119puj\u0105 fragmenty martwego klifu, kt\u00f3ry obecnie jest odsuni\u0119ty od brzegu Zalewu Wi\u015blanego. Urozmaicony teren zachwyca pi\u0119knymi krajobrazami, a\u00a0Wysoczyzna Elbl\u0105ska nazywana jest cz\u0119sto \u201eBieszczadami P\u00f3\u0142nocy\u201d.<\/p>\n<p><strong>Co w trawie piszczy? <\/strong><\/p>\n<p>G\u00f3rski charakter Wysoczyzny Elbl\u0105skiej znajduje tak\u017ce odzwierciedlenie w \u015bwiecie przyrody. Na terenie Parku Krajobrazowego Wysoczyzny Elbl\u0105skiej stwierdzono wyst\u0119powanie oko\u0142o 800 gatunk\u00f3w flory, w tym 154 gatunk\u00f3w ro\u015blin chronionych, rzadkich i\u00a0zagro\u017conych. Na szczeg\u00f3ln\u0105 uwag\u0119 zas\u0142uguj\u0105 gatunki g\u00f3rskiej flory, rzadkie na p\u00f3\u0142nocy Polski, takie jak: tojad dzi\u00f3baty, olcha szara, manna gajowa, kosmatka gajowa, lepi\u0119\u017cnik bia\u0142y, \u017cebrowiec g\u00f3rski i przetacznik g\u00f3rski. Inne rzadkie gatunki tu wyst\u0119puj\u0105ce to m.in. wawrzynek wilcze\u0142yko, lilia z\u0142otog\u0142\u00f3w, naparstnica zwyczajna, wiciokrzew pomorski, szczyr trwa\u0142y, pi\u00f3ropusznik strusi, skrzyp olbrzymi, wid\u0142ak wroniec, bez koralowy czy te\u017c r\u00f3\u017cne storczyki.<\/p>\n<p>Na Wysoczy\u017anie Elbl\u0105skiej przewa\u017caj\u0105 lasy bukowe, ale mo\u017cemy spotka\u0107 tak\u017ce d\u0119by, brzozy i sosny. Najbardziej znanym drzewem jest jeden z najgrubszych (ponad 10 metr\u00f3w w obwodzie) oraz najstarszych (ponad 700 lat) d\u0119b\u00f3w w Polsce \u2013 d\u0105b Ba\u017cy\u0144skiego, kt\u00f3ry ma bardzo bogat\u0105 histori\u0119. W jego wn\u0119trzu kiedy\u015b mie\u015bci\u0142 si\u0119 m.in. sklepik i piwiarnia, a jego rozmiar mierzono poprzez udzia\u0142 pruskich \u017co\u0142nierzy, kt\u00f3rych podobno wewn\u0105trz dziupli mie\u015bci\u0142o si\u0119 jedenastu, i to w pe\u0142nym rynsztunku.<\/p>\n<p>Dodatkow\u0105 atrakcj\u0105 s\u0105 pozosta\u0142o\u015bci po l\u0105dolodzie skandynawskim, czyli g\u0142azy narzutowe. Jednym z najpopularniejszych jest legendarny \u201eDiabelski Kamie\u0144\u201d w elbl\u0105skiej \u201eBa\u017cantarni\u201d, Kamie\u0144 Z\u0142otego Wina w rezerwacie przyrody \u201eBuki Wysoczyzny Elbl\u0105skiej\u201d oraz le\u017c\u0105cy w bezpo\u015brednim s\u0105siedztwie Parku \u201e\u015awi\u0119ty Kamie\u0144\u201d omywany wodami Zalewu Wi\u015blanego.<\/p>\n<p>Dok\u0142adniejsze poznanie przyrody i historii Wysoczyzny Elbl\u0105skiej umo\u017cliwiaj\u0105 \u015bcie\u017cki edukacyjne, a najcenniejsze przyrodniczo miejsca w Parku i otulinie chronione s\u0105 jako rezerwaty przyrody.<\/p>\n<p><strong>Rezerwaty Parku Krajobrazowego Wysoczyzny Elbl\u0105skiej<\/strong><\/p>\n<ul>\n<li><strong>\u201eKady\u0144ski Las\u201d<\/strong> \u2013 zosta\u0142 utworzony w celu zachowania fragmentu starodrzewu bukowo-d\u0119bowego. S\u0105 tu 200-letnie drzewa oraz cenne ro\u015bliny wyst\u0119puj\u0105ce w runie. Przez obszar rezerwatu przebiega \u015bcie\u017cka przyrodniczo-historyczna, kt\u00f3rej zwie\u0144czeniem jest ch\u0119tnie odwiedzana wie\u017ca widokowa. Jest to jedyny rezerwat udost\u0119pniony dla turyst\u00f3w.<\/li>\n<li><strong>\u201eBuki Wysoczyzny Elbl\u0105skiej\u201d <\/strong>\u2013 obejmuje obszar niezwykle cenny pod wzgl\u0119dem przyrodniczym, o\u00a0urozmaiconej rze\u017abie z g\u0142\u0119bokimi rozci\u0119ciami erozyjnymi i\u00a0deniwelacjami dochodz\u0105cymi do 60 metr\u00f3w. Liczne strumienie i potoki, znaczne spadki oraz erozja gleb nadaj\u0105 obszarowi rezerwatu unikalny, wyj\u0105tkowo malowniczy charakter. Spotkamy tu 100-letnie buki dorastaj\u0105ce nawet do 30 metr\u00f3w wysoko\u015bci oraz typowo g\u00f3rskie gatunki ro\u015blin.<\/li>\n<li><strong>\u201eDolina Stradanki\u201d <\/strong>\u2013 to teren niezwykle pi\u0119knego i unikatowego krajobrazu malowniczo meandruj\u0105cej doliny Stradanki wraz z sieci\u0105 bocznych dolinek i porastaj\u0105cego te tereny lasu bukowego. To najdziksze ost\u0119py Parku Krajobrazowego Wysoczyzny Elbl\u0105skiej, z dobrze zachowanymi fragmentami naturalnych ekosystem\u00f3w le\u015bnych: buczyn, gr\u0105d\u00f3w, las\u00f3w wilgotnych, \u0142\u0119gowych, ols\u00f3w i bor\u00f3w bagiennych.<\/li>\n<li><strong>\u201eNowinka\u201d <\/strong>\u2013 wzgl\u0119dne r\u00f3\u017cnice wysoko\u015bci przekraczaj\u0105 tutaj miejscami 50 metr\u00f3w. Jarami p\u0142yn\u0105 cieki, \u0142\u0105cz\u0105ce si\u0119 ostatecznie w jeden wi\u0119kszy strumie\u0144 \u2013 dop\u0142yw Bior\u0105 one sw\u00f3j pocz\u0105tek z licznie rozsianych na tym obszarze wysi\u0119k\u00f3w wodnych. To w\u0142a\u015bnie formy erozyjne stanowi\u0105 g\u0142\u00f3wny walor rezerwatu.<\/li>\n<\/ul>\n<p><strong>Zachwyca od wiek\u00f3w<\/strong><\/p>\n<p>Jako pocz\u0105tek turystyki w okolicach Elbl\u0105ga mo\u017cemy umownie przyj\u0105\u0107 rok 1773, kiedy to rozpocz\u0119\u0142a si\u0119 rozbi\u00f3rka mur\u00f3w i fortyfikacji miejskich. Wtedy to mieszka\u0144cy zacz\u0119li na nowo odkrywa\u0107 okolice. \u00d3wczesny Elbl\u0105g by\u0142 coraz silniejszym o\u015brodkiem przemys\u0142u, co przek\u0142ada\u0142o si\u0119 na miejsca pracy i zamo\u017cno\u015b\u0107 mieszka\u0144c\u00f3w. Na Zalewie Wi\u015blanym raczkowa\u0142a ju\u017c \u017cegluga pasa\u017cerska, a Wysoczyzna Elbl\u0105ska, z trudno dost\u0119pnymi jarami i w\u0105wozami, pozosta\u0142a praktycznie nieodkryta. Dodatkowo w regionie by\u0142a rozbudowana sie\u0107 dr\u00f3g oraz nowo powsta\u0142a Kolej Nadzalewowa.<\/p>\n<p>Wraz z coraz wi\u0119kszym rozwojem turystyki powo\u0142ywano towarzystwa turystyczne maj\u0105ce propagowa\u0107 walory krajoznawcze tej pi\u0119knej krainy. Dla jej potrzeb zaadaptowano najbardziej atrakcyjne tereny Wysoczyzny Elbl\u0105skiej, charakterystycznym miejscom nadawano legendarne i mitologiczne nazwy, urz\u0105dzano miejsca widokowe, budowano miejsca noclegowe i zajazdy.<\/p>\n<p><strong>Od Prus\u00f3w do cesarza<\/strong><\/p>\n<p>Jednym z najlepiej zachowanych \u015blad\u00f3w po dawnych mieszka\u0144cach Wysoczyzny Elbl\u0105skiej s\u0105 Wa\u0142y Tolkmita \u2013 staropruskie grodzisko, na terenie kt\u00f3rego archeolodzy znale\u017ali du\u017c\u0105 liczb\u0119 ko\u015bci zwierz\u0105t hodowlanych, ceramik\u0119, \u015bwiadectwa odlewania metali, kowalstwa, obr\u00f3bki kamienia i ko\u015bci, \u017celazne sierpy i groty oszczep\u00f3w. Znajduje si\u0119 w odleg\u0142o\u015bci oko\u0142o 3 km na po\u0142udniowy wsch\u00f3d od Tolkmicka.<\/p>\n<p>Na krajobraz kulturowy Wysoczyzny Elbl\u0105skiej du\u017cy wp\u0142yw mia\u0142o s\u0105siedztwo \u017bu\u0142aw Wi\u015blanych. \u015awiadcz\u0105 o tym zachowane w wielu miejscowo\u015bciach charakterystyczne domy podcieniowe, kt\u00f3re mo\u017cemy zobaczy\u0107 m.in. w \u0141\u0119czu, Pr\u00f3chniku-Elbl\u0105gu, Hucie \u017bu\u0142awskiej i Pag\u00f3rkach, oraz zagrody holenderskie. We wschodnich kra\u0144cach Wysoczyzny Elbl\u0105skiej widoczne s\u0105 wp\u0142ywy historycznej \u015awi\u0119tej Warmii poprzez wyst\u0119puj\u0105ce elementy ma\u0142ej architektury sakralnej.<\/p>\n<p>Najcenniejszym zabytkiem Wysoczyzny Elbl\u0105skiej jest zesp\u00f3\u0142 pa\u0142acowo-folwarczny w Kadynach, stanowi\u0105cy na pocz\u0105tku XX wieku w\u0142asno\u015b\u0107 cesarza niemieckiego Wilhelma II. Za jego czas\u00f3w Kadyny rozkwitaj\u0105. Poza pa\u0142acem, zabudowaniami folwarcznymi z charakterystyczn\u0105 bram\u0105 i stadnin\u0105 koni powstaj\u0105 domy dla pracownik\u00f3w, szko\u0142a, szpital, dom starc\u00f3w, karczma, ku\u017ania i poczta. Wszystko zosta\u0142o zbudowane z lokalnie wytwarzanej czerwonej ceg\u0142y. Kadyny s\u0142yn\u0119\u0142y tak\u017ce z przedmiot\u00f3w wytwarzanych w Cesarskim Zak\u0142adzie Majoliki Artystycznej oraz ceramiki architektonicznej, np. kafli na stacji metra Theodor-Heuss-Platz w Berlinie. Wszystkie obiekty w Kadynach, wraz z zachowanym historycznym uk\u0142adem wsi, istniej\u0105 do dzi\u015b i pozwalaj\u0105 przenie\u015b\u0107 si\u0119 w czasie.<\/p>\n<p>Poczu\u0107 ducha minionej epoki mo\u017cemy tak\u017ce w po\u0142o\u017conym nad Zalewem Wi\u015blanym Tolkmicku. Tu zachowa\u0142 si\u0119 \u015bredniowieczny uk\u0142ad miejski, gotycki ko\u015bci\u00f3\u0142, fragmenty mur\u00f3w miejskich oraz liczne stare kamienice.<\/p>\n<p><strong>Aktywnie przez ca\u0142y rok<\/strong><\/p>\n<p>Wysoczyzna Elbl\u0105ska to raj dla w\u0119drowc\u00f3w, rowerzyst\u00f3w, biegaczy oraz mi\u0142o\u015bnik\u00f3w survivalu i jazdy konnej, na kt\u00f3rych czekaj\u0105 zr\u00f3\u017cnicowane szlaki turystyczne.<\/p>\n<p>G\u0142\u00f3wn\u0105 tras\u0105 piesz\u0105 Wysoczyzny Elbl\u0105skiej jest Szlak Kopernikowski \u0142\u0105cz\u0105cy miejsca pobytu Miko\u0142aja Kopernika w p\u00f3\u0142nocnej Polsce. D\u0142ugo\u015b\u0107 szlaku w wojew\u00f3dztwie warmi\u0144sko-mazurskim wynosi 237 km, na terenie Parku Krajobrazowego Wysoczyzny Elbl\u0105skiej 40 km. Inn\u0105 ciekaw\u0105 propozycj\u0105 jest Pomorska Droga \u015bw. Jakuba, jeden z wa\u017cniejszych szlak\u00f3w pielgrzymkowych, prowadz\u0105cych z\u00a0r\u00f3\u017cnych stron \u015bwiata do katedry Santiago de Compostela w p\u00f3\u0142nocno-zachodniej Hiszpanii. W naszym wojew\u00f3dztwie \u0142\u0105czna d\u0142ugo\u015b\u0107 szlaku wynosi 92 km, z\u00a0czego niemal po\u0142owa \u2013 40 km \u2013 przypada na tereny Wysoczyzny Elbl\u0105skiej. Droga jest oznaczona stylizowan\u0105 muszl\u0105 \u015bw. Jakuba, b\u0119d\u0105c\u0105 symbolem pielgrzym\u00f3w, oraz \u017c\u00f3\u0142tymi strza\u0142kami.<\/p>\n<p>Na terenie Wysoczyzny Elbl\u0105skiej oznakowane s\u0105 trasy dla os\u00f3b uprawiaj\u0105cych nordic walking, a przy dobrych warunkach \u015bniegowych mo\u017cna tu spr\u00f3bowa\u0107 si\u0142 w narciarstwie biegowym.<\/p>\n<p><strong>Ciekawe propozycje dla entuzjast\u00f3w dw\u00f3ch k\u00f3\u0142ek<\/strong><\/p>\n<ul>\n<li>Niebieski szlak \u201e\u015awi\u0119ty Kamie\u0144\u201d \u2013 17,7 km d\u0142ugo\u015bci (Tolkmicko\u2013\u015awi\u0119ty Kamie\u0144\u2013Chojnowo\u2013Nowinka\u2013Tolkmicko),<\/li>\n<li>czerwony \u201eTrasa Kady\u0144ska\u201d \u2013 24,8 km d\u0142ugo\u015bci (Kadyny\u2013Pag\u00f3rki\u2013Tolkmicko \u2013 Kadyny),<\/li>\n<li>\u017c\u00f3\u0142ty \u201e\u0141yk historii\u201d \u2013 21,4 km d\u0142ugo\u015bci (Elbl\u0105g\u2013Jagodnik\u2013Rakowo\u2013Elbl\u0105g Pr\u00f3chnik\u2013Krasny Las\u2013Elbl\u0105g).<\/li>\n<li>Przez Park Krajobrazowy Wysoczyzny Elbl\u0105skiej przebiegaj\u0105 etapy szlaku Green Velo, kt\u00f3ry w du\u017cej mierze pokrywa si\u0119 ze \u015bladami historycznego przebiegu Kolei Nadzalewowej \u0142\u0105cz\u0105cej dawniej Elbl\u0105g z Braniewem.<\/li>\n<li>Na wielbicieli nieco szybszej i bardziej wymagaj\u0105cej jazdy czeka szlak MTB (skr\u00f3t od ang. mountain biking, czyli kolarstwa g\u00f3rskiego) w Kadynach oznakowany przez Nadle\u015bnictwo Elbl\u0105g.<\/li>\n<\/ul>\n<p><strong>Zwiedzaj z mobiln\u0105 aplikacj\u0105!<\/strong><\/p>\n<p>W poznawaniu Wysoczyzny Elbl\u0105skiej pomo\u017ce darmowa aplikacja mobilna \u201eKraina Buka\u201d. Dzi\u0119ki niej telefon zaprowadzi Ci\u0119 w najciekawsze miejsca, opowie ich histori\u0119, poka\u017ce turystyczne szlaki i zach\u0119ci do zdobycia wirtualnej odznaki m.in. w grze terenowej \u201eZdobywca Wysoczyzny Elbl\u0105skiej\u201d.<\/p>\n<p><strong>\u00a0<\/strong><strong>Jolanta Zieli\u0144ska<br \/>\n<\/strong>Geograf, krajoznawca, autorka przewodnik\u00f3w i map po ziemi elbl\u0105skiej. Zawodowo zwi\u0105zana z Parkiem Krajobrazowym Wysoczyzny Elbl\u0105skiej, gdzie zajmuje si\u0119 edukacj\u0105 i turystyk\u0105.<\/p>\n<p><strong>Kamil Zimnicki<br \/>\n<\/strong>Dziennikarz, regionalista, prezes Klubu Turystycznego im. Carla Pudora przy Oddziale PTTK Ziemi Elbl\u0105skiej, wiceprezes Elbl\u0105skiego Towarzystwa Kulturalnego. Zawodowo zwi\u0105zany z Parkiem Krajobrazowym Wysoczyzny Elbl\u0105skiej, gdzie zajmuje si\u0119 promocj\u0105 i komunikacj\u0105.<\/p>\n<p><strong><em>Zdj\u0119cia <\/em>Zygmunt Gawron<\/strong><\/p>\n<p><strong>Podpisy<\/strong><\/p>\n<ol>\n<li>Tolkmicko widok z wie\u017cy widokowej<\/li>\n<li>Historyczny uk\u0142ad wsi w Kadynach zachowa\u0142 si\u0119 do dzi\u015b<\/li>\n<li>Niedaleko pa\u0142acu w Kadynach ro\u015bnie jedno z najstarszych drzew w kraju \u2013 d\u0105b Jana Ba\u017cynskiego<\/li>\n<li>Kolej nadzalewowa w okolicach \u015awi\u0119tego Kamienia<\/li>\n<\/ol>\n<p><strong><a href=\"https:\/\/turysta2.pttk.pl\/wp-content\/uploads\/2023\/03\/6A.-Tolkmicko-widok-z-wiezy-widokowej-Fot.-Z.Gawron.jpg\"><img loading=\"lazy\" decoding=\"async\" class=\"alignnone size-medium wp-image-28530\" src=\"https:\/\/turysta2.pttk.pl\/wp-content\/uploads\/2023\/03\/6A.-Tolkmicko-widok-z-wiezy-widokowej-Fot.-Z.Gawron-300x199.jpg\" alt=\"\" width=\"300\" height=\"199\" srcset=\"https:\/\/turysta2.pttk.pl\/wp-content\/uploads\/2023\/03\/6A.-Tolkmicko-widok-z-wiezy-widokowej-Fot.-Z.Gawron-300x199.jpg 300w, https:\/\/turysta2.pttk.pl\/wp-content\/uploads\/2023\/03\/6A.-Tolkmicko-widok-z-wiezy-widokowej-Fot.-Z.Gawron-1024x678.jpg 1024w, https:\/\/turysta2.pttk.pl\/wp-content\/uploads\/2023\/03\/6A.-Tolkmicko-widok-z-wiezy-widokowej-Fot.-Z.Gawron-768x508.jpg 768w, https:\/\/turysta2.pttk.pl\/wp-content\/uploads\/2023\/03\/6A.-Tolkmicko-widok-z-wiezy-widokowej-Fot.-Z.Gawron-1536x1017.jpg 1536w, https:\/\/turysta2.pttk.pl\/wp-content\/uploads\/2023\/03\/6A.-Tolkmicko-widok-z-wiezy-widokowej-Fot.-Z.Gawron.jpg 1772w\" sizes=\"auto, (max-width: 300px) 100vw, 300px\" \/><\/a> <a href=\"https:\/\/turysta2.pttk.pl\/wp-content\/uploads\/2023\/03\/5.-Historyczny-uklad-wsi-w-Kadynach-zachowal-sie-do-dzis-fot.-Z.-Gawron-AJ.jpg\"><img loading=\"lazy\" decoding=\"async\" class=\"alignnone size-medium wp-image-28531\" src=\"https:\/\/turysta2.pttk.pl\/wp-content\/uploads\/2023\/03\/5.-Historyczny-uklad-wsi-w-Kadynach-zachowal-sie-do-dzis-fot.-Z.-Gawron-AJ-300x154.jpg\" alt=\"\" width=\"300\" height=\"154\" srcset=\"https:\/\/turysta2.pttk.pl\/wp-content\/uploads\/2023\/03\/5.-Historyczny-uklad-wsi-w-Kadynach-zachowal-sie-do-dzis-fot.-Z.-Gawron-AJ-300x154.jpg 300w, https:\/\/turysta2.pttk.pl\/wp-content\/uploads\/2023\/03\/5.-Historyczny-uklad-wsi-w-Kadynach-zachowal-sie-do-dzis-fot.-Z.-Gawron-AJ-1024x525.jpg 1024w, https:\/\/turysta2.pttk.pl\/wp-content\/uploads\/2023\/03\/5.-Historyczny-uklad-wsi-w-Kadynach-zachowal-sie-do-dzis-fot.-Z.-Gawron-AJ-768x394.jpg 768w, https:\/\/turysta2.pttk.pl\/wp-content\/uploads\/2023\/03\/5.-Historyczny-uklad-wsi-w-Kadynach-zachowal-sie-do-dzis-fot.-Z.-Gawron-AJ-1536x788.jpg 1536w, https:\/\/turysta2.pttk.pl\/wp-content\/uploads\/2023\/03\/5.-Historyczny-uklad-wsi-w-Kadynach-zachowal-sie-do-dzis-fot.-Z.-Gawron-AJ-2048x1051.jpg 2048w, https:\/\/turysta2.pttk.pl\/wp-content\/uploads\/2023\/03\/5.-Historyczny-uklad-wsi-w-Kadynach-zachowal-sie-do-dzis-fot.-Z.-Gawron-AJ-100x50.jpg 100w\" sizes=\"auto, (max-width: 300px) 100vw, 300px\" \/><\/a> <a href=\"https:\/\/turysta2.pttk.pl\/wp-content\/uploads\/2023\/03\/7.-Niedaleko-palacu-w-Kadynach-rosnie-jedno-z-najstarszych-drzew-w-kraju-\u2013-Dab-Jana-Bazynskiego-fot.-Z.-Gawron-AJ.jpg\"><img loading=\"lazy\" decoding=\"async\" class=\"alignnone size-medium wp-image-28532\" src=\"https:\/\/turysta2.pttk.pl\/wp-content\/uploads\/2023\/03\/7.-Niedaleko-palacu-w-Kadynach-rosnie-jedno-z-najstarszych-drzew-w-kraju-\u2013-Dab-Jana-Bazynskiego-fot.-Z.-Gawron-AJ-211x300.jpg\" alt=\"\" width=\"211\" height=\"300\" srcset=\"https:\/\/turysta2.pttk.pl\/wp-content\/uploads\/2023\/03\/7.-Niedaleko-palacu-w-Kadynach-rosnie-jedno-z-najstarszych-drzew-w-kraju-\u2013-Dab-Jana-Bazynskiego-fot.-Z.-Gawron-AJ-211x300.jpg 211w, https:\/\/turysta2.pttk.pl\/wp-content\/uploads\/2023\/03\/7.-Niedaleko-palacu-w-Kadynach-rosnie-jedno-z-najstarszych-drzew-w-kraju-\u2013-Dab-Jana-Bazynskiego-fot.-Z.-Gawron-AJ-721x1024.jpg 721w, https:\/\/turysta2.pttk.pl\/wp-content\/uploads\/2023\/03\/7.-Niedaleko-palacu-w-Kadynach-rosnie-jedno-z-najstarszych-drzew-w-kraju-\u2013-Dab-Jana-Bazynskiego-fot.-Z.-Gawron-AJ-768x1091.jpg 768w, https:\/\/turysta2.pttk.pl\/wp-content\/uploads\/2023\/03\/7.-Niedaleko-palacu-w-Kadynach-rosnie-jedno-z-najstarszych-drzew-w-kraju-\u2013-Dab-Jana-Bazynskiego-fot.-Z.-Gawron-AJ-1081x1536.jpg 1081w, https:\/\/turysta2.pttk.pl\/wp-content\/uploads\/2023\/03\/7.-Niedaleko-palacu-w-Kadynach-rosnie-jedno-z-najstarszych-drzew-w-kraju-\u2013-Dab-Jana-Bazynskiego-fot.-Z.-Gawron-AJ.jpg 1143w\" sizes=\"auto, (max-width: 211px) 100vw, 211px\" \/><\/a> <a href=\"https:\/\/turysta2.pttk.pl\/wp-content\/uploads\/2023\/03\/8.-Kolej-nadzalewowa-w-okolicach-Swietego-Kamienia-fot.-Z.-Gawron_AJ.jpg\"><img loading=\"lazy\" decoding=\"async\" class=\"alignnone size-medium wp-image-28533\" src=\"https:\/\/turysta2.pttk.pl\/wp-content\/uploads\/2023\/03\/8.-Kolej-nadzalewowa-w-okolicach-Swietego-Kamienia-fot.-Z.-Gawron_AJ-300x216.jpg\" alt=\"\" width=\"300\" height=\"216\" srcset=\"https:\/\/turysta2.pttk.pl\/wp-content\/uploads\/2023\/03\/8.-Kolej-nadzalewowa-w-okolicach-Swietego-Kamienia-fot.-Z.-Gawron_AJ-300x216.jpg 300w, https:\/\/turysta2.pttk.pl\/wp-content\/uploads\/2023\/03\/8.-Kolej-nadzalewowa-w-okolicach-Swietego-Kamienia-fot.-Z.-Gawron_AJ-1024x736.jpg 1024w, https:\/\/turysta2.pttk.pl\/wp-content\/uploads\/2023\/03\/8.-Kolej-nadzalewowa-w-okolicach-Swietego-Kamienia-fot.-Z.-Gawron_AJ-768x552.jpg 768w, https:\/\/turysta2.pttk.pl\/wp-content\/uploads\/2023\/03\/8.-Kolej-nadzalewowa-w-okolicach-Swietego-Kamienia-fot.-Z.-Gawron_AJ-1536x1103.jpg 1536w, https:\/\/turysta2.pttk.pl\/wp-content\/uploads\/2023\/03\/8.-Kolej-nadzalewowa-w-okolicach-Swietego-Kamienia-fot.-Z.-Gawron_AJ.jpg 1772w\" sizes=\"auto, (max-width: 300px) 100vw, 300px\" \/><\/a><\/strong><\/p>\n<p>&nbsp;<\/p>\n<p>&nbsp;<\/p>\n<p>&nbsp;<\/p>\n","protected":false},"excerpt":{"rendered":"Park Krajobrazowy Wysoczyzny Elbl\u0105skiej, zwi\u0105zany ze Szlakiem Kopernikowskim, zaskakuje tajemniczymi le\u015bnymi \u015bcie\u017ckami i widokami na Zalew Wi\u015blany. Liczne szlaki piesze i rowerowe prowadz\u0105 przez najbardziej atrakcyjne turystycznie wzg\u00f3rza mi\u0119dzy Elbl\u0105giem a Tolkmickiem. W trakcie wypraw mo\u017cna zobaczy\u0107 zabytkow\u0105 architektur\u0119, w tym domy podcieniowe, ko\u015bcio\u0142y i kapliczki. R\u00f3wnie interesuj\u0105ce s\u0105 pomniki przyrody i staropruskie grodziska. Wysoczyzna Elbl\u0105ska to obszar w p\u00f3\u0142nocno-zachodniej&nbsp;<a href=\"https:\/\/turysta2.pttk.pl\/?p=28526\" class=\"read-more\">Continue Reading<\/a>","protected":false},"author":4,"featured_media":28527,"comment_status":"closed","ping_status":"closed","sticky":false,"template":"","format":"standard","meta":{"footnotes":""},"categories":[84],"tags":[],"class_list":["post-28526","post","type-post","status-publish","format-standard","has-post-thumbnail","hentry","category-poznajemy-szlaki","cat-84-id"],"aioseo_notices":[],"_links":{"self":[{"href":"https:\/\/turysta2.pttk.pl\/index.php?rest_route=\/wp\/v2\/posts\/28526","targetHints":{"allow":["GET"]}}],"collection":[{"href":"https:\/\/turysta2.pttk.pl\/index.php?rest_route=\/wp\/v2\/posts"}],"about":[{"href":"https:\/\/turysta2.pttk.pl\/index.php?rest_route=\/wp\/v2\/types\/post"}],"author":[{"embeddable":true,"href":"https:\/\/turysta2.pttk.pl\/index.php?rest_route=\/wp\/v2\/users\/4"}],"replies":[{"embeddable":true,"href":"https:\/\/turysta2.pttk.pl\/index.php?rest_route=%2Fwp%2Fv2%2Fcomments&post=28526"}],"version-history":[{"count":4,"href":"https:\/\/turysta2.pttk.pl\/index.php?rest_route=\/wp\/v2\/posts\/28526\/revisions"}],"predecessor-version":[{"id":28535,"href":"https:\/\/turysta2.pttk.pl\/index.php?rest_route=\/wp\/v2\/posts\/28526\/revisions\/28535"}],"wp:featuredmedia":[{"embeddable":true,"href":"https:\/\/turysta2.pttk.pl\/index.php?rest_route=\/wp\/v2\/media\/28527"}],"wp:attachment":[{"href":"https:\/\/turysta2.pttk.pl\/index.php?rest_route=%2Fwp%2Fv2%2Fmedia&parent=28526"}],"wp:term":[{"taxonomy":"category","embeddable":true,"href":"https:\/\/turysta2.pttk.pl\/index.php?rest_route=%2Fwp%2Fv2%2Fcategories&post=28526"},{"taxonomy":"post_tag","embeddable":true,"href":"https:\/\/turysta2.pttk.pl\/index.php?rest_route=%2Fwp%2Fv2%2Ftags&post=28526"}],"curies":[{"name":"wp","href":"https:\/\/api.w.org\/{rel}","templated":true}]}}