{"id":28506,"date":"2023-03-08T15:28:09","date_gmt":"2023-03-08T13:28:09","guid":{"rendered":"https:\/\/turysta2.pttk.pl\/?p=28506"},"modified":"2023-03-08T15:41:56","modified_gmt":"2023-03-08T13:41:56","slug":"wielen-slady-powiatowej-swietnosci","status":"publish","type":"post","link":"https:\/\/turysta2.pttk.pl\/?p=28506","title":{"rendered":"Wiele\u0144\u2026 \u015blady powiatowej \u015bwietno\u015bci"},"content":{"rendered":"<p><strong><a href=\"https:\/\/turysta2.pttk.pl\/wp-content\/uploads\/2023\/03\/1.-Dawne-starostwo-obecnie-dom-pomocy-spolecznej-fot.-P.-Anders_AJ2-1.tif\"><img decoding=\"async\" class=\"alignnone size-full wp-image-28510\" src=\"https:\/\/turysta2.pttk.pl\/wp-content\/uploads\/2023\/03\/1.-Dawne-starostwo-obecnie-dom-pomocy-spolecznej-fot.-P.-Anders_AJ2-1.tif\" alt=\"\" \/><\/a>Wiele\u0144 to 6-tysi\u0119czne miasteczko, po\u0142o\u017cone przy obu brzegach Noteci, na terenie o du\u017cej lesisto\u015bci, mi\u0119dzy puszczami Drawsk\u0105 i Noteck\u0105. Jego nazw\u0119 etymologia ludowa t\u0142umaczy jako \u201ewiele jeleni\u201d, a skojarzenie pot\u0119guje widniej\u0105cy w herbie miasta jele\u0144. Niekt\u00f3rzy naukowcy wywodz\u0105 j\u0105 jednak od skr\u00f3conej formy takich staropolskich imion jak Wielemir czy Wielemys\u0142. <\/strong><\/p>\n<p>Tak jak wsz\u0119dzie w Polsce, po 1989 roku cz\u0119\u015b\u0107 starych wiele\u0144skich zak\u0142ad\u00f3w pracy upad\u0142a, jednak na ich miejscu pojawi\u0142y si\u0119 nowe. Obecnie prac\u0119 dla mieszka\u0144c\u00f3w miasta i okolicy zapewniaj\u0105 przede wszystkim: zak\u0142ad koncernu \u201eKettler\u201d, produkuj\u0105cy elementy tekstylne oraz tapicerowane do sprz\u0119tu wypoczynkowego i sportowego, wytw\u00f3rnia przyczep samochodowych \u201eBrenderup\u201d, producent dzianin \u201eNotex\u201d, oraz tartak, wytwarzaj\u0105cy r\u00f3wnie\u017c meble i opakowania.<\/p>\n<p>Miasto ma bogat\u0105 przesz\u0142o\u015b\u0107. Na kartach historii Wiele\u0144 pojawi\u0142 si\u0119 w 1108 roku jako wa\u017cny gr\u00f3d obronny na pograniczu wielkopolsko-pomorskim, nast\u0119pnie stanowi\u0142 on siedzib\u0119 kasztelanii. Jako kr\u00f3lewszczyzna gr\u00f3d dawany by\u0142 w dzier\u017caw\u0119 r\u00f3\u017cnym mo\u017cnym rodom. Prawa miejskie otrzyma\u0142 mi\u0119dzy 1331 i 1350 rokiem. Od 1515 roku dobra wiele\u0144skie nale\u017ca\u0142y do G\u00f3rk\u00f3w, sto lat p\u00f3\u017aniej przesz\u0142y na Czarnkowskich, potem na Kostk\u00f3w, wreszcie na Grudzi\u0144skich i Opali\u0144skich. W 1673 roku obok starego za\u0142o\u017cono tzw. nowe miasto, w kt\u00f3rym rozwija\u0142o si\u0119 sukiennictwo. W 1699 roku Wiele\u0144 przeszed\u0142 w r\u0119ce Sapieh\u00f3w, kt\u00f3rzy pr\u00f3bowali stworzy\u0107 tam wielkopa\u0144sk\u0105 rezydencj\u0119. Pami\u0105tk\u0105 po tym zamy\u015ble jest okaza\u0142y barokowy pa\u0142ac, a tak\u017ce wiele poda\u0144, w kt\u00f3rych przechowa\u0142a si\u0119 pami\u0119\u0107 o dzia\u0142alno\u015bci Piotra Sapiehy.<\/p>\n<p>W wieku XIX Wiele\u0144 nale\u017ca\u0142 do powiatu czarnkowskiego. Gdy Niemcy w 1887 roku powi\u0119kszali liczb\u0119 powiat\u00f3w w celu zintensyfikowania germanizacji, stolic\u0119 jednego z nich umie\u015bcili w\u0142a\u015bnie tam. Powiat czarnkowski podzielono na dwie cz\u0119\u015bci: wschodni\u0105 ze stolic\u0105 w Czarnkowie i zachodni\u0105 z siedzib\u0105 w\u0142adz w Wieleniu. Ta nowa jednostka administracyjna nie przetrwa\u0142a d\u0142ugo. Wkr\u00f3tce wybuch\u0142a I wojna \u015bwiatowa, a potem w wyniku powstania wielkopolskiego obszar na lewym brzegu Noteci wszed\u0142 w sk\u0142ad odrodzonego pa\u0144stwa polskiego. Teren pierwotnego powiatu czarnkowskiego w 1920 roku podzielono jeszcze raz: cz\u0119\u015b\u0107 po\u0142udniowa sta\u0142a si\u0119 polskim powiatem ze stolic\u0105 w Czarnkowie, a z obszaru pozostawionego w granicach Niemiec utworzono powiat pilski z siedzib\u0105 w\u0142adz w Trzciance.<\/p>\n<p>Dla powiatu wiele\u0144skiego ju\u017c nie by\u0142o miejsca.<\/p>\n<p>Po II wojnie \u015bwiatowej tereny le\u017c\u0105ce na lewym brzegu Noteci nale\u017ca\u0142y do powiatu czarnkowskiego, a na prawym \u2013 do powiatu pilskiego (potem trzcianeckiego). Podczas reformy administracyjnej w 1973 roku w powiatach tych utworzono dwie gminy: Wiele\u0144 i Wiele\u0144 P\u00f3\u0142nocny. Gdy dwa lata p\u00f3\u017aniej zlikwidowano powiaty, a teren znalaz\u0142 si\u0119 w granicach wojew\u00f3dztwa pilskiego, usuni\u0119to \u00f3w sztuczny podzia\u0142: od 1977 roku jest to jedna gmina. Jedyn\u0105 pami\u0105tk\u0105 podzia\u0142u jest przynale\u017cno\u015b\u0107 Wielenia do dw\u00f3ch diecezji: pozna\u0144skiej i koszali\u0144sko-ko\u0142obrzeskiej (granica przebiega na Noteci). Gdy w wyniku kolejnej reformy w 1999 roku utworzono powiat czarnkowsko-trzcianecki, gmina p\u0142ynnie wesz\u0142a w jego sk\u0142ad. Okaza\u0142o si\u0119 przy tym, \u017ce jest to jednostka o najwi\u0119kszej powierzchni (430,09 km kw.) w wojew\u00f3dztwie wielkopolskim, ale o s\u0142abym zaludnieniu (29 os\u00f3b\/km kw.), bo 66 proc. jej obszaru zajmuj\u0105 lasy.<\/p>\n<p><strong>Co zwiedzi\u0107 w Wieleniu<\/strong><\/p>\n<p>Warto zwr\u00f3ci\u0107 uwag\u0119 na pami\u0105tki, kt\u00f3re pozosta\u0142y po powiecie wiele\u0144skim. Pa\u0144stwo pruskie dba\u0142o o w\u0142a\u015bciw\u0105 reprezentacj\u0119, w zwi\u0105zku z czym instytucje powiatowe otrzyma\u0142y odpowiednie siedziby.<\/p>\n<ul>\n<li>Starosta urz\u0119dowa\u0142 w eklektycznym budynku z 1895 roku przy obecnej ul. Chopina 9, w kt\u00f3rym dzisiaj dzia\u0142a samorz\u0105dowy dom pomocy spo\u0142ecznej. Wewn\u0105trz zachowa\u0142y si\u0119 pozosta\u0142o\u015bci stylowego wyposa\u017cenia.<\/li>\n<li>Urz\u0105d Miasta i Gminy zajmuje gmach dawnego s\u0105du grodzkiego z drugiej po\u0142owy XIX wieku, maj\u0105cy ze wzgl\u0119du na funkcj\u0119 bardziej surowy charakter (szkoda, \u017ce bry\u0142a budynku zosta\u0142a w 1975 roku zeszpecona niezharmonizowan\u0105 nadbudow\u0105). Zwraca uwag\u0119 nietypowy, w\u0105ski i wysoki dom, stoj\u0105cy z ty\u0142u za urz\u0119dem \u2013 to dawne wi\u0119zienie z tego samego czasu. W s\u0105siedztwie stoi \u0142adnie odnowiony budynek poczty z ko\u0144ca XIX wieku.<\/li>\n<li>Na uwag\u0119 zas\u0142uguje te\u017c okaza\u0142a szko\u0142a z 1908 roku po\u0142o\u017cona przy ul. Szkolnej, raczej zbyt du\u017ca na potrzeby miasta, kt\u00f3re w chwili jej budowy liczy\u0142o tylko 4300 mieszka\u0144c\u00f3w.<\/li>\n<li>Zachowa\u0142y si\u0119 kamienice wybudowane w latach istnienia powiatu, przede wszystkim przy g\u0142\u00f3wnej ulicy przelotowej (Ko\u015bciuszki). Naj\u0142adniejszy dom, z secesyjn\u0105 dekoracj\u0105 elewacji frontowej zbudowany oko\u0142o 1900 roku mie\u015bci si\u0119 przy ulicy Staszica 7.<br \/>\n<strong>Poza tym mo\u017cna podziwia\u0107 m.in.:<\/strong><\/li>\n<li>rozci\u0105gni\u0119ty na d\u0142ugo\u015bci 4 km i sk\u0142adaj\u0105cy si\u0119 z kilku dawnych jednostek uk\u0142ad przestrzenny (z placami Powsta\u0144c\u00f3w Wielkopolskich i Nowe Miasto jako centralnymi punktami dawnych oddzielnych organizm\u00f3w miejskich),<\/li>\n<li>wczesnobarokowy ko\u015bci\u00f3\u0142 o bogatym wyposa\u017ceniu, barokowy pa\u0142ac Sapieh\u00f3w (do ogl\u0105dania tylko z zewn\u0105trz),<\/li>\n<li>imponuj\u0105cy kompleks zabudowa\u0144 najwi\u0119kszego w Wielkopolsce domu pomocy spo\u0142ecznej (400 miejsc) prowadzonego przez siostry zakonne ze Zgromadzenia Si\u00f3str Franciszkanek Rodziny Maryi,<\/li>\n<li>dom bractwa strzeleckiego z ok. 1850 roku (obecnie o\u015brodek kultury),<\/li>\n<li>na wsch\u00f3d od miasta stoi zrujnowana wie\u017ca Bismarcka z 1902 roku \u2013 jedna z dw\u00f3ch zachowanych w wojew\u00f3dztwie budowli tego rodzaju, wznoszonych jako ho\u0142d dla dokona\u0144 kanclerza Rzeszy Niemieckiej.<\/li>\n<\/ul>\n<p><strong>Pawe\u0142 Anders<\/strong><\/p>\n<p>Regionalista, autor przewodnik\u00f3w turystycznych, cz\u0142onek honorowy PTTK, sekretarz redakcji kwartalnika \u201eKronika Wielkopolski\u201d.<\/p>\n<p><strong><a href=\"https:\/\/turysta2.pttk.pl\/wp-content\/uploads\/2023\/03\/1.-Dawne-starostwo-obecnie-dom-pomocy-spolecznej-fot.-P.-Anders_AJ2.tif\"><img decoding=\"async\" class=\"alignnone size-full wp-image-28507\" src=\"https:\/\/turysta2.pttk.pl\/wp-content\/uploads\/2023\/03\/1.-Dawne-starostwo-obecnie-dom-pomocy-spolecznej-fot.-P.-Anders_AJ2.tif\" alt=\"\" \/><\/a>Podpisy<\/strong><\/p>\n<ol>\n<li>Secesyjny dom przy ul. Staszica<\/li>\n<li>Szko\u0142a przy ul. Szkolnej<\/li>\n<li>Urz\u0105d Miasta i Gminy w dawnym budynku s\u0105du (po prawej) i s\u0105siaduj\u0105ce z nim dawne wi\u0119zienie<\/li>\n<li>S\u0105d i poczta w Wieleniu w latach 20. XX wieku<\/li>\n<li>Wizerunek herbowy Wielenia pochodzi z XVI-wiecznej piecz\u0119ci miejskiej u\u017cywanej jeszcze do XIX wieku<\/li>\n<\/ol>\n<p>&nbsp;<\/p>\n<p><a href=\"https:\/\/turysta2.pttk.pl\/wp-content\/uploads\/2023\/03\/3.-Szkola-przy-ul-Szkolnej-fot.-P.-Anders_AJ-1.jpg\"><img loading=\"lazy\" decoding=\"async\" class=\"alignnone size-medium wp-image-28518\" src=\"https:\/\/turysta2.pttk.pl\/wp-content\/uploads\/2023\/03\/3.-Szkola-przy-ul-Szkolnej-fot.-P.-Anders_AJ-1-300x194.jpg\" alt=\"\" width=\"300\" height=\"194\" srcset=\"https:\/\/turysta2.pttk.pl\/wp-content\/uploads\/2023\/03\/3.-Szkola-przy-ul-Szkolnej-fot.-P.-Anders_AJ-1-300x194.jpg 300w, https:\/\/turysta2.pttk.pl\/wp-content\/uploads\/2023\/03\/3.-Szkola-przy-ul-Szkolnej-fot.-P.-Anders_AJ-1-1024x661.jpg 1024w, https:\/\/turysta2.pttk.pl\/wp-content\/uploads\/2023\/03\/3.-Szkola-przy-ul-Szkolnej-fot.-P.-Anders_AJ-1-768x496.jpg 768w, https:\/\/turysta2.pttk.pl\/wp-content\/uploads\/2023\/03\/3.-Szkola-przy-ul-Szkolnej-fot.-P.-Anders_AJ-1-1536x992.jpg 1536w, https:\/\/turysta2.pttk.pl\/wp-content\/uploads\/2023\/03\/3.-Szkola-przy-ul-Szkolnej-fot.-P.-Anders_AJ-1-2048x1322.jpg 2048w\" sizes=\"auto, (max-width: 300px) 100vw, 300px\" \/><\/a> <a href=\"https:\/\/turysta2.pttk.pl\/wp-content\/uploads\/2023\/03\/4.-Urzad-Miasta-i-Gminy-w-dawnym-budynku-sadu-po-prawej-i-sasiadujace-z-nim-dawne-wiezienie-fot.-P.-Anders_AJ-1.jpg\"><img loading=\"lazy\" decoding=\"async\" class=\"alignnone size-medium wp-image-28519\" src=\"https:\/\/turysta2.pttk.pl\/wp-content\/uploads\/2023\/03\/4.-Urzad-Miasta-i-Gminy-w-dawnym-budynku-sadu-po-prawej-i-sasiadujace-z-nim-dawne-wiezienie-fot.-P.-Anders_AJ-1-300x200.jpg\" alt=\"\" width=\"300\" height=\"200\" srcset=\"https:\/\/turysta2.pttk.pl\/wp-content\/uploads\/2023\/03\/4.-Urzad-Miasta-i-Gminy-w-dawnym-budynku-sadu-po-prawej-i-sasiadujace-z-nim-dawne-wiezienie-fot.-P.-Anders_AJ-1-300x200.jpg 300w, https:\/\/turysta2.pttk.pl\/wp-content\/uploads\/2023\/03\/4.-Urzad-Miasta-i-Gminy-w-dawnym-budynku-sadu-po-prawej-i-sasiadujace-z-nim-dawne-wiezienie-fot.-P.-Anders_AJ-1-1024x683.jpg 1024w, https:\/\/turysta2.pttk.pl\/wp-content\/uploads\/2023\/03\/4.-Urzad-Miasta-i-Gminy-w-dawnym-budynku-sadu-po-prawej-i-sasiadujace-z-nim-dawne-wiezienie-fot.-P.-Anders_AJ-1-768x512.jpg 768w, https:\/\/turysta2.pttk.pl\/wp-content\/uploads\/2023\/03\/4.-Urzad-Miasta-i-Gminy-w-dawnym-budynku-sadu-po-prawej-i-sasiadujace-z-nim-dawne-wiezienie-fot.-P.-Anders_AJ-1-1536x1024.jpg 1536w, https:\/\/turysta2.pttk.pl\/wp-content\/uploads\/2023\/03\/4.-Urzad-Miasta-i-Gminy-w-dawnym-budynku-sadu-po-prawej-i-sasiadujace-z-nim-dawne-wiezienie-fot.-P.-Anders_AJ-1-2048x1366.jpg 2048w\" sizes=\"auto, (max-width: 300px) 100vw, 300px\" \/><\/a> <a href=\"https:\/\/turysta2.pttk.pl\/wp-content\/uploads\/2023\/03\/5.-Sad-i-poczta-zrodlo-Biblioteka-Narodowa-AJ-1.jpg\"><img loading=\"lazy\" decoding=\"async\" class=\"alignnone size-medium wp-image-28520\" src=\"https:\/\/turysta2.pttk.pl\/wp-content\/uploads\/2023\/03\/5.-Sad-i-poczta-zrodlo-Biblioteka-Narodowa-AJ-1-300x192.jpg\" alt=\"\" width=\"300\" height=\"192\" srcset=\"https:\/\/turysta2.pttk.pl\/wp-content\/uploads\/2023\/03\/5.-Sad-i-poczta-zrodlo-Biblioteka-Narodowa-AJ-1-300x192.jpg 300w, https:\/\/turysta2.pttk.pl\/wp-content\/uploads\/2023\/03\/5.-Sad-i-poczta-zrodlo-Biblioteka-Narodowa-AJ-1-1024x654.jpg 1024w, https:\/\/turysta2.pttk.pl\/wp-content\/uploads\/2023\/03\/5.-Sad-i-poczta-zrodlo-Biblioteka-Narodowa-AJ-1-768x490.jpg 768w, https:\/\/turysta2.pttk.pl\/wp-content\/uploads\/2023\/03\/5.-Sad-i-poczta-zrodlo-Biblioteka-Narodowa-AJ-1-1536x981.jpg 1536w, https:\/\/turysta2.pttk.pl\/wp-content\/uploads\/2023\/03\/5.-Sad-i-poczta-zrodlo-Biblioteka-Narodowa-AJ-1.jpg 1713w\" sizes=\"auto, (max-width: 300px) 100vw, 300px\" \/><\/a><a href=\"https:\/\/turysta2.pttk.pl\/wp-content\/uploads\/2023\/03\/6.-Wizerunek-herbowy-Wielenia-pochodzi-z-XVI-wiecznej-pieczeci-miejskiej-uzywanej-jeszcze-do-XIX-wieku.png\"><img loading=\"lazy\" decoding=\"async\" class=\"alignnone  wp-image-28522\" src=\"https:\/\/turysta2.pttk.pl\/wp-content\/uploads\/2023\/03\/6.-Wizerunek-herbowy-Wielenia-pochodzi-z-XVI-wiecznej-pieczeci-miejskiej-uzywanej-jeszcze-do-XIX-wieku-254x300.png\" alt=\"\" width=\"160\" height=\"189\" srcset=\"https:\/\/turysta2.pttk.pl\/wp-content\/uploads\/2023\/03\/6.-Wizerunek-herbowy-Wielenia-pochodzi-z-XVI-wiecznej-pieczeci-miejskiej-uzywanej-jeszcze-do-XIX-wieku-254x300.png 254w, https:\/\/turysta2.pttk.pl\/wp-content\/uploads\/2023\/03\/6.-Wizerunek-herbowy-Wielenia-pochodzi-z-XVI-wiecznej-pieczeci-miejskiej-uzywanej-jeszcze-do-XIX-wieku.png 688w\" sizes=\"auto, (max-width: 160px) 100vw, 160px\" \/><\/a><\/p>\n<p>&nbsp;<\/p>\n","protected":false},"excerpt":{"rendered":"Wiele\u0144 to 6-tysi\u0119czne miasteczko, po\u0142o\u017cone przy obu brzegach Noteci, na terenie o du\u017cej lesisto\u015bci, mi\u0119dzy puszczami Drawsk\u0105 i Noteck\u0105. Jego nazw\u0119 etymologia ludowa t\u0142umaczy jako \u201ewiele jeleni\u201d, a skojarzenie pot\u0119guje widniej\u0105cy w herbie miasta jele\u0144. Niekt\u00f3rzy naukowcy wywodz\u0105 j\u0105 jednak od skr\u00f3conej formy takich staropolskich imion jak Wielemir czy Wielemys\u0142. Tak jak wsz\u0119dzie w Polsce, po 1989 roku cz\u0119\u015b\u0107 starych&nbsp;<a href=\"https:\/\/turysta2.pttk.pl\/?p=28506\" class=\"read-more\">Continue Reading<\/a>","protected":false},"author":4,"featured_media":28512,"comment_status":"closed","ping_status":"closed","sticky":false,"template":"","format":"standard","meta":{"footnotes":""},"categories":[5],"tags":[],"class_list":["post-28506","post","type-post","status-publish","format-standard","has-post-thumbnail","hentry","category-a-to-polska-wlasnie","cat-5-id"],"aioseo_notices":[],"_links":{"self":[{"href":"https:\/\/turysta2.pttk.pl\/index.php?rest_route=\/wp\/v2\/posts\/28506","targetHints":{"allow":["GET"]}}],"collection":[{"href":"https:\/\/turysta2.pttk.pl\/index.php?rest_route=\/wp\/v2\/posts"}],"about":[{"href":"https:\/\/turysta2.pttk.pl\/index.php?rest_route=\/wp\/v2\/types\/post"}],"author":[{"embeddable":true,"href":"https:\/\/turysta2.pttk.pl\/index.php?rest_route=\/wp\/v2\/users\/4"}],"replies":[{"embeddable":true,"href":"https:\/\/turysta2.pttk.pl\/index.php?rest_route=%2Fwp%2Fv2%2Fcomments&post=28506"}],"version-history":[{"count":8,"href":"https:\/\/turysta2.pttk.pl\/index.php?rest_route=\/wp\/v2\/posts\/28506\/revisions"}],"predecessor-version":[{"id":28509,"href":"https:\/\/turysta2.pttk.pl\/index.php?rest_route=\/wp\/v2\/posts\/28506\/revisions\/28509"}],"wp:featuredmedia":[{"embeddable":true,"href":"https:\/\/turysta2.pttk.pl\/index.php?rest_route=\/wp\/v2\/media\/28512"}],"wp:attachment":[{"href":"https:\/\/turysta2.pttk.pl\/index.php?rest_route=%2Fwp%2Fv2%2Fmedia&parent=28506"}],"wp:term":[{"taxonomy":"category","embeddable":true,"href":"https:\/\/turysta2.pttk.pl\/index.php?rest_route=%2Fwp%2Fv2%2Fcategories&post=28506"},{"taxonomy":"post_tag","embeddable":true,"href":"https:\/\/turysta2.pttk.pl\/index.php?rest_route=%2Fwp%2Fv2%2Ftags&post=28506"}],"curies":[{"name":"wp","href":"https:\/\/api.w.org\/{rel}","templated":true}]}}