{"id":28486,"date":"2023-03-08T15:06:41","date_gmt":"2023-03-08T13:06:41","guid":{"rendered":"https:\/\/turysta2.pttk.pl\/?p=28486"},"modified":"2023-03-08T15:08:25","modified_gmt":"2023-03-08T13:08:25","slug":"marcowe-podgladanie-ptakow","status":"publish","type":"post","link":"https:\/\/turysta2.pttk.pl\/?p=28486","title":{"rendered":"Marcowe podgl\u0105danie ptak\u00f3w"},"content":{"rendered":"<p><strong>Sympatyczn\u0105, kameraln\u0105 ekip\u0105 ruszamy samochodem w stron\u0119 p\u00f3l oborskich. Temperatura lekko na plusie, niebo w tonacjach szaro\u015bci z zapowiadanymi lekkimi opadami. Nic, tylko pi\u0107 spokojnie kaw\u0119 w domu albo\u2026\u00a0 jecha\u0107 na ptaki. Wybieramy tras\u0119: Gassy\u2013Konstancin\u2013Jeziorna.<\/strong><\/p>\n<p>Zatrzymujemy si\u0119 w Gassach, gdzie schodzimy do pobliskiej przeprawy promowej, o tej porze roku okupowanej przez w\u0119dkarzy i ptactwo. Ci pierwsi niezbyt nas interesuj\u0105, natomiast co do tego drugiego \u2013 mocny akcent na pocz\u0105tek, bo kilkadziesi\u0105t metr\u00f3w od nas w\u015br\u00f3d stadka krzy\u017c\u00f3wek wypatrujemy samca ro\u017ce\u0144ca. Tak po prawdzie to wypatrujemy go dopiero na zdj\u0119ciach w domu, bo chocia\u017c kaczor by\u0142 do\u015b\u0107 blisko, to na \u017cywo bierzemy go za jedn\u0105 z nurog\u0119si, kt\u00f3rych w pobli\u017cu kr\u0119ci\u0142o si\u0119 kilka. Kolejny dow\u00f3d na to, \u017ce czy wok\u00f3\u0142 s\u0105 szaro\u015bci czy nie, wszystkie ptaki trzeba przepatrywa\u0107 przez lornetk\u0119. Po chwili nad Wis\u0142\u0105 niespiesznym lotem sunie czapla siwa, trafia si\u0119 nam te\u017c stadko kormoran\u00f3w, z\u0142o\u017cone g\u0142\u00f3wnie z ptak\u00f3w w szacie godowej.<\/p>\n<p>Wracamy do samochodu i ruszamy prost\u0105 drog\u0105 przez pola w stron\u0119 Konstancina. Po chwili dostrzegamy samca ba\u017canta, kt\u00f3ry niestety za nic ma potrzeby fotograf\u00f3w i chowa si\u0119 za niewielkim pag\u00f3rkiem. Kawa\u0142ek dalej na horyzoncie zamajaczy\u0142y nam sarny. Wreszcie stajemy na poboczu, zwabieni widokiem kilkunastu \u0142ab\u0119dzi niemych \u017ceruj\u0105cych na polu. Ruszamy spacerkiem drog\u0105 na S\u0142omczyn, na jednym z drzew \u017c\u00f3\u0142ci si\u0119 stadko trznadli. Niestety, po myszo\u0142owach nie ma \u015bladu, jest pusto, a\u017c wreszcie po d\u0142u\u017cszej chwili dostrzegamy zimuj\u0105c\u0105 pustu\u0142k\u0119. Chwilk\u0119 p\u00f3\u017aniej s\u0142ycha\u0107 g\u0142o\u015bny \u015bwist skrzyde\u0142 \u2013 to dy\u017curna para \u0142ab\u0119dzi niemych zatoczy\u0142a w pobli\u017cu kr\u0105g.<\/p>\n<p>Wracamy w stron\u0119 samochodu, tym razem trznadle pozuj\u0105 z bliska \u2013 koczuj\u0105 w\u015br\u00f3d trzcin, a wkr\u00f3tce oblepiaj\u0105 pobliskie drzewko. Podziwiamy te\u017c stadko \u0142ab\u0119dzi niemych \u017ceruj\u0105ce kilkadziesi\u0105t metr\u00f3w od nas. Po drugiej stronie drogi pasie si\u0119 jeszcze kilka \u0142ab\u0119dzi, wkr\u00f3tce obok nich l\u0105duje par\u0119 kruk\u00f3w. Ale najwi\u0119ksza niespodzianka jest kilkadziesi\u0105t metr\u00f3w za ptakami \u2013 to grupa saren szukaj\u0105ca pokarmu na polu. Idylla trwa tylko chwil\u0119, bo jaki\u015b zab\u0142\u0105kany spacerowicz z psem pojawia si\u0119 w pobli\u017cu i sarny d\u0142ugimi susami oddalaj\u0105 si\u0119 z pastwiska.<\/p>\n<p>Pora i na nas, ruszamy do Konstancina, gdzie mamy nadziej\u0119 spotka\u0107 r\u00f3\u017cne ptaki w parku Zdrojowym. Na miejscu ruszamy wa\u0142em nad Jeziork\u0105. Po\u015br\u00f3d stadka krzy\u017c\u00f3wek i pary \u0142ab\u0119dzi niemych pojawia si\u0119 samiec g\u0105go\u0142a, ptak \u2013 zaj\u0119ty zdobywaniem pokarmu \u2013 daje si\u0119 obserwowa\u0107 z bliska. Kawa\u0142ek dalej spotykamy kilka nurog\u0119si, dostrzegamy te\u017c samca krakwy. Ale na tym nie koniec atrakcji, bo oto w poprzek rzeki mknie malutka kokoszka, a po chwili na drugim brzegu widzimy te\u017c drugiego ptaka tego gatunku. My obserwujemy ptaki, ale one nas te\u017c obserwuj\u0105 \u2013 z pobliskiego drzewa bacznie przygl\u0105da si\u0119 nam s\u00f3jka. Dochodzimy do mostu, pod nim k\u0142\u0119bi si\u0119 kacze zgromadzenie krzy\u017c\u00f3wek, licz\u0105cych na pocz\u0119stunek chlebem lub zdrowsz\u0105 i pewnie smaczniejsz\u0105 karm\u0105 z pobliskiego automatu. Nasz\u0105 uwag\u0119 zwraca ja\u015bniejsza samica, zapewne owoc jakiego\u015b mezaliansu w\u015br\u00f3d jej przodk\u00f3w. Tymczasem jedno z suchych drzew wytrwale opukuje dzi\u0119cio\u0142 du\u017cy, kawa\u0142ek dalej spotykamy kolejnego, ale znacznie bli\u017cej.<\/p>\n<p>Odpocz\u0105wszy przy aromatycznej kawie i gor\u0105cej herbacie w Konstanci\u0144skim Domu Kultury Hugon\u00f3wka, wkr\u00f3tce powoli wracamy przez park. Si\u0105pi kapu\u015bniaczek i ptak\u00f3w jest niewiele, ale jedn\u0105 z olch na rozlewisku obsiada stadko czy\u017cy. Jak si\u0119 nagle pojawi\u0142y, tak i niespodziewanie gin\u0105 nam z oczu, chmara drobnych ptak\u00f3w znika ze \u015bwiergotem w\u015br\u00f3d parkowych drzew. Za zakr\u0119tem Jeziorki kolejny dzi\u0119cio\u0142 du\u017cy opukuje drzewo niczym lekarz pacjenta. Temu zapewne nic nie grozi, ale kawa\u0142ek dalej stoi drzewo skazane ju\u017c na zag\u0142ad\u0119 \u2013 na pniu, niczym schody, wyrastaj\u0105 dorodne lakownice sp\u0142aszczone. Gdy gin\u0105 jedni, inni budz\u0105 si\u0119 do \u017cycia \u2013 kilka ga\u0142\u0105zek wierzby wabi wiosn\u0119 okaza\u0142ymi baziami.<\/p>\n<p>Marzec to dobra pora na ptaki\u2026<\/p>\n<p><strong>\u00a0<\/strong><\/p>\n<p><strong>Micha\u0142 Kaczorowski<\/strong><\/p>\n<p>Z wykszta\u0142cenia zootechnik, z zawodu redaktor, po trosze te\u017c dziennikarz i fotograf. Jest autorem bloga przyrodniczego \u201eDzikie Mazowsze\u201d, licznych artyku\u0142\u00f3w i kilku ksi\u0105\u017cek o zwierz\u0119tach. Hodowca gad\u00f3w i bezkr\u0119gowc\u00f3w, podr\u00f3\u017cnik.<\/p>\n<p><strong>\u00a0<\/strong><strong>Podpisy pod zdj\u0119cia<\/strong><\/p>\n<ol>\n<li>Autor w stroju maskuj\u0105cym (<em>fot<\/em>. Konrad R\u00f3\u017cycki)<\/li>\n<li>Drzewo okupowane przez trznadle<\/li>\n<li>Trznadel z bliska<\/li>\n<li>Dzi\u0119cio\u0142 du\u017cy wytrwale opukuj\u0105cy drzewo<\/li>\n<li>Samiec g\u0105go\u0142a z charakterystyczn\u0105 bia\u0142\u0105 plam\u0105 u nasady dzioba<\/li>\n<li>\u0141ab\u0119dzie nieme ko\u0142uj\u0105ce nad oborskimi polami<\/li>\n<li>Samiec krakwy na rzece Jeziorce<\/li>\n<li>S\u00f3jka bacznie obserwuj\u0105ca okolic\u0119<\/li>\n<li>Sarny szukaj\u0105ce na polu pokarmu<\/li>\n<\/ol>\n<p>&nbsp;<\/p>\n<p><a href=\"https:\/\/turysta2.pttk.pl\/wp-content\/uploads\/2023\/03\/1-Autor-w-stroju-maskujacym-fot.-Konrad-Rozycki.jpg\"><img loading=\"lazy\" decoding=\"async\" class=\"alignnone size-medium wp-image-28490\" src=\"https:\/\/turysta2.pttk.pl\/wp-content\/uploads\/2023\/03\/1-Autor-w-stroju-maskujacym-fot.-Konrad-Rozycki-235x300.jpg\" alt=\"\" width=\"235\" height=\"300\" srcset=\"https:\/\/turysta2.pttk.pl\/wp-content\/uploads\/2023\/03\/1-Autor-w-stroju-maskujacym-fot.-Konrad-Rozycki-235x300.jpg 235w, https:\/\/turysta2.pttk.pl\/wp-content\/uploads\/2023\/03\/1-Autor-w-stroju-maskujacym-fot.-Konrad-Rozycki-801x1024.jpg 801w, https:\/\/turysta2.pttk.pl\/wp-content\/uploads\/2023\/03\/1-Autor-w-stroju-maskujacym-fot.-Konrad-Rozycki-768x982.jpg 768w, https:\/\/turysta2.pttk.pl\/wp-content\/uploads\/2023\/03\/1-Autor-w-stroju-maskujacym-fot.-Konrad-Rozycki-1201x1536.jpg 1201w, https:\/\/turysta2.pttk.pl\/wp-content\/uploads\/2023\/03\/1-Autor-w-stroju-maskujacym-fot.-Konrad-Rozycki-1602x2048.jpg 1602w, https:\/\/turysta2.pttk.pl\/wp-content\/uploads\/2023\/03\/1-Autor-w-stroju-maskujacym-fot.-Konrad-Rozycki.jpg 2003w\" sizes=\"auto, (max-width: 235px) 100vw, 235px\" \/><\/a> <a href=\"https:\/\/turysta2.pttk.pl\/wp-content\/uploads\/2023\/03\/2.-Drzewo-okupowane-przez-trznadle-fot.-M.-Kaczorowski-AJ.jpg\"><img loading=\"lazy\" decoding=\"async\" class=\"alignnone size-medium wp-image-28491\" src=\"https:\/\/turysta2.pttk.pl\/wp-content\/uploads\/2023\/03\/2.-Drzewo-okupowane-przez-trznadle-fot.-M.-Kaczorowski-AJ-300x211.jpg\" alt=\"\" width=\"300\" height=\"211\" srcset=\"https:\/\/turysta2.pttk.pl\/wp-content\/uploads\/2023\/03\/2.-Drzewo-okupowane-przez-trznadle-fot.-M.-Kaczorowski-AJ-300x211.jpg 300w, https:\/\/turysta2.pttk.pl\/wp-content\/uploads\/2023\/03\/2.-Drzewo-okupowane-przez-trznadle-fot.-M.-Kaczorowski-AJ-1024x720.jpg 1024w, https:\/\/turysta2.pttk.pl\/wp-content\/uploads\/2023\/03\/2.-Drzewo-okupowane-przez-trznadle-fot.-M.-Kaczorowski-AJ-768x540.jpg 768w, https:\/\/turysta2.pttk.pl\/wp-content\/uploads\/2023\/03\/2.-Drzewo-okupowane-przez-trznadle-fot.-M.-Kaczorowski-AJ-1536x1080.jpg 1536w, https:\/\/turysta2.pttk.pl\/wp-content\/uploads\/2023\/03\/2.-Drzewo-okupowane-przez-trznadle-fot.-M.-Kaczorowski-AJ-2048x1440.jpg 2048w\" sizes=\"auto, (max-width: 300px) 100vw, 300px\" \/><\/a> <a href=\"https:\/\/turysta2.pttk.pl\/wp-content\/uploads\/2023\/03\/3.-Trznadel-z-bliska-fot.-M.-Kaczorowski-AJ.jpg\"><img loading=\"lazy\" decoding=\"async\" class=\"alignnone size-medium wp-image-28492\" src=\"https:\/\/turysta2.pttk.pl\/wp-content\/uploads\/2023\/03\/3.-Trznadel-z-bliska-fot.-M.-Kaczorowski-AJ-300x300.jpg\" alt=\"\" width=\"300\" height=\"300\" srcset=\"https:\/\/turysta2.pttk.pl\/wp-content\/uploads\/2023\/03\/3.-Trznadel-z-bliska-fot.-M.-Kaczorowski-AJ-300x300.jpg 300w, https:\/\/turysta2.pttk.pl\/wp-content\/uploads\/2023\/03\/3.-Trznadel-z-bliska-fot.-M.-Kaczorowski-AJ-1024x1024.jpg 1024w, https:\/\/turysta2.pttk.pl\/wp-content\/uploads\/2023\/03\/3.-Trznadel-z-bliska-fot.-M.-Kaczorowski-AJ-150x150.jpg 150w, https:\/\/turysta2.pttk.pl\/wp-content\/uploads\/2023\/03\/3.-Trznadel-z-bliska-fot.-M.-Kaczorowski-AJ-768x768.jpg 768w, https:\/\/turysta2.pttk.pl\/wp-content\/uploads\/2023\/03\/3.-Trznadel-z-bliska-fot.-M.-Kaczorowski-AJ-1536x1536.jpg 1536w, https:\/\/turysta2.pttk.pl\/wp-content\/uploads\/2023\/03\/3.-Trznadel-z-bliska-fot.-M.-Kaczorowski-AJ-2048x2048.jpg 2048w\" sizes=\"auto, (max-width: 300px) 100vw, 300px\" \/><\/a> <a href=\"https:\/\/turysta2.pttk.pl\/wp-content\/uploads\/2023\/03\/4.-Dzieciol-duzy-wytrwale-opukujacy-drzewo-fot.-M.-Kaczorowski_AJ.jpg\"><img loading=\"lazy\" decoding=\"async\" class=\"alignnone size-medium wp-image-28493\" src=\"https:\/\/turysta2.pttk.pl\/wp-content\/uploads\/2023\/03\/4.-Dzieciol-duzy-wytrwale-opukujacy-drzewo-fot.-M.-Kaczorowski_AJ-211x300.jpg\" alt=\"\" width=\"211\" height=\"300\" srcset=\"https:\/\/turysta2.pttk.pl\/wp-content\/uploads\/2023\/03\/4.-Dzieciol-duzy-wytrwale-opukujacy-drzewo-fot.-M.-Kaczorowski_AJ-211x300.jpg 211w, https:\/\/turysta2.pttk.pl\/wp-content\/uploads\/2023\/03\/4.-Dzieciol-duzy-wytrwale-opukujacy-drzewo-fot.-M.-Kaczorowski_AJ-720x1024.jpg 720w, https:\/\/turysta2.pttk.pl\/wp-content\/uploads\/2023\/03\/4.-Dzieciol-duzy-wytrwale-opukujacy-drzewo-fot.-M.-Kaczorowski_AJ-768x1092.jpg 768w, https:\/\/turysta2.pttk.pl\/wp-content\/uploads\/2023\/03\/4.-Dzieciol-duzy-wytrwale-opukujacy-drzewo-fot.-M.-Kaczorowski_AJ-1081x1536.jpg 1081w, https:\/\/turysta2.pttk.pl\/wp-content\/uploads\/2023\/03\/4.-Dzieciol-duzy-wytrwale-opukujacy-drzewo-fot.-M.-Kaczorowski_AJ-1441x2048.jpg 1441w, https:\/\/turysta2.pttk.pl\/wp-content\/uploads\/2023\/03\/4.-Dzieciol-duzy-wytrwale-opukujacy-drzewo-fot.-M.-Kaczorowski_AJ.jpg 1628w\" sizes=\"auto, (max-width: 211px) 100vw, 211px\" \/><\/a> <a href=\"https:\/\/turysta2.pttk.pl\/wp-content\/uploads\/2023\/03\/5.-Gagol-z-charakterystyczna-biala-plama-u-nasady-dzioba-fot.-M.-Kaczorowski-AJ.jpg\"><img loading=\"lazy\" decoding=\"async\" class=\"alignnone size-medium wp-image-28494\" src=\"https:\/\/turysta2.pttk.pl\/wp-content\/uploads\/2023\/03\/5.-Gagol-z-charakterystyczna-biala-plama-u-nasady-dzioba-fot.-M.-Kaczorowski-AJ-300x201.jpg\" alt=\"\" width=\"300\" height=\"201\" srcset=\"https:\/\/turysta2.pttk.pl\/wp-content\/uploads\/2023\/03\/5.-Gagol-z-charakterystyczna-biala-plama-u-nasady-dzioba-fot.-M.-Kaczorowski-AJ-300x201.jpg 300w, https:\/\/turysta2.pttk.pl\/wp-content\/uploads\/2023\/03\/5.-Gagol-z-charakterystyczna-biala-plama-u-nasady-dzioba-fot.-M.-Kaczorowski-AJ-1024x687.jpg 1024w, https:\/\/turysta2.pttk.pl\/wp-content\/uploads\/2023\/03\/5.-Gagol-z-charakterystyczna-biala-plama-u-nasady-dzioba-fot.-M.-Kaczorowski-AJ-768x515.jpg 768w, https:\/\/turysta2.pttk.pl\/wp-content\/uploads\/2023\/03\/5.-Gagol-z-charakterystyczna-biala-plama-u-nasady-dzioba-fot.-M.-Kaczorowski-AJ-1536x1030.jpg 1536w, https:\/\/turysta2.pttk.pl\/wp-content\/uploads\/2023\/03\/5.-Gagol-z-charakterystyczna-biala-plama-u-nasady-dzioba-fot.-M.-Kaczorowski-AJ-2048x1374.jpg 2048w\" sizes=\"auto, (max-width: 300px) 100vw, 300px\" \/><\/a> <a href=\"https:\/\/turysta2.pttk.pl\/wp-content\/uploads\/2023\/03\/7.-Samiec-krakwy-na-rzece-Jeziorce-fot.-M.-KaczorowskiAJ.jpg.jpg\"><img loading=\"lazy\" decoding=\"async\" class=\"alignnone size-medium wp-image-28495\" src=\"https:\/\/turysta2.pttk.pl\/wp-content\/uploads\/2023\/03\/7.-Samiec-krakwy-na-rzece-Jeziorce-fot.-M.-KaczorowskiAJ.jpg-300x211.jpg\" alt=\"\" width=\"300\" height=\"211\" srcset=\"https:\/\/turysta2.pttk.pl\/wp-content\/uploads\/2023\/03\/7.-Samiec-krakwy-na-rzece-Jeziorce-fot.-M.-KaczorowskiAJ.jpg-300x211.jpg 300w, https:\/\/turysta2.pttk.pl\/wp-content\/uploads\/2023\/03\/7.-Samiec-krakwy-na-rzece-Jeziorce-fot.-M.-KaczorowskiAJ.jpg-1024x721.jpg 1024w, https:\/\/turysta2.pttk.pl\/wp-content\/uploads\/2023\/03\/7.-Samiec-krakwy-na-rzece-Jeziorce-fot.-M.-KaczorowskiAJ.jpg-768x541.jpg 768w, https:\/\/turysta2.pttk.pl\/wp-content\/uploads\/2023\/03\/7.-Samiec-krakwy-na-rzece-Jeziorce-fot.-M.-KaczorowskiAJ.jpg-1536x1081.jpg 1536w, https:\/\/turysta2.pttk.pl\/wp-content\/uploads\/2023\/03\/7.-Samiec-krakwy-na-rzece-Jeziorce-fot.-M.-KaczorowskiAJ.jpg-2048x1441.jpg 2048w\" sizes=\"auto, (max-width: 300px) 100vw, 300px\" \/><\/a> <a href=\"https:\/\/turysta2.pttk.pl\/wp-content\/uploads\/2023\/03\/8.-Sojka-bacznie-obserwujaca-okolice-fot.-M.-Kaczorowski_AJ.jpg\"><img loading=\"lazy\" decoding=\"async\" class=\"alignnone size-medium wp-image-28496\" src=\"https:\/\/turysta2.pttk.pl\/wp-content\/uploads\/2023\/03\/8.-Sojka-bacznie-obserwujaca-okolice-fot.-M.-Kaczorowski_AJ-300x211.jpg\" alt=\"\" width=\"300\" height=\"211\" srcset=\"https:\/\/turysta2.pttk.pl\/wp-content\/uploads\/2023\/03\/8.-Sojka-bacznie-obserwujaca-okolice-fot.-M.-Kaczorowski_AJ-300x211.jpg 300w, https:\/\/turysta2.pttk.pl\/wp-content\/uploads\/2023\/03\/8.-Sojka-bacznie-obserwujaca-okolice-fot.-M.-Kaczorowski_AJ-1024x721.jpg 1024w, https:\/\/turysta2.pttk.pl\/wp-content\/uploads\/2023\/03\/8.-Sojka-bacznie-obserwujaca-okolice-fot.-M.-Kaczorowski_AJ-768x540.jpg 768w, https:\/\/turysta2.pttk.pl\/wp-content\/uploads\/2023\/03\/8.-Sojka-bacznie-obserwujaca-okolice-fot.-M.-Kaczorowski_AJ-1536x1081.jpg 1536w, https:\/\/turysta2.pttk.pl\/wp-content\/uploads\/2023\/03\/8.-Sojka-bacznie-obserwujaca-okolice-fot.-M.-Kaczorowski_AJ.jpg 1890w\" sizes=\"auto, (max-width: 300px) 100vw, 300px\" \/><\/a> <a href=\"https:\/\/turysta2.pttk.pl\/wp-content\/uploads\/2023\/03\/9.-Sarny-szukajace-na-polu-pokarmu-fot.-M.-Kaczorowski-AJ.-jpg-scaled.jpg\"><img loading=\"lazy\" decoding=\"async\" class=\"alignnone size-medium wp-image-28497\" src=\"https:\/\/turysta2.pttk.pl\/wp-content\/uploads\/2023\/03\/9.-Sarny-szukajace-na-polu-pokarmu-fot.-M.-Kaczorowski-AJ.-jpg-300x211.jpg\" alt=\"\" width=\"300\" height=\"211\" srcset=\"https:\/\/turysta2.pttk.pl\/wp-content\/uploads\/2023\/03\/9.-Sarny-szukajace-na-polu-pokarmu-fot.-M.-Kaczorowski-AJ.-jpg-300x211.jpg 300w, https:\/\/turysta2.pttk.pl\/wp-content\/uploads\/2023\/03\/9.-Sarny-szukajace-na-polu-pokarmu-fot.-M.-Kaczorowski-AJ.-jpg-1024x721.jpg 1024w, https:\/\/turysta2.pttk.pl\/wp-content\/uploads\/2023\/03\/9.-Sarny-szukajace-na-polu-pokarmu-fot.-M.-Kaczorowski-AJ.-jpg-768x541.jpg 768w, https:\/\/turysta2.pttk.pl\/wp-content\/uploads\/2023\/03\/9.-Sarny-szukajace-na-polu-pokarmu-fot.-M.-Kaczorowski-AJ.-jpg-1536x1081.jpg 1536w, https:\/\/turysta2.pttk.pl\/wp-content\/uploads\/2023\/03\/9.-Sarny-szukajace-na-polu-pokarmu-fot.-M.-Kaczorowski-AJ.-jpg-2048x1441.jpg 2048w\" sizes=\"auto, (max-width: 300px) 100vw, 300px\" \/><\/a><\/p>\n","protected":false},"excerpt":{"rendered":"Sympatyczn\u0105, kameraln\u0105 ekip\u0105 ruszamy samochodem w stron\u0119 p\u00f3l oborskich. Temperatura lekko na plusie, niebo w tonacjach szaro\u015bci z zapowiadanymi lekkimi opadami. Nic, tylko pi\u0107 spokojnie kaw\u0119 w domu albo\u2026\u00a0 jecha\u0107 na ptaki. Wybieramy tras\u0119: Gassy\u2013Konstancin\u2013Jeziorna. Zatrzymujemy si\u0119 w Gassach, gdzie schodzimy do pobliskiej przeprawy promowej, o tej porze roku okupowanej przez w\u0119dkarzy i ptactwo. Ci pierwsi niezbyt nas interesuj\u0105, natomiast&nbsp;<a href=\"https:\/\/turysta2.pttk.pl\/?p=28486\" class=\"read-more\">Continue Reading<\/a>","protected":false},"author":4,"featured_media":28487,"comment_status":"closed","ping_status":"closed","sticky":false,"template":"","format":"standard","meta":{"footnotes":""},"categories":[1,89],"tags":[],"class_list":["post-28486","post","type-post","status-publish","format-standard","has-post-thumbnail","hentry","category-bez-kategorii","category-blogi","cat-1-id","cat-89-id"],"aioseo_notices":[],"_links":{"self":[{"href":"https:\/\/turysta2.pttk.pl\/index.php?rest_route=\/wp\/v2\/posts\/28486","targetHints":{"allow":["GET"]}}],"collection":[{"href":"https:\/\/turysta2.pttk.pl\/index.php?rest_route=\/wp\/v2\/posts"}],"about":[{"href":"https:\/\/turysta2.pttk.pl\/index.php?rest_route=\/wp\/v2\/types\/post"}],"author":[{"embeddable":true,"href":"https:\/\/turysta2.pttk.pl\/index.php?rest_route=\/wp\/v2\/users\/4"}],"replies":[{"embeddable":true,"href":"https:\/\/turysta2.pttk.pl\/index.php?rest_route=%2Fwp%2Fv2%2Fcomments&post=28486"}],"version-history":[{"count":3,"href":"https:\/\/turysta2.pttk.pl\/index.php?rest_route=\/wp\/v2\/posts\/28486\/revisions"}],"predecessor-version":[{"id":28489,"href":"https:\/\/turysta2.pttk.pl\/index.php?rest_route=\/wp\/v2\/posts\/28486\/revisions\/28489"}],"wp:featuredmedia":[{"embeddable":true,"href":"https:\/\/turysta2.pttk.pl\/index.php?rest_route=\/wp\/v2\/media\/28487"}],"wp:attachment":[{"href":"https:\/\/turysta2.pttk.pl\/index.php?rest_route=%2Fwp%2Fv2%2Fmedia&parent=28486"}],"wp:term":[{"taxonomy":"category","embeddable":true,"href":"https:\/\/turysta2.pttk.pl\/index.php?rest_route=%2Fwp%2Fv2%2Fcategories&post=28486"},{"taxonomy":"post_tag","embeddable":true,"href":"https:\/\/turysta2.pttk.pl\/index.php?rest_route=%2Fwp%2Fv2%2Ftags&post=28486"}],"curies":[{"name":"wp","href":"https:\/\/api.w.org\/{rel}","templated":true}]}}